{"id":35630,"date":"2025-05-13T18:39:59","date_gmt":"2025-05-13T17:39:59","guid":{"rendered":"https:\/\/guineechrono.com\/?p=35630"},"modified":"2025-05-13T18:41:08","modified_gmt":"2025-05-13T17:41:08","slug":"lutte-contre-la-consommation-du-tabac-en-guinee-long-generation-sans-tabac-et-linstitut-itinerant-signent-un-partenariat","status":"publish","type":"post","link":"https:\/\/guineechrono.com\/index.php\/lutte-contre-la-consommation-du-tabac-en-guinee-long-generation-sans-tabac-et-linstitut-itinerant-signent-un-partenariat\/","title":{"rendered":"Lutte contre la consommation du tabac en Guin\u00e9e : l\u2019ONG G\u00e9n\u00e9ration sans tabac et l\u2019institut itin\u00e9rant signent un partenariat"},"content":{"rendered":"<p><strong>L\u2019Institut Itin\u00e9rant de Formation et de Pr\u00e9vention Int\u00e9gr\u00e9es contre la Drogue et Autres conduites Addictives (IIFPIDCA) a sign\u00e9 un partenariat avec l\u2019ONG sans tabac. C\u2019est dans le cadre de la lutte contre la consommation du tabac et d\u00e9riv\u00e9s en R\u00e9publique de Guin\u00e9e. La c\u00e9r\u00e9monie de signature s\u2019est d\u00e9roul\u00e9e ce mardi 13 mai 2025 \u00e0 Conakry en pr\u00e9sence des responsables de ces deux institutions. <\/strong><\/p>\n<p><strong> <img fetchpriority=\"high\" decoding=\"async\" class=\"alignnone size-medium wp-image-51710\" src=\"https:\/\/lavoixdupeuple.info\/wp-content\/uploads\/2025\/05\/IMG-20250513-WA0292-300x169.jpg\" alt=\"\" width=\"300\" height=\"169\" data-pin-no-hover=\"true\" \/><\/strong><\/p>\n<p>Dans sa communication, Thierno Bah, directeur g\u00e9n\u00e9ral de l\u2019IIFPIDCA, a rappel\u00e9 la mission qui lui a \u00e9t\u00e9 confi\u00e9e par le ministre de l\u2019enseignement sup\u00e9rieur. \u00ab\u00a0Notre ministre nous instruit d\u2019aller vers toutes les structures qui interviennent dans le cadre non seulement de la lutte contre la drogue mais aussi le tabac et l\u2019alcool pour collaborer avec eux en vue de leur renforcement de capacit\u00e9s, mais aussi de faire des activit\u00e9s avec des structures, des ONG qui interviennent en Guin\u00e9e\u00a0\u00bb.<\/p>\n<p><img decoding=\"async\" class=\"alignnone size-medium wp-image-51708\" src=\"https:\/\/lavoixdupeuple.info\/wp-content\/uploads\/2025\/05\/IMG-20250513-WA0291-300x169.jpg\" alt=\"\" width=\"300\" height=\"169\" data-pin-no-hover=\"true\" \/><\/p>\n<p>Poursuivant, il a expliqu\u00e9 pourquoi il faut sensibiliser les jeunes contre ces fl\u00e9aux.\u00a0\u00a0\u00ab\u00a0Avec la vision Simandou 2040, la g\u00e9n\u00e9ration d\u2019aujourd\u2019hui,\u00a0\u00a0les jeunes qui ont la tranche d\u2019\u00e2ge de 15 \u00e0 18 ans, auront respectivement 32-35 ans.\u00a0\u00a0Ce sont les vrais acteurs Simandou 2040. C\u2019est la raison pour laquelle il faut aller les sensibiliser en vue d\u2019un changement de comportement\u00a0\u00bb.<\/p>\n<p>Selon lui, le Tabac est un probl\u00e8me de sant\u00e9 publique majeur.\u00a0\u00a0\u00ab\u00a0Le tabac parraine plusieurs cancers aujourd\u2019hui, nous le savons avec l\u2019\u00e9tude que nous avons r\u00e9alis\u00e9e au niveau de l\u2019enseignement pr\u00e9-universitaire,\u00a0\u00a03,85 % des jeunes consomment le tabac.\u00a0\u00a0Donc, c\u2019est une pr\u00e9occupation nationale, c\u2019est la raison pour laquelle nous avons jug\u00e9 n\u00e9cessaire de signer une convention de partenariat avec cette ONG, g\u00e9n\u00e9ration sans Tabac\u00a0\u00bb.<\/p>\n<p>Plus loin, il a \u00e9num\u00e9r\u00e9 quelques axes de leur partenariat. \u00ab\u00a0les axes de partenariat, c\u2019est d\u2019abord le renforcement des capacit\u00e9s des deux acteurs, non seulement en mati\u00e8re de tout ce qui est communication en vue d\u2019un changement de comportement, mettre en place une plate-forme de renforcement de capacit\u00e9s, mais aussi une plate-forme de communication pour sensibiliser les gens \u00e0 travers les m\u00e9dias,\u00a0\u00a0les r\u00e9seaux sociaux en vue de changer leurs comportements, vis-\u00e0-vis de la consommation du tabac de la chicha, qui est un probl\u00e8me de sant\u00e9 publique aujourd\u2019hui,\u00a0\u00a045 % des jeunes filles consomment cette substance\u00a0\u00bb.<\/p>\n<p>Concernant leur participation \u00e0 la journ\u00e9e internationale contre le tabac, le DG pr\u00e9vient. \u00ab\u00a0C\u2019est une participation active dans le cadre de la journ\u00e9e internationale de\u00a0\u00a0la lutte contre le tabac,\u00a0\u00a0le 31 mai prochain. Nous allons organiser dans la r\u00e9gion de Kindia,\u00a0\u00a0pr\u00e9fecture de Coyah pour sensibiliser les jeunes sur les dangers li\u00e9s \u00e0 la consommation du tabac\u00a0\u00bb.<\/p>\n<p><img decoding=\"async\" class=\"alignnone size-medium wp-image-51711\" src=\"https:\/\/lavoixdupeuple.info\/wp-content\/uploads\/2025\/05\/IMG-20250513-WA0295-300x169.jpg\" alt=\"\" width=\"300\" height=\"169\" data-pin-no-hover=\"true\" \/><\/p>\n<p>Pour sa part, Ibrahima Sory Ciss\u00e9, pr\u00e9sident de l\u2019ONG \u2018\u2019g\u00e9n\u00e9ration sans tabac en Guin\u00e9e\u00a0se r\u00e9jouit de la signature de cette convention. \u00ab\u00a0Nous sommes tr\u00e8s ravis ce 13 mai 2025 de la signature de la convention de partenariat entre l\u2019institut itin\u00e9rant de la lutte contre la drogue et notre ONG, g\u00e9n\u00e9ration sans tabac. Cette signature de convention fait foi dans la lutte contre la drogue, la consommation de la cigarette, la consommation du tabac et d\u00e9riv\u00e9s.\u00a0\u00a0Nous ONG,\u00a0\u00a0g\u00e9n\u00e9ration sans tabac, nous l\u2019avons cr\u00e9\u00e9 pour sauver des vies humaines. Nous l\u2019avons cr\u00e9\u00e9 pour faire la promotion de la sant\u00e9,\u00a0\u00a0parce qu\u2019une population qui n\u2019est pas en bonne sant\u00e9 est appel\u00e9e \u00e0 dispara\u00eetre\u00a0\u00bb.<\/p>\n<p>Il a ensuite lanc\u00e9 un appel aux autorit\u00e9s comp\u00e9tentes pour leur accompagner \u00e0 lutter contre ce fl\u00e9au. \u00ab\u00a0Nous lan\u00e7ons un appel aux autorit\u00e9s, nous leur demandons d\u2019accompagner les ONG qui luttent contre tout ce qui est tabac et corollaire,\u00a0\u00a0contre tout ce qui est drogue et corollaires.<\/p>\n<p>Quand il y a la volont\u00e9 politique qui accompagne nos actions, nous allons voir le bout du tunnel\u00a0\u00bb.<\/p>\n<p>Selon lui, l\u2019ONG, g\u00e9n\u00e9ration sans tabac en Guin\u00e9e est l\u2019une des rares ONG en Afrique\u00a0\u00a0qui a pu\u00a0\u00a0au avec ses moyens\u00a0\u00a0de bord,\u00a0\u00a0participer \u00e0 des actions, tel que l\u2019a\u00e9roport sans tabac en Guin\u00e9e, la lutte contre la baisse des taxes au minist\u00e8re du commerce. \u00ab\u00a0Nous demandons au minist\u00e8re du Commerce d\u2019augmenter la taxe sur le tabac et d\u00e9riv\u00e9s,\u00a0\u00a0parce que quand la taxe est augment\u00e9e sur le tabac et d\u00e9riv\u00e9,\u00a0\u00a0le prix va flamber et le nombre de consommateurs de cigarette va diminuer\u00a0\u00bb, ajoute-t-il.<\/p>\n<p>Pour finir, il a attir\u00e9 l\u2019attention des autorit\u00e9s sur la ratification des diff\u00e9rentes conventions par la Guin\u00e9e. \u00ab\u00a0Concernant aussi les diff\u00e9rentes conventions internationales que la Guin\u00e9e a ratifi\u00e9es en mati\u00e8re de lutte contre le tabac et d\u00e9riv\u00e9s, nous sommes d\u00e9sol\u00e9s de dire au gouvernement que toutes ces conventions ratifi\u00e9es par la Guin\u00e9e ne sont pas appliqu\u00e9es sur le terrain\u00a0\u00bb, conclut le pr\u00e9sident de l\u2019ONG G\u00e9n\u00e9ration sans tabac.<\/p>\n<p><img loading=\"lazy\" decoding=\"async\" class=\"alignnone size-medium wp-image-51709\" src=\"https:\/\/lavoixdupeuple.info\/wp-content\/uploads\/2025\/05\/IMG-20250513-WA0296-300x169.jpg\" alt=\"\" width=\"300\" height=\"169\" data-pin-no-hover=\"true\" \/><\/p>\n<p><strong>R\u00e9daction <\/strong><\/p>\n<p><strong>\u00a0<\/strong><\/p>\n","protected":false},"excerpt":{"rendered":"<p>L\u2019Institut Itin\u00e9rant de Formation et de Pr\u00e9vention Int\u00e9gr\u00e9es contre la Drogue et Autres conduites Addictives (IIFPIDCA) a sign\u00e9 un partenariat avec l\u2019ONG sans tabac. C\u2019est dans le cadre de la lutte contre la consommation du tabac et d\u00e9riv\u00e9s en R\u00e9publique de Guin\u00e9e. La c\u00e9r\u00e9monie de signature s\u2019est d\u00e9roul\u00e9e ce mardi 13 mai 2025 \u00e0 Conakry [&hellip;]<\/p>\n","protected":false},"author":2,"featured_media":35631,"comment_status":"open","ping_status":"closed","sticky":false,"template":"","format":"standard","meta":{"buzzeditor_post_format":"","footnotes":""},"categories":[52],"tags":[],"class_list":["post-35630","post","type-post","status-publish","format-standard","has-post-thumbnail","hentry","category-sante"],"jetpack_featured_media_url":"https:\/\/guineechrono.com\/wp-content\/uploads\/2025\/05\/tabac.jpg","amp_enabled":true,"_links":{"self":[{"href":"https:\/\/guineechrono.com\/index.php\/wp-json\/wp\/v2\/posts\/35630","targetHints":{"allow":["GET"]}}],"collection":[{"href":"https:\/\/guineechrono.com\/index.php\/wp-json\/wp\/v2\/posts"}],"about":[{"href":"https:\/\/guineechrono.com\/index.php\/wp-json\/wp\/v2\/types\/post"}],"author":[{"embeddable":true,"href":"https:\/\/guineechrono.com\/index.php\/wp-json\/wp\/v2\/users\/2"}],"replies":[{"embeddable":true,"href":"https:\/\/guineechrono.com\/index.php\/wp-json\/wp\/v2\/comments?post=35630"}],"version-history":[{"count":2,"href":"https:\/\/guineechrono.com\/index.php\/wp-json\/wp\/v2\/posts\/35630\/revisions"}],"predecessor-version":[{"id":35633,"href":"https:\/\/guineechrono.com\/index.php\/wp-json\/wp\/v2\/posts\/35630\/revisions\/35633"}],"wp:featuredmedia":[{"embeddable":true,"href":"https:\/\/guineechrono.com\/index.php\/wp-json\/wp\/v2\/media\/35631"}],"wp:attachment":[{"href":"https:\/\/guineechrono.com\/index.php\/wp-json\/wp\/v2\/media?parent=35630"}],"wp:term":[{"taxonomy":"category","embeddable":true,"href":"https:\/\/guineechrono.com\/index.php\/wp-json\/wp\/v2\/categories?post=35630"},{"taxonomy":"post_tag","embeddable":true,"href":"https:\/\/guineechrono.com\/index.php\/wp-json\/wp\/v2\/tags?post=35630"}],"curies":[{"name":"wp","href":"https:\/\/api.w.org\/{rel}","templated":true}]}}