{"id":35641,"date":"2025-05-14T18:21:27","date_gmt":"2025-05-14T17:21:27","guid":{"rendered":"https:\/\/guineechrono.com\/?p=35641"},"modified":"2025-05-14T18:21:27","modified_gmt":"2025-05-14T17:21:27","slug":"guinee-aboubacar-camara-salut-les-prouesses-du-fodac-sur-appel-a-la-candidature-pour-le-financement-des-projets-culturels","status":"publish","type":"post","link":"https:\/\/guineechrono.com\/index.php\/guinee-aboubacar-camara-salut-les-prouesses-du-fodac-sur-appel-a-la-candidature-pour-le-financement-des-projets-culturels\/","title":{"rendered":"Guin\u00e9e : Aboubacar Camara salut les prouesses du FODAC sur appel \u00e0 la candidature pour le financement des projets culturels"},"content":{"rendered":"<p><strong>Depuis 2016, les autorit\u00e9s guin\u00e9ennes, \u00e0\u00a0 travers un d\u00e9cret pr\u00e9sidentiel, ont mis en place le Fonds de D\u00e9veloppement des Arts et de la Culture (FODAC). Mais, pour faute de moyens, le Fonds n\u2019\u00e9tait pas op\u00e9rationnel. Il a fallu l\u2019arriv\u00e9e des autorit\u00e9s du CNRD, \u00e0 sa t\u00eate le g\u00e9n\u00e9ral Mamadi Doumbouya, qui a enfin rendu l\u2019institution op\u00e9rationnelle.<\/strong><\/p>\n<p>Suite \u00e0\u00a0 la disponibilit\u00e9 de moyens, le directeur g\u00e9n\u00e9ral du FODAC, Malick K\u00e9b\u00e9 \u00e9tait devant la presse\u00a0 ce mardi, 13 mai 2025, pour annoncer aux acteurs culturels, l\u2019appel \u00e0 candidature sur des projets culturels et artistiques, qui sera officiellement lanc\u00e9 dans quelques jours.<\/p>\n<p>Le DG \u00e9tait entour\u00e9 de son adjoint et quelques partenaires de cet \u00e9v\u00e9nement.<\/p>\n<p>A cette occasion, le directeur g\u00e9n\u00e9ral du FODAC, Malick K\u00e9b\u00e9\u00a0 a fait savoir que,\u00a0 l\u2019objectif de ce projet vise \u00e0 soutenir la cr\u00e9ation artistique dans les disciplines \u00e9ligibles ; encourager la diversit\u00e9 et l\u2019innovation dans les pratiques artistiques en Guin\u00e9e \u00e0 l\u2019international ; valoriser les talents guin\u00e9ens et renforcer leur visibilit\u00e9 locale et internationale ; favoriser les retomb\u00e9es \u00e9conomiques et sociales des initiatives culturelles ; promouvoir l\u2019\u00e9galit\u00e9 du genre, l\u2019inclusion et la coh\u00e9sion \u00e0 travers la culture.<\/p>\n<p>Prenant part \u00e0 cette rencontre, les acteurs culturels, notamment le Directeur g\u00e9n\u00e9ral de l\u2019agence \u00c9litecom et responsable du projet \u00ab Les Victoires du Mus\u00e9e Guin\u00e9e \u00bb, Aboubacar Mamadou Camara, a qualifi\u00e9 la rencontre d\u2019enrichissante.<\/p>\n<p>Selon lui, la bonne nouvelle r\u00e9side dans la disponibilit\u00e9 du fonds. <em>\u00ab\u00a0Un appel \u00e0 projets est pr\u00e9vu pour juin. Tous les porteurs de projets peuvent soumissionner en respectant les crit\u00e8res \u00e9tablis. Ce qu\u2019il faut surtout retenir, c\u2019est la n\u00e9cessit\u00e9 de structurer des projets bancables, avec notamment les 30% de cofinancement d\u00e9j\u00e0 mobilis\u00e9s \u00bb,<\/em>\u00a0a-t-il soulign\u00e9.<\/p>\n<p>Cette dynamique constitue une avanc\u00e9e majeure pour le rayonnement de la culture guin\u00e9enne, ajoute le promoteur culturel qui rappelle que les acteurs culturels peinaient auparavant \u00e0 obtenir des financements.<\/p>\n<p><em>\u00ab Il y a beaucoup d\u2019initiatives, mais le manque de subventions reste un frein. Avec les nouveaux m\u00e9canismes du FODAC, nous esp\u00e9rons que de nombreux projets culturels guin\u00e9ens seront soutenus et contribueront \u00e0 l\u2019essor culturel de notre pays \u00bb<\/em>, a-t-il conclu.<\/p>\n<p><strong>Source\u00a0: flammeguinee.com <\/strong><\/p>\n<p>&nbsp;<\/p>\n","protected":false},"excerpt":{"rendered":"<p>Depuis 2016, les autorit\u00e9s guin\u00e9ennes, \u00e0\u00a0 travers un d\u00e9cret pr\u00e9sidentiel, ont mis en place le Fonds de D\u00e9veloppement des Arts et de la Culture (FODAC). Mais, pour faute de moyens, le Fonds n\u2019\u00e9tait pas op\u00e9rationnel. Il a fallu l\u2019arriv\u00e9e des autorit\u00e9s du CNRD, \u00e0 sa t\u00eate le g\u00e9n\u00e9ral Mamadi Doumbouya, qui a enfin rendu l\u2019institution [&hellip;]<\/p>\n","protected":false},"author":2,"featured_media":35642,"comment_status":"open","ping_status":"closed","sticky":false,"template":"","format":"standard","meta":{"buzzeditor_post_format":"","footnotes":""},"categories":[47],"tags":[],"class_list":["post-35641","post","type-post","status-publish","format-standard","has-post-thumbnail","hentry","category-culture"],"jetpack_featured_media_url":"https:\/\/guineechrono.com\/wp-content\/uploads\/2025\/05\/boubaa.jpg","amp_enabled":true,"_links":{"self":[{"href":"https:\/\/guineechrono.com\/index.php\/wp-json\/wp\/v2\/posts\/35641","targetHints":{"allow":["GET"]}}],"collection":[{"href":"https:\/\/guineechrono.com\/index.php\/wp-json\/wp\/v2\/posts"}],"about":[{"href":"https:\/\/guineechrono.com\/index.php\/wp-json\/wp\/v2\/types\/post"}],"author":[{"embeddable":true,"href":"https:\/\/guineechrono.com\/index.php\/wp-json\/wp\/v2\/users\/2"}],"replies":[{"embeddable":true,"href":"https:\/\/guineechrono.com\/index.php\/wp-json\/wp\/v2\/comments?post=35641"}],"version-history":[{"count":1,"href":"https:\/\/guineechrono.com\/index.php\/wp-json\/wp\/v2\/posts\/35641\/revisions"}],"predecessor-version":[{"id":35643,"href":"https:\/\/guineechrono.com\/index.php\/wp-json\/wp\/v2\/posts\/35641\/revisions\/35643"}],"wp:featuredmedia":[{"embeddable":true,"href":"https:\/\/guineechrono.com\/index.php\/wp-json\/wp\/v2\/media\/35642"}],"wp:attachment":[{"href":"https:\/\/guineechrono.com\/index.php\/wp-json\/wp\/v2\/media?parent=35641"}],"wp:term":[{"taxonomy":"category","embeddable":true,"href":"https:\/\/guineechrono.com\/index.php\/wp-json\/wp\/v2\/categories?post=35641"},{"taxonomy":"post_tag","embeddable":true,"href":"https:\/\/guineechrono.com\/index.php\/wp-json\/wp\/v2\/tags?post=35641"}],"curies":[{"name":"wp","href":"https:\/\/api.w.org\/{rel}","templated":true}]}}