{"id":35672,"date":"2025-05-17T11:46:44","date_gmt":"2025-05-17T10:46:44","guid":{"rendered":"https:\/\/guineechrono.com\/?p=35672"},"modified":"2025-05-17T11:46:44","modified_gmt":"2025-05-17T10:46:44","slug":"les-fumees-mortelles-de-la-decharge-de-dar-es-salam-quand-les-dechets-emportent-limam-sylla","status":"publish","type":"post","link":"https:\/\/guineechrono.com\/index.php\/les-fumees-mortelles-de-la-decharge-de-dar-es-salam-quand-les-dechets-emportent-limam-sylla\/","title":{"rendered":"Les fum\u00e9es mortelles de la d\u00e9charge de Dar-Es-Salam : Quand les d\u00e9chets emportent l\u2019imam Sylla"},"content":{"rendered":"<p><strong>Depuis plus de trente ans, une ombre toxique plane sur Dar-Es-Salam 2, \u00e0 Conakry : la d\u00e9charge de la Mini\u00e8re. Un monstre de d\u00e9chets qui exhale sans rel\u00e2che des fum\u00e9es \u00e2cres, un poison lent qui s\u2019insinue dans les poumons fragiles des enfants et des vieillards.<\/strong><\/p>\n<p>Ici, l\u2019air m\u00eame est un ennemi, chaque inspiration une lutte, chaque jour une menace. Les jeunes innocents toussent sans fin, leurs petites poitrines se contractant douloureusement, tandis que les anciens, gardiens de la m\u00e9moire, voient leur souffle s\u2019\u00e9teindre, emport\u00e9 par le fl\u00e9au invisible.<\/p>\n<p>Le d\u00e9c\u00e8s de Mohamed Khalib Sylla, le premier imam, la figure v\u00e9n\u00e9r\u00e9e de la grande mosqu\u00e9e centrale, est venu d\u00e9chirer le voile de l\u2019indiff\u00e9rence. Sa mort n\u2019est pas une fatalit\u00e9, mais le cri silencieux d\u2019une communaut\u00e9 asphyxi\u00e9e.<\/p>\n<p>Ses poumons, autrefois remplis de pri\u00e8res et de sagesse, ont \u00e9t\u00e9 rong\u00e9s par le souffle impur de la d\u00e9charge. Malgr\u00e9 les suppliques, les appels d\u00e9sesp\u00e9r\u00e9s lanc\u00e9s vers des oreilles rest\u00e9es sourdes, il a succomb\u00e9, victime innocente d\u2019une n\u00e9gligence criminelle.<\/p>\n<p>Aujourd\u2019hui, Dar-Es-Salam 2 n\u2019est plus seulement un quartier, mais un th\u00e9\u00e2tre de l\u2019horreur o\u00f9 la vie se consume lentement sous l\u2019effet des d\u00e9chets. La fermeture de cette plaie b\u00e9ante, une gestion digne de ce nom, ne sont plus de simples revendications, mais un imp\u00e9ratif vital. Combien d\u2019autres vies devront \u00eatre sacrifi\u00e9es sur l\u2019autel de l\u2019inaction ?<\/p>\n<p>Il est temps, plus que temps, que les autorit\u00e9s brisent les cha\u00eenes de l\u2019indiff\u00e9rence et offrent \u00e0 ces \u00e2mes vuln\u00e9rables le droit fondamental de respirer un air pur, d\u2019esp\u00e9rer un avenir o\u00f9 la vie ne soit pas une lutte constante contre la mort invisible qui s\u2019\u00e9chappe de la Mini\u00e8re.<\/p>\n<p>L\u2019urgence est l\u00e0, palpable, dans chaque toux d\u2019enfant, dans chaque souffle court d\u2019un a\u00een\u00e9, dans le souvenir douloureux d\u2019un imam emport\u00e9 par le poison de nos d\u00e9chets.<\/p>\n<p><strong>source: leverificateur.net<br \/>\n<\/strong><\/p>\n<p>&nbsp;<\/p>\n","protected":false},"excerpt":{"rendered":"<p>Depuis plus de trente ans, une ombre toxique plane sur Dar-Es-Salam 2, \u00e0 Conakry : la d\u00e9charge de la Mini\u00e8re. Un monstre de d\u00e9chets qui exhale sans rel\u00e2che des fum\u00e9es \u00e2cres, un poison lent qui s\u2019insinue dans les poumons fragiles des enfants et des vieillards. Ici, l\u2019air m\u00eame est un ennemi, chaque inspiration une lutte, [&hellip;]<\/p>\n","protected":false},"author":2,"featured_media":35673,"comment_status":"open","ping_status":"closed","sticky":false,"template":"","format":"standard","meta":{"buzzeditor_post_format":"","footnotes":""},"categories":[42],"tags":[],"class_list":["post-35672","post","type-post","status-publish","format-standard","has-post-thumbnail","hentry","category-news"],"jetpack_featured_media_url":"https:\/\/guineechrono.com\/wp-content\/uploads\/2025\/05\/imama.webp","amp_enabled":true,"_links":{"self":[{"href":"https:\/\/guineechrono.com\/index.php\/wp-json\/wp\/v2\/posts\/35672","targetHints":{"allow":["GET"]}}],"collection":[{"href":"https:\/\/guineechrono.com\/index.php\/wp-json\/wp\/v2\/posts"}],"about":[{"href":"https:\/\/guineechrono.com\/index.php\/wp-json\/wp\/v2\/types\/post"}],"author":[{"embeddable":true,"href":"https:\/\/guineechrono.com\/index.php\/wp-json\/wp\/v2\/users\/2"}],"replies":[{"embeddable":true,"href":"https:\/\/guineechrono.com\/index.php\/wp-json\/wp\/v2\/comments?post=35672"}],"version-history":[{"count":1,"href":"https:\/\/guineechrono.com\/index.php\/wp-json\/wp\/v2\/posts\/35672\/revisions"}],"predecessor-version":[{"id":35674,"href":"https:\/\/guineechrono.com\/index.php\/wp-json\/wp\/v2\/posts\/35672\/revisions\/35674"}],"wp:featuredmedia":[{"embeddable":true,"href":"https:\/\/guineechrono.com\/index.php\/wp-json\/wp\/v2\/media\/35673"}],"wp:attachment":[{"href":"https:\/\/guineechrono.com\/index.php\/wp-json\/wp\/v2\/media?parent=35672"}],"wp:term":[{"taxonomy":"category","embeddable":true,"href":"https:\/\/guineechrono.com\/index.php\/wp-json\/wp\/v2\/categories?post=35672"},{"taxonomy":"post_tag","embeddable":true,"href":"https:\/\/guineechrono.com\/index.php\/wp-json\/wp\/v2\/tags?post=35672"}],"curies":[{"name":"wp","href":"https:\/\/api.w.org\/{rel}","templated":true}]}}