{"id":35692,"date":"2025-05-19T11:24:00","date_gmt":"2025-05-19T10:24:00","guid":{"rendered":"https:\/\/guineechrono.com\/?p=35692"},"modified":"2025-05-19T11:24:00","modified_gmt":"2025-05-19T10:24:00","slug":"amirou-conte-chaque-musee-est-un-sanctuaire-de-notre-histoire-un-depositaire-de-nos-luttes-de-notre-diversite-et-de-notre-identite","status":"publish","type":"post","link":"https:\/\/guineechrono.com\/index.php\/amirou-conte-chaque-musee-est-un-sanctuaire-de-notre-histoire-un-depositaire-de-nos-luttes-de-notre-diversite-et-de-notre-identite\/","title":{"rendered":"Amirou Cont\u00e9 : \u00ab Chaque mus\u00e9e est un sanctuaire de notre histoire, un d\u00e9positaire de nos luttes, de notre diversit\u00e9 et de notre identit\u00e9 \u00bb"},"content":{"rendered":"<p>\u00c0 l\u2019occasion de la Journ\u00e9e Internationale des Mus\u00e9es, c\u00e9l\u00e9br\u00e9e ce 18 mai 2025, le Directeur G\u00e9n\u00e9ral du Mus\u00e9e National de Guin\u00e9e, Mohamed Amirou Cont\u00e9, a livr\u00e9 un message fort sur l\u2019avenir des mus\u00e9es dans un monde en mutation. Cette journ\u00e9e mondiale, plac\u00e9e cette ann\u00e9e sous le th\u00e8me \u00ab L\u2019avenir des mus\u00e9es au sein des communaut\u00e9s en constante \u00e9volution \u00bb, a \u00e9t\u00e9 l\u2019occasion de rappeler le r\u00f4le fondamental des mus\u00e9es dans la transmission de la m\u00e9moire collective et dans la construction d\u2019un futur durable.<\/p>\n<p>Le Mus\u00e9e National de Guin\u00e9e, tout comme d\u2019autres institutions culturelles du pays, s\u2019impose comme un espace de pr\u00e9servation, mais aussi de r\u00e9flexion, d\u2019\u00e9ducation et d\u2019engagement. \u00ab Chaque mus\u00e9e est un sanctuaire de notre histoire, un d\u00e9positaire de nos luttes, de notre diversit\u00e9 et de notre identit\u00e9 \u00bb, a soulign\u00e9 Mohamed Amirou Cont\u00e9, appelant \u00e0 r\u00e9inventer la mission des mus\u00e9es au service des citoyens.<\/p>\n<p>Pour le directeur g\u00e9n\u00e9ral, les mus\u00e9es ne doivent plus \u00eatre des lieux fig\u00e9s, mais des espaces dynamiques, ouverts, inclusifs et r\u00e9solument tourn\u00e9s vers les pr\u00e9occupations contemporaines : changement climatique, diversit\u00e9 culturelle, droits humains, innovation num\u00e9rique. \u00ab Ils doivent \u00e9voluer, int\u00e9grer les nouvelles technologies, renforcer leur ancrage local et proposer des exp\u00e9riences plus participatives \u00bb, a-t-il insist\u00e9.<\/p>\n<p>Cette dynamique s\u2019inscrit pleinement dans la volont\u00e9 du Gouvernement guin\u00e9en de moderniser et de renforcer les infrastructures mus\u00e9ales. Sous l\u2019impulsion du pr\u00e9sident G\u00e9n\u00e9ral Mamadi Doumbouya et avec le leadership du ministre de la Culture Moussa Mo\u00efse Sylla, des travaux ambitieux de r\u00e9novation et d\u2019extension du Mus\u00e9e National de Guin\u00e9e ont \u00e9t\u00e9 engag\u00e9s, avec l\u2019appui de l\u2019Agence Fran\u00e7aise de D\u00e9veloppement. Des actions similaires sont pr\u00e9vues pour les mus\u00e9es r\u00e9gionaux et pr\u00e9fectoraux afin d\u2019\u00e9tendre cette politique \u00e0 l\u2019\u00e9chelle nationale.<\/p>\n<p>Le message a aussi \u00e9t\u00e9 l\u2019occasion de rendre hommage aux professionnels de la culture : conservateurs, artistes, techniciens et personnels des mus\u00e9es. Leur passion et leur engagement quotidien font vivre le patrimoine guin\u00e9en, le pr\u00e9servent et le transmettent aux g\u00e9n\u00e9rations futures.<\/p>\n<p>En cette Journ\u00e9e Internationale des Mus\u00e9es, les autorit\u00e9s appellent les citoyens \u00e0 se r\u00e9approprier leurs lieux de m\u00e9moire, \u00e0 les visiter, les faire vivre et \u00e0 croire au pouvoir transformateur de la culture. Plus qu\u2019un simple rendez-vous comm\u00e9moratif, cette date s\u2019affirme comme un appel collectif \u00e0 b\u00e2tir des mus\u00e9es vivants, inclusifs et connect\u00e9s au monde.<\/p>\n<p><strong>Source\u00a0: generations224.info <\/strong><\/p>\n","protected":false},"excerpt":{"rendered":"<p>\u00c0 l\u2019occasion de la Journ\u00e9e Internationale des Mus\u00e9es, c\u00e9l\u00e9br\u00e9e ce 18 mai 2025, le Directeur G\u00e9n\u00e9ral du Mus\u00e9e National de Guin\u00e9e, Mohamed Amirou Cont\u00e9, a livr\u00e9 un message fort sur l\u2019avenir des mus\u00e9es dans un monde en mutation. Cette journ\u00e9e mondiale, plac\u00e9e cette ann\u00e9e sous le th\u00e8me \u00ab L\u2019avenir des mus\u00e9es au sein des communaut\u00e9s [&hellip;]<\/p>\n","protected":false},"author":2,"featured_media":35693,"comment_status":"open","ping_status":"closed","sticky":false,"template":"","format":"standard","meta":{"buzzeditor_post_format":"","footnotes":""},"categories":[47],"tags":[],"class_list":["post-35692","post","type-post","status-publish","format-standard","has-post-thumbnail","hentry","category-culture"],"jetpack_featured_media_url":"https:\/\/guineechrono.com\/wp-content\/uploads\/2025\/05\/amirou.jpg","amp_enabled":true,"_links":{"self":[{"href":"https:\/\/guineechrono.com\/index.php\/wp-json\/wp\/v2\/posts\/35692","targetHints":{"allow":["GET"]}}],"collection":[{"href":"https:\/\/guineechrono.com\/index.php\/wp-json\/wp\/v2\/posts"}],"about":[{"href":"https:\/\/guineechrono.com\/index.php\/wp-json\/wp\/v2\/types\/post"}],"author":[{"embeddable":true,"href":"https:\/\/guineechrono.com\/index.php\/wp-json\/wp\/v2\/users\/2"}],"replies":[{"embeddable":true,"href":"https:\/\/guineechrono.com\/index.php\/wp-json\/wp\/v2\/comments?post=35692"}],"version-history":[{"count":1,"href":"https:\/\/guineechrono.com\/index.php\/wp-json\/wp\/v2\/posts\/35692\/revisions"}],"predecessor-version":[{"id":35694,"href":"https:\/\/guineechrono.com\/index.php\/wp-json\/wp\/v2\/posts\/35692\/revisions\/35694"}],"wp:featuredmedia":[{"embeddable":true,"href":"https:\/\/guineechrono.com\/index.php\/wp-json\/wp\/v2\/media\/35693"}],"wp:attachment":[{"href":"https:\/\/guineechrono.com\/index.php\/wp-json\/wp\/v2\/media?parent=35692"}],"wp:term":[{"taxonomy":"category","embeddable":true,"href":"https:\/\/guineechrono.com\/index.php\/wp-json\/wp\/v2\/categories?post=35692"},{"taxonomy":"post_tag","embeddable":true,"href":"https:\/\/guineechrono.com\/index.php\/wp-json\/wp\/v2\/tags?post=35692"}],"curies":[{"name":"wp","href":"https:\/\/api.w.org\/{rel}","templated":true}]}}