{"id":3570,"date":"2019-04-04T13:43:28","date_gmt":"2019-04-04T12:43:28","guid":{"rendered":"http:\/\/guineechrono.com\/?p=3570"},"modified":"2020-05-19T16:34:39","modified_gmt":"2020-05-19T15:34:39","slug":"algerie-abdelaziz-bouteflika-fait-ses-adieux-et-demande-pardon","status":"publish","type":"post","link":"https:\/\/guineechrono.com\/index.php\/algerie-abdelaziz-bouteflika-fait-ses-adieux-et-demande-pardon\/","title":{"rendered":"Alg\u00e9rie : Abdelaziz Bouteflika fait ses adieux et demande pardon"},"content":{"rendered":"<p><strong>Le Conseil constitutionnel a ent\u00e9rin\u00e9, mercredi 3 avril au soir, la d\u00e9mission d&rsquo;Abdelaziz Bouteflika. Et dans la soir\u00e9e, l&rsquo;ex-pr\u00e9sident d\u00e9missionnaire a demand\u00e9 pardon aux Alg\u00e9riens dans une lettre d&rsquo;\u00ab\u00a0adieux\u00a0\u00bb. De son c\u00f4t\u00e9, le gouvernement a annonc\u00e9 une premi\u00e8re s\u00e9rie de mesures d&rsquo;ouverture en direction de la presse, de l&rsquo;opposition et des syndicats.<\/strong><\/p>\n<p>L&rsquo;agence officielle de presse APS a publi\u00e9 ce mercredi soir<a href=\"http:\/\/www.aps.dz\/algerie\/87630-message-du-president-de-la-republique-sortant-abdelaziz-bouteflika-au-peuple-algerien\">\u00a0une lettre d&rsquo;Abdelaziz Bouteflika<\/a>. C\u2019est un ultime message. Une lettre qu\u2019Abdelaziz Bouteflika adresse aux Alg\u00e9riens au lendemain de sa d\u00e9mission. Une lettre o\u00f9 il reconna\u00eet des erreurs et o\u00f9 il demande \u00e0 \u00eatre excus\u00e9. \u00ab\u00a0<em>Comme toute chose a une fin, je vous fais mes adieux m\u00eame s&rsquo;il n&rsquo;est pas facile pour moi de vous exprimer toute la sinc\u00e9rit\u00e9 de mes sentiments<\/em>\u00a0\u00bb, \u00e9crit le pr\u00e9sident alg\u00e9rien.<\/p>\n<p>Il dit \u00eatre fier de sa contribution et se f\u00e9licite des \u00ab\u00a0<em>progr\u00e8s notables<\/em>\u00a0\u00bb r\u00e9alis\u00e9s en 20 ans, \u00ab\u00a0<em>dans tous les domaines. Il \u00e9crit \u00ab les ann\u00e9es se sont succ\u00e9d\u00e9, tant\u00f4t maigres et tant\u00f4t prosp\u00e8res, donnant lieu aux actions qui ont \u00e9t\u00e9 les miennes, certaines satisfaisantes<br \/>\net d&rsquo;autres moins<\/em>\u00a0\u00bb.<\/p>\n<p>Il s\u2019excuse de tout manquement \u00e0 l\u2019encontre des Alg\u00e9riens, pr\u00e9cisant que l\u2019erreur est humaine. Il remercie les Alg\u00e9riens, les invite \u00e0 maintenir du respect pour tous ceux qui ont combattu pour l\u2019ind\u00e9pendance du pays et leur demande de rester unis. Il conclut\u00a0: \u00ab\u00a0<em>Je quitte la sc\u00e8ne politique sans tristesse ni peur pour l&rsquo;avenir de notre pays<\/em>\u00a0\u00bb. Un nouveau geste d\u2019apaisement des autorit\u00e9s vis-\u00e0-vis de la population qui pr\u00e9voit de manifester ce vendredi.<\/p>\n<p>Dans le m\u00eame temps, le nouveau gouvernement a fait des gestes d&rsquo;ouverture envers la presse, l&rsquo;opposition, les associations et les syndicats. Lors d&rsquo;une r\u00e9union pr\u00e9sid\u00e9e par le Premier ministre Noureddine Bedoui, il promet \u00ab\u00a0<em>plus de transparence et d\u2019objectivit\u00e9\u00a0<\/em>\u00bb.<\/p>\n<p>Le premier secteur concern\u00e9, c\u2019est la presse. Le gouvernement assure que la publicit\u00e9 publique sera distribu\u00e9e sans discrimination entre m\u00e9dias publics et priv\u00e9s. Comme dans de nombreux pays, la presse vit gr\u00e2ce \u00e0 la publicit\u00e9 mais, en Alg\u00e9rie, cette manne publicitaire est aussi entre les mains de l\u2019\u00c9tat. Des journalistes et des patrons de presse ont d\u00e9nonc\u00e9, \u00e0 plusieurs reprises, le fait que la publicit\u00e9 soit un outil pour les autorit\u00e9s pour influencer le contenu des journaux.<\/p>\n<p>Mais certains professionnels des m\u00e9dias doutent de la sinc\u00e9rit\u00e9 de cette annonce. \u00c0 l&rsquo;image d&rsquo;Omar Belouchet, le directeur du quotidien\u00a0<em>El Watan<\/em>.<\/p>\n<p>Deuxi\u00e8me secteur concern\u00e9\u00a0: les associations, les syndicats et les partis politiques. Le gouvernement promet d\u2019examiner les dossiers de demandes d\u2019agr\u00e9ment d\u00e9pos\u00e9s aupr\u00e8s des minist\u00e8res. Car en Alg\u00e9rie, ces organisations doivent obtenir l\u2019accord du minist\u00e8re de l\u2019Int\u00e9rieur ou du Travail pour \u00eatre cr\u00e9\u00e9es. Ces derniers mois, les autorit\u00e9s avaient fait une liste restrictive des syndicats autoris\u00e9s et les associations, elles, se plaignaient de contraintes de plus en plus grandes.<\/p>\n<p>Apr\u00e8s plus de six semaines de mobilisation, la soci\u00e9t\u00e9 civile, fragilis\u00e9e par de multiples barri\u00e8res administratives, et particuli\u00e8rement vis\u00e9e par des mesures de r\u00e9torsion ces derniers mois, serait donc la premi\u00e8re b\u00e9n\u00e9ficiaire de la mise en place du nouveau gouvernement. Un gouvernement pr\u00e9sent\u00e9 comme celui de l\u2019ouverture. Et cette mesure \u00e9tait la premi\u00e8re apr\u00e8s la d\u00e9mission d\u2019Abdelaziz Bouteflika.<\/p>\n<p>Cela aurait pu \u00eatre un symbole fort si des mesures similaires n\u2019avaient pas \u00e9t\u00e9 propos\u00e9es par le pr\u00e9sident alg\u00e9rien lors de son discours du 15 avril 2011, promettant des r\u00e9formes. Huit ans plus tard pourtant, la d\u00e9fiance envers les partis politiques a explos\u00e9, des journaux, priv\u00e9s du jour au lendemain de publicit\u00e9 ont mis la cl\u00e9 sous la porte et les associations d\u00e9non\u00e7aient une loi liberticide. Et c\u2019est l\u2019un des facteurs qui est \u00e0 l\u2019origine du mouvement populaire.<\/p>\n<p><strong>rfi<\/strong><\/p>\n<p>&nbsp;<\/p>\n","protected":false},"excerpt":{"rendered":"<p>Le Conseil constitutionnel a ent\u00e9rin\u00e9, mercredi 3 avril au soir, la d\u00e9mission d&rsquo;Abdelaziz Bouteflika. Et dans la soir\u00e9e, l&rsquo;ex-pr\u00e9sident d\u00e9missionnaire a demand\u00e9 pardon aux Alg\u00e9riens dans une lettre d&rsquo;\u00ab\u00a0adieux\u00a0\u00bb. De son c\u00f4t\u00e9, le gouvernement a annonc\u00e9 une premi\u00e8re s\u00e9rie de mesures d&rsquo;ouverture en direction de la presse, de l&rsquo;opposition et des syndicats. L&rsquo;agence officielle de [&hellip;]<\/p>\n","protected":false},"author":2,"featured_media":3571,"comment_status":"open","ping_status":"closed","sticky":false,"template":"","format":"standard","meta":{"buzzeditor_post_format":"","footnotes":""},"categories":[1,43],"tags":[],"class_list":["post-3570","post","type-post","status-publish","format-standard","has-post-thumbnail","hentry","category-non-classe","category-politique"],"jetpack_featured_media_url":"https:\/\/guineechrono.com\/wp-content\/uploads\/2019\/04\/aziz.jpg","amp_enabled":true,"_links":{"self":[{"href":"https:\/\/guineechrono.com\/index.php\/wp-json\/wp\/v2\/posts\/3570","targetHints":{"allow":["GET"]}}],"collection":[{"href":"https:\/\/guineechrono.com\/index.php\/wp-json\/wp\/v2\/posts"}],"about":[{"href":"https:\/\/guineechrono.com\/index.php\/wp-json\/wp\/v2\/types\/post"}],"author":[{"embeddable":true,"href":"https:\/\/guineechrono.com\/index.php\/wp-json\/wp\/v2\/users\/2"}],"replies":[{"embeddable":true,"href":"https:\/\/guineechrono.com\/index.php\/wp-json\/wp\/v2\/comments?post=3570"}],"version-history":[{"count":0,"href":"https:\/\/guineechrono.com\/index.php\/wp-json\/wp\/v2\/posts\/3570\/revisions"}],"wp:featuredmedia":[{"embeddable":true,"href":"https:\/\/guineechrono.com\/index.php\/wp-json\/wp\/v2\/media\/3571"}],"wp:attachment":[{"href":"https:\/\/guineechrono.com\/index.php\/wp-json\/wp\/v2\/media?parent=3570"}],"wp:term":[{"taxonomy":"category","embeddable":true,"href":"https:\/\/guineechrono.com\/index.php\/wp-json\/wp\/v2\/categories?post=3570"},{"taxonomy":"post_tag","embeddable":true,"href":"https:\/\/guineechrono.com\/index.php\/wp-json\/wp\/v2\/tags?post=3570"}],"curies":[{"name":"wp","href":"https:\/\/api.w.org\/{rel}","templated":true}]}}