{"id":35701,"date":"2025-05-19T18:46:37","date_gmt":"2025-05-19T17:46:37","guid":{"rendered":"https:\/\/guineechrono.com\/?p=35701"},"modified":"2025-05-19T18:46:37","modified_gmt":"2025-05-19T17:46:37","slug":"dg-de-dirpa-au-forum-sur-lavenir-de-la-presse-cest-lun-des-actes-majeurs-qui-va-redefinir-le-schema-mediatique-de-la-republique-de-guinee","status":"publish","type":"post","link":"https:\/\/guineechrono.com\/index.php\/dg-de-dirpa-au-forum-sur-lavenir-de-la-presse-cest-lun-des-actes-majeurs-qui-va-redefinir-le-schema-mediatique-de-la-republique-de-guinee\/","title":{"rendered":"DG de DIRPA au Forum sur l\u2019avenir de la presse : \u00ab c\u2019est l\u2019un des actes majeurs qui va red\u00e9finir le sch\u00e9ma m\u00e9diatique de la R\u00e9publique de Guin\u00e9e \u00bb"},"content":{"rendered":"<p><strong>Ce lundi, 19 mai 2025, le premier ministre chef du gouvernement a proc\u00e9d\u00e9 \u00e0 l\u2019ouverture du forum sur l\u2019avenir de la presse en Guin\u00e9e. C\u2019est une initiative de la haute autorit\u00e9 de la communication (HAC) qui a regroup\u00e9 une centaine de participants venus de la Guin\u00e9e et de la Sous-r\u00e9gion durant trois jours.<\/strong><\/p>\n<p>Pr\u00e9sent \u00e0 cette rencontre, le Directeur de l\u2019information et des relations publiques de l\u2019arm\u00e9e, (DIRPA) a salu\u00e9 l\u2019initiative.<\/p>\n<p>\u00ab<em>Il \u00e9tait question d\u2019organiser les \u00e9tats g\u00e9n\u00e9raux de la presse guin\u00e9enne. Et si aujourd\u2019hui, avec la transition qui est en cours, nous parvenons \u00e0 organiser un forum sur l\u2019avenir de la presse en Guin\u00e9e, il faut saluer l\u2019initiative et accompagner l\u2019initiative, mais aussi faire un suivi par rapport \u00e0 tout ce qui se fera ici comme recommandation. Il ne s\u2019agit pas d\u2019\u00e9laborer les documents, il ne s\u2019agit pas de prendre les mesures. L\u2019essentiel, c\u2019est la mise en pratique qui est importante. Donc nous saluons ce qui est en cours, puisque comme vous remarquez, la Guin\u00e9e est en train de bouger. La Guin\u00e9e bouge, les autres secteurs bougent. Et tout se fait au compte de la refondation. Si la presse, qui est transversale, n\u2019est pas assise vraiment sur des bases solides, tout ce que nous sommes en train de faire aujourd\u2019hui, demain, sera compromis. Donc c\u2019est le lieu de saluer les initiateurs de ce forum. Parce que nous allons avoir une presse responsable, une presse capable vraiment de r\u00e9concilier les Guin\u00e9ens, pas pour les diviser, une presse qui oriente, qui donne vraiment le chemin \u00e0 suivre. En un mot, une presse qui apprend \u00e0 participer, faire apprendre la population \u00e0 participer au d\u00e9veloppement socio-\u00e9conomique de la nation. Donc le forum est bienvenu et c\u2019est l\u2019un des actes majeurs qui vraiment va red\u00e9finir, le sch\u00e9ma m\u00e9diatique de la R\u00e9publique de Guin\u00e9e<\/em>\u00bb, soutient le DG de DIRPA.<\/p>\n<p>A noter que la cl\u00f4ture de cet \u00e9v\u00e8nement est pr\u00e9vue le mercredi 21 mai 2025 \u00e0 Conakry.<\/p>\n<p><strong>Aboubacar P Camara <\/strong><\/p>\n<p>&nbsp;<\/p>\n<p>&nbsp;<\/p>\n","protected":false},"excerpt":{"rendered":"<p>Ce lundi, 19 mai 2025, le premier ministre chef du gouvernement a proc\u00e9d\u00e9 \u00e0 l\u2019ouverture du forum sur l\u2019avenir de la presse en Guin\u00e9e. C\u2019est une initiative de la haute autorit\u00e9 de la communication (HAC) qui a regroup\u00e9 une centaine de participants venus de la Guin\u00e9e et de la Sous-r\u00e9gion durant trois jours. Pr\u00e9sent \u00e0 [&hellip;]<\/p>\n","protected":false},"author":2,"featured_media":35702,"comment_status":"open","ping_status":"closed","sticky":false,"template":"","format":"standard","meta":{"buzzeditor_post_format":"","footnotes":""},"categories":[42],"tags":[],"class_list":["post-35701","post","type-post","status-publish","format-standard","has-post-thumbnail","hentry","category-news"],"jetpack_featured_media_url":"https:\/\/guineechrono.com\/wp-content\/uploads\/2025\/05\/IMG_20250519_130611.jpg","amp_enabled":true,"_links":{"self":[{"href":"https:\/\/guineechrono.com\/index.php\/wp-json\/wp\/v2\/posts\/35701","targetHints":{"allow":["GET"]}}],"collection":[{"href":"https:\/\/guineechrono.com\/index.php\/wp-json\/wp\/v2\/posts"}],"about":[{"href":"https:\/\/guineechrono.com\/index.php\/wp-json\/wp\/v2\/types\/post"}],"author":[{"embeddable":true,"href":"https:\/\/guineechrono.com\/index.php\/wp-json\/wp\/v2\/users\/2"}],"replies":[{"embeddable":true,"href":"https:\/\/guineechrono.com\/index.php\/wp-json\/wp\/v2\/comments?post=35701"}],"version-history":[{"count":1,"href":"https:\/\/guineechrono.com\/index.php\/wp-json\/wp\/v2\/posts\/35701\/revisions"}],"predecessor-version":[{"id":35703,"href":"https:\/\/guineechrono.com\/index.php\/wp-json\/wp\/v2\/posts\/35701\/revisions\/35703"}],"wp:featuredmedia":[{"embeddable":true,"href":"https:\/\/guineechrono.com\/index.php\/wp-json\/wp\/v2\/media\/35702"}],"wp:attachment":[{"href":"https:\/\/guineechrono.com\/index.php\/wp-json\/wp\/v2\/media?parent=35701"}],"wp:term":[{"taxonomy":"category","embeddable":true,"href":"https:\/\/guineechrono.com\/index.php\/wp-json\/wp\/v2\/categories?post=35701"},{"taxonomy":"post_tag","embeddable":true,"href":"https:\/\/guineechrono.com\/index.php\/wp-json\/wp\/v2\/tags?post=35701"}],"curies":[{"name":"wp","href":"https:\/\/api.w.org\/{rel}","templated":true}]}}