{"id":35727,"date":"2025-05-22T11:39:39","date_gmt":"2025-05-22T10:39:39","guid":{"rendered":"https:\/\/guineechrono.com\/?p=35727"},"modified":"2025-05-22T11:45:35","modified_gmt":"2025-05-22T10:45:35","slug":"forum-sur-lavenir-de-la-presse-en-guinee-il-faut-que-la-presse-devienne-une-presse-professionnelle-declare-la-presidente-de-lagpe","status":"publish","type":"post","link":"https:\/\/guineechrono.com\/index.php\/forum-sur-lavenir-de-la-presse-en-guinee-il-faut-que-la-presse-devienne-une-presse-professionnelle-declare-la-presidente-de-lagpe\/","title":{"rendered":"Forum sur l\u2019avenir de la presse en Guin\u00e9e : \u00abil faut que la presse devienne une presse professionnelle \u00bb, d\u00e9clare la pr\u00e9sidente de l\u2019AGPE"},"content":{"rendered":"<p><strong>Les travaux du forum sur l\u2019avenir de la presse en Guin\u00e9e ont \u00e9t\u00e9 boucl\u00e9s dans l\u2019apr\u00e8s-midi de ce mercredi, 21 mai 2025, \u00e0 Conakry. Une rencontre au cours de laquelle des professionnels des m\u00e9dias ont abord\u00e9 plusieurs questions li\u00e9es \u00e0 l\u2019exercice du journalisme en Guin\u00e9e. <\/strong><\/p>\n<p>A sa sortie du forum, la pr\u00e9sidente de l\u2019association guin\u00e9enne de la presse \u00e9crite (AGPE), a exprim\u00e9 toute sa satisfaction. Kadiatou Cont\u00e9 qui s\u2019est dit satisfaite des conclusions de la rencontre a \u00e9galement exprim\u00e9 son souhait de voir la presse guin\u00e9enne un nouvel \u00e9lan vers la professionnalisation et l\u2019am\u00e9lioration de sa relation avec le pouvoir public.<\/p>\n<p>\u00abUn sentiment de satisfaction, d\u2019espoir et \u00e7a sous-entend tout simplement qu\u2019enfin nous allons vers la r\u00e9conciliation, comme l\u2019a dit la derni\u00e8re fois le premier ministre et il me semble que nous allons enfin nous r\u00e9concilier et nous reconstruire et r\u00e9organiser. Parce qu\u2019avec les diff\u00e9rentes r\u00e9formes qui sont engag\u00e9es actuellement, telle que l\u2019autor\u00e9gulation, la convention collective, j\u2019en passe. Donc toutes ces r\u00e9formes-l\u00e0 nous aideront plut\u00f4t le monde de la presse \u00e0 \u00e9voluer, \u00e0 aller de l\u2019avant, \u00e0 se professionnaliser, \u00e0 s\u2019organiser et \u00e0 se prendre en charge surtout\u00bb, souligne-t-elle.<\/p>\n<p>La pr\u00e9sidente de l\u2019AGPE a ensuite mis l\u2019accent sur l\u2019imp\u00e9rieuse n\u00e9cessit\u00e9 d\u2019une bonne cohabitation entre la presse et les pouvoirs publics. Elle a \u00e9galement invit\u00e9 les journalistes \u00e0 faire plus de professionnalisme dans l\u2019exercice de leur m\u00e9tier tout en demandant aux patrons de m\u00e9dias d\u2019assurer un cadre de vie et de travail d\u00e9cent aux professionnels des m\u00e9dias.<\/p>\n<p>\u00abComme on a l\u2019habitude de le dire, la presse c\u2019est le quatri\u00e8me pouvoir, donc on ne peut pas la dissocier avec les autres pouvoirs, c\u2019est tout \u00e0 fait logique. Donc il est important que malgr\u00e9 nos d\u00e9fauts, nos d\u00e9rapages dans l\u2019exercice de notre profession, les autorit\u00e9s doivent nous accepter avec toutes nos erreurs. Et quant \u00e0 nous aussi, on doit vraiment prendre conscience afin d\u2019\u00e9viter un certain nombre de choses, c\u2019est-\u00e0-dire un certain nombre de manquements dans l\u2019exercice de nos fonctions ou de l\u2019exercice de nos activit\u00e9s, c\u2019est extr\u00eamement important. Et mieux encore, il faudrait ajouter le fait que la presse doit vraiment se professionnaliser. Comme ils l\u2019ont dit tant\u00f4t, il ne faut pas jouer \u00e0 l\u2019amateurisme, ni au t\u00e2tonnement, ni au loup solitaire, c\u2019est-\u00e0-dire qu\u2019il faut s\u2019organiser, il faut que la presse devienne une presse professionnelle, responsable des entreprises s\u00e9rieuses qui vont vraiment mieux g\u00e9rer les personnels, prendre en charge les personnels et les g\u00e9rer dignement et correctement, pour qu\u2019ils ne soient pas des journalistes mendiants et qu\u2019ils ne soient pas des gens qui sont tout le temps dans le besoin. Moi je pense que dans ce sens-l\u00e0, chacun trouvera son compte\u00bb, a-t-elle indiqu\u00e9.<\/p>\n<p><strong>Source\u00a0: kanianews.com<\/strong><\/p>\n<p>&nbsp;<\/p>\n","protected":false},"excerpt":{"rendered":"<p>Les travaux du forum sur l\u2019avenir de la presse en Guin\u00e9e ont \u00e9t\u00e9 boucl\u00e9s dans l\u2019apr\u00e8s-midi de ce mercredi, 21 mai 2025, \u00e0 Conakry. Une rencontre au cours de laquelle des professionnels des m\u00e9dias ont abord\u00e9 plusieurs questions li\u00e9es \u00e0 l\u2019exercice du journalisme en Guin\u00e9e. A sa sortie du forum, la pr\u00e9sidente de l\u2019association guin\u00e9enne [&hellip;]<\/p>\n","protected":false},"author":2,"featured_media":35728,"comment_status":"open","ping_status":"closed","sticky":false,"template":"","format":"standard","meta":{"buzzeditor_post_format":"","footnotes":""},"categories":[42],"tags":[],"class_list":["post-35727","post","type-post","status-publish","format-standard","has-post-thumbnail","hentry","category-news"],"jetpack_featured_media_url":"https:\/\/guineechrono.com\/wp-content\/uploads\/2025\/05\/presidente-AGPE.webp","amp_enabled":true,"_links":{"self":[{"href":"https:\/\/guineechrono.com\/index.php\/wp-json\/wp\/v2\/posts\/35727","targetHints":{"allow":["GET"]}}],"collection":[{"href":"https:\/\/guineechrono.com\/index.php\/wp-json\/wp\/v2\/posts"}],"about":[{"href":"https:\/\/guineechrono.com\/index.php\/wp-json\/wp\/v2\/types\/post"}],"author":[{"embeddable":true,"href":"https:\/\/guineechrono.com\/index.php\/wp-json\/wp\/v2\/users\/2"}],"replies":[{"embeddable":true,"href":"https:\/\/guineechrono.com\/index.php\/wp-json\/wp\/v2\/comments?post=35727"}],"version-history":[{"count":3,"href":"https:\/\/guineechrono.com\/index.php\/wp-json\/wp\/v2\/posts\/35727\/revisions"}],"predecessor-version":[{"id":35731,"href":"https:\/\/guineechrono.com\/index.php\/wp-json\/wp\/v2\/posts\/35727\/revisions\/35731"}],"wp:featuredmedia":[{"embeddable":true,"href":"https:\/\/guineechrono.com\/index.php\/wp-json\/wp\/v2\/media\/35728"}],"wp:attachment":[{"href":"https:\/\/guineechrono.com\/index.php\/wp-json\/wp\/v2\/media?parent=35727"}],"wp:term":[{"taxonomy":"category","embeddable":true,"href":"https:\/\/guineechrono.com\/index.php\/wp-json\/wp\/v2\/categories?post=35727"},{"taxonomy":"post_tag","embeddable":true,"href":"https:\/\/guineechrono.com\/index.php\/wp-json\/wp\/v2\/tags?post=35727"}],"curies":[{"name":"wp","href":"https:\/\/api.w.org\/{rel}","templated":true}]}}