{"id":35738,"date":"2025-05-23T10:45:49","date_gmt":"2025-05-23T09:45:49","guid":{"rendered":"https:\/\/guineechrono.com\/?p=35738"},"modified":"2025-05-23T10:45:49","modified_gmt":"2025-05-23T09:45:49","slug":"aliou-bah-un-homme-face-a-lhistoire-une-justice-face-a-sa-conscience","status":"publish","type":"post","link":"https:\/\/guineechrono.com\/index.php\/aliou-bah-un-homme-face-a-lhistoire-une-justice-face-a-sa-conscience\/","title":{"rendered":"Aliou Bah : Un homme face \u00e0 l\u2019histoire, une justice face \u00e0 sa conscience"},"content":{"rendered":"<p>\u00c0 la surprise g\u00e9n\u00e9rale, la d\u00e9lib\u00e9ration attendue le 22 Avril 2025 dans le proc\u00e8s de M. Aliou Bah, pr\u00e9sident du Mouvement D\u00e9mocratique Lib\u00e9ral (MoDeL), a \u00e9t\u00e9 une fois de plus repouss\u00e9e. Apr\u00e8s des mois de d\u00e9tention et malgr\u00e9 la cl\u00f4ture des plaidoiries, les juges ont fix\u00e9 la date du 28 mai 2025 pour le verdict. Encore plus d\u2019un mois d\u2019attente, plus d\u2019un mois d\u2019\u00e9preuves, pour un homme dont le seul tort semble \u00eatre sa voix libre et son engagement sans faille pour la Guin\u00e9e.<\/p>\n<p>Ce report ne laisse personne indiff\u00e9rent. Beaucoup y voient une man\u0153uvre d\u2019attente, un calcul politique dict\u00e9 par la crainte de ce que repr\u00e9senterait une lib\u00e9ration d\u2019Aliou Bah : une figure renforc\u00e9e, peut-\u00eatre plus \u00e9cout\u00e9e encore, plus tranchante dans ses convictions, disent-ils. Mais ceux-l\u00e0 connaissent-ils r\u00e9ellement l\u2019homme ? Savent-ils \u00e0 quel point sa force r\u00e9side moins dans la col\u00e8re que dans la foi ? Moins dans la vengeance que dans l\u2019\u00e9l\u00e9vation ?<\/p>\n<p>Aliou Bah n\u2019est pas un homme de ressentiment. Il est habit\u00e9 par une foi profonde, une philosophie de vie qui voit en toute \u00e9preuve une \u00e9cole du destin. Loin d\u2019indexer ou d\u2019accuser, il prend sur lui le poids de la souffrance sans jamais c\u00e9der \u00e0 la haine. M\u00eame dans l\u2019\u00e9preuve, il continue \u00e0 appeler au rassemblement, au dialogue, \u00e0 la construction d\u2019une Guin\u00e9e plus juste et plus inclusive. Il n\u2019a jamais cess\u00e9 de croire que le progr\u00e8s est possible, que la justice peut encore \u00eatre la boussole de notre R\u00e9publique.<\/p>\n<p>Je m\u2019adresse ici aux \u2018\u2019juges\u2019\u2019, avec le respect d\u00fb \u00e0 la fonction et \u00e0 la lourde responsabilit\u00e9 qu\u2019elle implique. Ce proc\u00e8s n\u2019est pas banal. Il engage plus que le sort d\u2019un homme : il engage la cr\u00e9dibilit\u00e9 d\u2019une justice qu\u2019on veut ind\u00e9pendante, impartiale, respectable. Le peuple guin\u00e9en regarde, l\u2019histoire observe. Dire le droit dans cette affaire, c\u2019est rendre espoir \u00e0 toute une g\u00e9n\u00e9ration qui doute de ses institutions. C\u2019est montrer que la Guin\u00e9e peut se r\u00e9concilier avec elle-m\u00eame, sans museler ses voix discordantes mais constructives.<\/p>\n<p>Je m\u2019adresse aussi aux \u2018\u2019dirigeants\u2019\u2019, pour leur rappeler que la force d\u2019un pouvoir ne se mesure pas \u00e0 sa capacit\u00e9 de r\u00e9pression, mais \u00e0 sa capacit\u00e9 de retenue, de discernement et de sagesse. L\u2019usage excessif de la force peut contenir des corps, mais jamais les id\u00e9es. L\u2019Histoire, elle, retiendra toujours davantage ceux qui ont tendu la main que ceux qui ont serr\u00e9 le poing. Qu\u2019ils se souviennent de ce qu\u2019ils voudraient que l\u2019on dise d\u2019eux demain : auront-ils \u00e9t\u00e9 les artisans d\u2019une nation ouverte et apais\u00e9e ou les fossoyeurs d\u2019un r\u00eave d\u00e9mocratique inachev\u00e9 ?<\/p>\n<p>Enfin, je m\u2019adresse aux \u2018\u2019militants, sympathisants de MoDeL et citoyens guin\u00e9ens\u2019\u2019 : que notre lutte demeure digne, ferme mais pacifique. MoDeL reste fid\u00e8le \u00e0 ses principes : libert\u00e9, justice, inclusion. Notre boussole n\u2019est ni la vengeance, ni la soumission, mais le bien commun, pour tous les Guin\u00e9ens, quelle que soit leur appartenance.<\/p>\n<p>En pr\u00e9lude au 28 mai, nous r\u00e9affirmons notre confiance dans la v\u00e9rit\u00e9 et dans la justice, tout en appelant chacun \u00e0 faire preuve d\u2019humanit\u00e9, de lucidit\u00e9 et de grandeur. L\u2019histoire, in\u00e9vitablement, finira par trancher. Mais d\u2019ici l\u00e0, que ceux qui ont le pouvoir de juger, gouverner ou influencer, s\u2019en souviennent : la justice rendue aujourd\u2019hui \u00e9crira les pages de demain.<\/p>\n<p>Abdoulaye Amie Soumah<\/p>\n<p>Vice-Pr\u00e9sident du MoDeL, Charg\u00e9 de Formation<\/p>\n<p>Justice Pour Aliou Bah<\/p>\n<p>MoDeL<\/p>\n<p>Libert\u00e9 Et Dignit\u00e9<\/p>\n<p>La Justice Guin\u00e9enne \u00c0 L\u2019\u00e9preuve<\/p>\n<p>Le Monde Nous Regarde<\/p>\n","protected":false},"excerpt":{"rendered":"<p>\u00c0 la surprise g\u00e9n\u00e9rale, la d\u00e9lib\u00e9ration attendue le 22 Avril 2025 dans le proc\u00e8s de M. Aliou Bah, pr\u00e9sident du Mouvement D\u00e9mocratique Lib\u00e9ral (MoDeL), a \u00e9t\u00e9 une fois de plus repouss\u00e9e. Apr\u00e8s des mois de d\u00e9tention et malgr\u00e9 la cl\u00f4ture des plaidoiries, les juges ont fix\u00e9 la date du 28 mai 2025 pour le verdict. [&hellip;]<\/p>\n","protected":false},"author":2,"featured_media":35739,"comment_status":"open","ping_status":"closed","sticky":false,"template":"","format":"standard","meta":{"buzzeditor_post_format":"","footnotes":""},"categories":[42],"tags":[],"class_list":["post-35738","post","type-post","status-publish","format-standard","has-post-thumbnail","hentry","category-news"],"jetpack_featured_media_url":"https:\/\/guineechrono.com\/wp-content\/uploads\/2025\/05\/sh.jpg","amp_enabled":true,"_links":{"self":[{"href":"https:\/\/guineechrono.com\/index.php\/wp-json\/wp\/v2\/posts\/35738","targetHints":{"allow":["GET"]}}],"collection":[{"href":"https:\/\/guineechrono.com\/index.php\/wp-json\/wp\/v2\/posts"}],"about":[{"href":"https:\/\/guineechrono.com\/index.php\/wp-json\/wp\/v2\/types\/post"}],"author":[{"embeddable":true,"href":"https:\/\/guineechrono.com\/index.php\/wp-json\/wp\/v2\/users\/2"}],"replies":[{"embeddable":true,"href":"https:\/\/guineechrono.com\/index.php\/wp-json\/wp\/v2\/comments?post=35738"}],"version-history":[{"count":1,"href":"https:\/\/guineechrono.com\/index.php\/wp-json\/wp\/v2\/posts\/35738\/revisions"}],"predecessor-version":[{"id":35740,"href":"https:\/\/guineechrono.com\/index.php\/wp-json\/wp\/v2\/posts\/35738\/revisions\/35740"}],"wp:featuredmedia":[{"embeddable":true,"href":"https:\/\/guineechrono.com\/index.php\/wp-json\/wp\/v2\/media\/35739"}],"wp:attachment":[{"href":"https:\/\/guineechrono.com\/index.php\/wp-json\/wp\/v2\/media?parent=35738"}],"wp:term":[{"taxonomy":"category","embeddable":true,"href":"https:\/\/guineechrono.com\/index.php\/wp-json\/wp\/v2\/categories?post=35738"},{"taxonomy":"post_tag","embeddable":true,"href":"https:\/\/guineechrono.com\/index.php\/wp-json\/wp\/v2\/tags?post=35738"}],"curies":[{"name":"wp","href":"https:\/\/api.w.org\/{rel}","templated":true}]}}