{"id":35747,"date":"2025-05-24T17:40:39","date_gmt":"2025-05-24T16:40:39","guid":{"rendered":"https:\/\/guineechrono.com\/?p=35747"},"modified":"2025-05-24T17:40:39","modified_gmt":"2025-05-24T16:40:39","slug":"champions-de-la-dictee-pgl-2025-au-canada-les-guineens-mohamed-traore-et-fatoumata-barry-honores","status":"publish","type":"post","link":"https:\/\/guineechrono.com\/index.php\/champions-de-la-dictee-pgl-2025-au-canada-les-guineens-mohamed-traore-et-fatoumata-barry-honores\/","title":{"rendered":"Champions de la Dict\u00e9e PGL 2025 au Canada : les guin\u00e9ens, Mohamed Traor\u00e9 et Fatoumata Barry honor\u00e9s"},"content":{"rendered":"<p><strong>Apr\u00e8s leur exploit \u00e0 la 34<sup>\u00e8me<\/sup> \u00e9dition du concours international de dict\u00e9e PLG au Canada, Mohamed Traor\u00e9 et Fatoumata Barry respectivement premier et troisi\u00e8me sur le plan mondial dans la cat\u00e9gorie francophone, ont \u00e9t\u00e9 honor\u00e9s ce vendredi 23 mai 2025 par les autorit\u00e9s de l\u2019\u00e9ducation guin\u00e9enne \u00e0 Conakry.<\/strong><\/p>\n<p>Cette c\u00e9r\u00e9monie de c\u00e9l\u00e9bration a \u00e9t\u00e9 organis\u00e9e par l\u2019Association Guin\u00e9enne des Ecoles Priv\u00e9e (AGEP) en collaboration avec le minist\u00e8re de l\u2019enseignement pr\u00e9-universitaire et de l\u2019alphab\u00e9tisation.<\/p>\n<figure id=\"attachment_35749\" aria-describedby=\"caption-attachment-35749\" style=\"width: 300px\" class=\"wp-caption alignnone\"><a href=\"https:\/\/guineechrono.com\/wp-content\/uploads\/2025\/05\/IMG_20250523_163109.jpg\"><img fetchpriority=\"high\" decoding=\"async\" class=\"size-medium wp-image-35749\" src=\"https:\/\/guineechrono.com\/wp-content\/uploads\/2025\/05\/IMG_20250523_163109-300x169.jpg\" alt=\"\" width=\"300\" height=\"169\" srcset=\"https:\/\/guineechrono.com\/wp-content\/uploads\/2025\/05\/IMG_20250523_163109-300x169.jpg 300w, https:\/\/guineechrono.com\/wp-content\/uploads\/2025\/05\/IMG_20250523_163109-1024x576.jpg 1024w, https:\/\/guineechrono.com\/wp-content\/uploads\/2025\/05\/IMG_20250523_163109-768x432.jpg 768w, https:\/\/guineechrono.com\/wp-content\/uploads\/2025\/05\/IMG_20250523_163109-1536x864.jpg 1536w, https:\/\/guineechrono.com\/wp-content\/uploads\/2025\/05\/IMG_20250523_163109-2048x1152.jpg 2048w, https:\/\/guineechrono.com\/wp-content\/uploads\/2025\/05\/IMG_20250523_163109-696x392.jpg 696w, https:\/\/guineechrono.com\/wp-content\/uploads\/2025\/05\/IMG_20250523_163109-1068x601.jpg 1068w, https:\/\/guineechrono.com\/wp-content\/uploads\/2025\/05\/IMG_20250523_163109-747x420.jpg 747w, https:\/\/guineechrono.com\/wp-content\/uploads\/2025\/05\/IMG_20250523_163109-1920x1080.jpg 1920w\" sizes=\"(max-width: 300px) 100vw, 300px\" \/><\/a><figcaption id=\"caption-attachment-35749\" class=\"wp-caption-text\">Exif_JPEG_420<\/figcaption><\/figure>\n<p>D\u2019entr\u00e9e, Abdoulaye Hady Diallo, pr\u00e9sident de l\u2019Association guin\u00e9enne des \u00e9coles priv\u00e9es est revenu sur la d\u00e9finition de dict\u00e9e PGL.<\/p>\n<p>Selon lui, la dict\u00e9e PGL est pilot\u00e9e par la Fondation Paul G\u00e9rard-Lajoie. \u00ab\u00a0Paul G\u00e9rard Lajoie est une haute personnalit\u00e9 canadienne qui a incarn\u00e9 les valeurs de l\u2019\u00e9ducation canadienne, qui a eu une vision lointaine, qui a mis les bases solides de l\u2019\u00e9ducation canadienne qu\u2019on c\u00e9l\u00e8bre aujourd\u2019hui. Il a \u00e9t\u00e9 le tout premier titulaire du poste de ministre de l\u2019\u00e9ducation canadienne. Il a cr\u00e9\u00e9 en 1991 un projet intitul\u00e9 la dict\u00e9e PGL, donc un projet qui porte son nom\u00a0\u00bb.<\/p>\n<p>Poursuivant, le pr\u00e9sident d\u2019AGEP a expliqu\u00e9 comment participer \u00e0 ce concours. \u00a0\u00ab\u00a0Les pays participants font leur comp\u00e9tition \u00e0 l\u2019interne, pr\u00e9sentent les deux finalistes \u00e0 la finale internationale. En Afrique, le S\u00e9n\u00e9gal participe depuis pr\u00e8s de 20 ans, la C\u00f4te d\u2019Ivoire pr\u00e8s de 6 ans, le Maroc depuis 7 ans. La Guin\u00e9e a particip\u00e9 en 2011, 2012, 2013, avec l\u2019ONG Sauvons les enfants d\u00e9sh\u00e9rit\u00e9s qui ont \u00e9t\u00e9 les premiers \u00e0 organiser la dict\u00e9e PGL en Guin\u00e9e. Mais, faute de moyens, ils n\u2019ont pas pu continuer. Donc en 2014, 2015, 2016, 2O17, 2O18, la Guin\u00e9e observait ce que les autres pays faisaient, observait la victoire de la C\u00f4te d\u2019Ivoire, la victoire du S\u00e9n\u00e9gal, qui a plusieurs fois rafl\u00e9 des prix\u00a0\u00bb.<\/p>\n<p>Dans la m\u00eame logique, il a rappel\u00e9 comment leur structure a pris la rel\u00e8ve. \u00ab\u00a0Apr\u00e8s sa cr\u00e9ation, l\u2019Association guin\u00e9enne des \u00e9coles priv\u00e9es a int\u00e9gr\u00e9 dans son projet l\u2019organisation de la dict\u00e9e PGL en Guin\u00e9e. Nous avons contact\u00e9 la fondation PGL, nous leur avons dit que nous sommes une association qui souhaite faire de la conduite. Ils nous ont dit d\u2019accord, on a sign\u00e9 un partenaire avec eux. Ils ont dit nous souhaitons vous observer sur le terrain en 2022. Apr\u00e8s la signature de la convention, nous voulions participer directement. Ils ont dit non, attendez d\u2019abord. Faites une participation interne, nous allons vous observer, nous allons vous voir \u00e0 l\u2019\u0153uvre et apr\u00e8s on va parler\u00a0\u00bb.<\/p>\n<figure id=\"attachment_35750\" aria-describedby=\"caption-attachment-35750\" style=\"width: 300px\" class=\"wp-caption alignnone\"><a href=\"https:\/\/guineechrono.com\/wp-content\/uploads\/2025\/05\/IMG_20250523_164805.jpg\"><img decoding=\"async\" class=\"size-medium wp-image-35750\" src=\"https:\/\/guineechrono.com\/wp-content\/uploads\/2025\/05\/IMG_20250523_164805-300x169.jpg\" alt=\"\" width=\"300\" height=\"169\" srcset=\"https:\/\/guineechrono.com\/wp-content\/uploads\/2025\/05\/IMG_20250523_164805-300x169.jpg 300w, https:\/\/guineechrono.com\/wp-content\/uploads\/2025\/05\/IMG_20250523_164805-1024x576.jpg 1024w, https:\/\/guineechrono.com\/wp-content\/uploads\/2025\/05\/IMG_20250523_164805-768x432.jpg 768w, https:\/\/guineechrono.com\/wp-content\/uploads\/2025\/05\/IMG_20250523_164805-1536x864.jpg 1536w, https:\/\/guineechrono.com\/wp-content\/uploads\/2025\/05\/IMG_20250523_164805-2048x1152.jpg 2048w, https:\/\/guineechrono.com\/wp-content\/uploads\/2025\/05\/IMG_20250523_164805-696x392.jpg 696w, https:\/\/guineechrono.com\/wp-content\/uploads\/2025\/05\/IMG_20250523_164805-1068x601.jpg 1068w, https:\/\/guineechrono.com\/wp-content\/uploads\/2025\/05\/IMG_20250523_164805-747x420.jpg 747w, https:\/\/guineechrono.com\/wp-content\/uploads\/2025\/05\/IMG_20250523_164805-1920x1080.jpg 1920w\" sizes=\"(max-width: 300px) 100vw, 300px\" \/><\/a><figcaption id=\"caption-attachment-35750\" class=\"wp-caption-text\">Exif_JPEG_420<\/figcaption><\/figure>\n<p>Au nom du ministre de l\u2019enseignement pr\u00e9-universitaire, et de l\u2019alphab\u00e9tisation, Youssouf Boundou Sylla, secr\u00e9taire g\u00e9n\u00e9ral dudit d\u00e9partement a f\u00e9licit\u00e9 les deux champions qui ont valablement repr\u00e9sent\u00e9 la guin\u00e9e \u00e0 l\u2019international. \u00a0\u00ab\u00a0Nous sommes tr\u00e8s fiers d\u2019avoir particip\u00e9 de bout en bout \u00e0 la r\u00e9alisation de ce projet. Nous sommes tr\u00e8s heureux de voir que la Guin\u00e9e s\u2019est distingu\u00e9e du point de vue excellence \u00e0 l\u2019\u00e9chelle internationale. Les enfants qui sont devant nous, les parents, les encadrants, toute personne qui voudrait voir ce pays sortir de sa l\u00e9thargie, qui avait des doutes hier, doit avoir une lueur d\u2019espoir pour dire que la jeunesse guin\u00e9enne est en train de prendre conscience puisque c\u2019est elle qui est la pi\u00e8ce ma\u00eetresse pour le d\u00e9veloppement de notre pays\u00a0\u00bb.<\/p>\n<p><a href=\"https:\/\/guineechrono.com\/wp-content\/uploads\/2025\/05\/IMG-20250524-WA0000.jpg\"><img decoding=\"async\" class=\"alignnone size-medium wp-image-35751\" src=\"https:\/\/guineechrono.com\/wp-content\/uploads\/2025\/05\/IMG-20250524-WA0000-225x300.jpg\" alt=\"\" width=\"225\" height=\"300\" srcset=\"https:\/\/guineechrono.com\/wp-content\/uploads\/2025\/05\/IMG-20250524-WA0000-225x300.jpg 225w, https:\/\/guineechrono.com\/wp-content\/uploads\/2025\/05\/IMG-20250524-WA0000-768x1024.jpg 768w, https:\/\/guineechrono.com\/wp-content\/uploads\/2025\/05\/IMG-20250524-WA0000-696x928.jpg 696w, https:\/\/guineechrono.com\/wp-content\/uploads\/2025\/05\/IMG-20250524-WA0000-315x420.jpg 315w, https:\/\/guineechrono.com\/wp-content\/uploads\/2025\/05\/IMG-20250524-WA0000.jpg 810w\" sizes=\"(max-width: 225px) 100vw, 225px\" \/><\/a><a href=\"https:\/\/guineechrono.com\/wp-content\/uploads\/2025\/05\/IMG-20250524-WA0001.jpg\"><img loading=\"lazy\" decoding=\"async\" class=\"alignnone size-medium wp-image-35752\" src=\"https:\/\/guineechrono.com\/wp-content\/uploads\/2025\/05\/IMG-20250524-WA0001-225x300.jpg\" alt=\"\" width=\"225\" height=\"300\" srcset=\"https:\/\/guineechrono.com\/wp-content\/uploads\/2025\/05\/IMG-20250524-WA0001-225x300.jpg 225w, https:\/\/guineechrono.com\/wp-content\/uploads\/2025\/05\/IMG-20250524-WA0001-768x1024.jpg 768w, https:\/\/guineechrono.com\/wp-content\/uploads\/2025\/05\/IMG-20250524-WA0001-696x928.jpg 696w, https:\/\/guineechrono.com\/wp-content\/uploads\/2025\/05\/IMG-20250524-WA0001-315x420.jpg 315w, https:\/\/guineechrono.com\/wp-content\/uploads\/2025\/05\/IMG-20250524-WA0001.jpg 810w\" sizes=\"(max-width: 225px) 100vw, 225px\" \/><\/a><\/p>\n<p>Pr\u00e9sent \u00e0 cet \u00e9v\u00e8nement, Mamadou Bhoye Bald\u00e9, l\u2019ambassadeur de l\u2019UNESCO CENTER FOR PEACE des USA en Guin\u00e9e a d\u00e9cor\u00e9 ces deux champions.<\/p>\n<p><strong>Aboubacar P Camara<\/strong><\/p>\n<p><strong>Tel\u00a0: 00224 628084586 <\/strong><\/p>\n","protected":false},"excerpt":{"rendered":"<p>Apr\u00e8s leur exploit \u00e0 la 34\u00e8me \u00e9dition du concours international de dict\u00e9e PLG au Canada, Mohamed Traor\u00e9 et Fatoumata Barry respectivement premier et troisi\u00e8me sur le plan mondial dans la cat\u00e9gorie francophone, ont \u00e9t\u00e9 honor\u00e9s ce vendredi 23 mai 2025 par les autorit\u00e9s de l\u2019\u00e9ducation guin\u00e9enne \u00e0 Conakry. Cette c\u00e9r\u00e9monie de c\u00e9l\u00e9bration a \u00e9t\u00e9 organis\u00e9e [&hellip;]<\/p>\n","protected":false},"author":2,"featured_media":35748,"comment_status":"open","ping_status":"closed","sticky":false,"template":"","format":"standard","meta":{"buzzeditor_post_format":"","footnotes":""},"categories":[47],"tags":[],"class_list":["post-35747","post","type-post","status-publish","format-standard","has-post-thumbnail","hentry","category-culture"],"jetpack_featured_media_url":"https:\/\/guineechrono.com\/wp-content\/uploads\/2025\/05\/champion.jpg","amp_enabled":true,"_links":{"self":[{"href":"https:\/\/guineechrono.com\/index.php\/wp-json\/wp\/v2\/posts\/35747","targetHints":{"allow":["GET"]}}],"collection":[{"href":"https:\/\/guineechrono.com\/index.php\/wp-json\/wp\/v2\/posts"}],"about":[{"href":"https:\/\/guineechrono.com\/index.php\/wp-json\/wp\/v2\/types\/post"}],"author":[{"embeddable":true,"href":"https:\/\/guineechrono.com\/index.php\/wp-json\/wp\/v2\/users\/2"}],"replies":[{"embeddable":true,"href":"https:\/\/guineechrono.com\/index.php\/wp-json\/wp\/v2\/comments?post=35747"}],"version-history":[{"count":1,"href":"https:\/\/guineechrono.com\/index.php\/wp-json\/wp\/v2\/posts\/35747\/revisions"}],"predecessor-version":[{"id":35753,"href":"https:\/\/guineechrono.com\/index.php\/wp-json\/wp\/v2\/posts\/35747\/revisions\/35753"}],"wp:featuredmedia":[{"embeddable":true,"href":"https:\/\/guineechrono.com\/index.php\/wp-json\/wp\/v2\/media\/35748"}],"wp:attachment":[{"href":"https:\/\/guineechrono.com\/index.php\/wp-json\/wp\/v2\/media?parent=35747"}],"wp:term":[{"taxonomy":"category","embeddable":true,"href":"https:\/\/guineechrono.com\/index.php\/wp-json\/wp\/v2\/categories?post=35747"},{"taxonomy":"post_tag","embeddable":true,"href":"https:\/\/guineechrono.com\/index.php\/wp-json\/wp\/v2\/tags?post=35747"}],"curies":[{"name":"wp","href":"https:\/\/api.w.org\/{rel}","templated":true}]}}