{"id":35754,"date":"2025-05-24T19:04:58","date_gmt":"2025-05-24T18:04:58","guid":{"rendered":"https:\/\/guineechrono.com\/?p=35754"},"modified":"2025-05-24T19:04:58","modified_gmt":"2025-05-24T18:04:58","slug":"fria-apres-le-vent-violent-le-premier-ministre-aux-cotes-des-victimes","status":"publish","type":"post","link":"https:\/\/guineechrono.com\/index.php\/fria-apres-le-vent-violent-le-premier-ministre-aux-cotes-des-victimes\/","title":{"rendered":"Fria: Apr\u00e8s le vent violent, le premier ministre aux c\u00f4t\u00e9s des victimes"},"content":{"rendered":"<p>C\u2019est avec une forte d\u00e9l\u00e9gation de techniciens et de fils ressortissants que le Premier ministre s\u2019est rendu au chevet des victimes de la forte temp\u00eate qui a sinistr\u00e9 la cit\u00e9 de l\u2019alumine \u00e0 150 km au nord de Conakry.<\/p>\n<p>Accompagn\u00e9 de la ministre des Postes, des t\u00e9l\u00e9communications et de l\u2019\u00e9conomie num\u00e9rique, du Commissaire g\u00e9n\u00e9ral du port autonome de Conakry et du Directeur g\u00e9n\u00e9ral de l\u2019Agence nationale de la gestion des urgences et catastrophiques humanitaires (ANGUCH), Amadou Oury BAH \u00e0 traduit \u00e0 la notabilit\u00e9 et aux populations de Sombori, compassion et la solidarit\u00e9 et du Pr\u00e9sident de la R\u00e9publique, G\u00e9n\u00e9ral Mamadi Doumbouya et du Gouvernement.<\/p>\n<p>Cette visite a permis au Chef du Gouvernement de mesurer l\u2019ampleur des d\u00e9g\u00e2ts dans les 13 quartiers de Fria depuis le passage du vent violent, le 11 mai dernier: 805 m\u00e9nages affect\u00e9s, 17 infrastructures scolaires et postes de sant\u00e9 d\u00e9coiff\u00e9s, 4 mosqu\u00e9es souffl\u00e9es, des b\u00e2timents priv\u00e9s et autres \u00e9difices publics d\u00e9truits.<\/p>\n<p>Pour les populations d\u2019une ville envi\u00e9e de tous, il y a encore 30 \u00e0 40 ans, la vie devient dramatique.<br \/>\n\u201cEn 1984, Fria \u00e9tait une belle ville fleurie. Aujourd\u2019hui j\u2019ai le c\u0153ur triste par rapport \u00e0 la situation de Fria\u201d t\u00e9moigne le Premier ministre, aux autorit\u00e9s locales et citoyens mobilis\u00e9s \u00e0 la place publique.<\/p>\n<p>Dans l\u2019urgence, le gouvernement \u201c nous allons privil\u00e9gier tout ce qui impacte au quotidien des populations et \u00e0 la vie scolaire\u201d a rassur\u00e9 le Chef du gouvernement.<\/p>\n<p>En d\u00e9pit des efforts de l\u2019Etat qui ont permis de stabiliser la desserte en \u00e9lectricit\u00e9, Fria a presque tout perdu de ses privil\u00e8ges de cit\u00e9 industrielle moderne: eau potable, voiries urbaines, infrastructures sportives, logements sociaux, mosqu\u00e9e centrale, tout est en d\u00e9cadence.<\/p>\n<p>Dans la perspective d\u2019accompagner la ville \u00e0 se relever, le Premier ministre demande un rapport exhaustif de la situation \u00e0 pr\u00e9senter au Pr\u00e9sident de la R\u00e9publique en vue des d\u00e9cisions urgentes.<\/p>\n<p>Ville mini\u00e8re par excellence, Fria a des difficult\u00e9s d\u2019investissement. Le Premier ministre a publiquement exprim\u00e9 son \u00e9tonnement d\u2019apprendre que cette collectivit\u00e9 ne b\u00e9n\u00e9ficie pas du Fonds de D\u00e9veloppement \u00c9conomique Local (FODEL).<\/p>\n<p>En attendant de cerner la question, il promet de revenir dans la cit\u00e9 \u201cd\u2019ici un mois pour avoir une meilleure connaissance des r\u00e9alit\u00e9s locales\u201d.<\/p>\n<p>Enfin, apr\u00e8s un tour des \u00e9difices et m\u00e9nages sinistr\u00e9s, Bah Oury a invit\u00e9 les repr\u00e9sentants de l\u2019administration publique et des collectivit\u00e9s locales \u00e0 r\u00e9habiliter \u201cla Loi Fria\u201d et \u00e0 mobiliser les populations pour planter des arbres. Sous l\u2019effet destructeur de l\u2019homme, la ville sur le bowal, en bordure du fleuve Konkoure a progressivement perdu ses barri\u00e8res naturelles de protection contre les intemp\u00e9ries. Une vaste campagne de reboisement s\u2019impose.<\/p>\n<p><strong>Avec CCG<\/strong><\/p>\n","protected":false},"excerpt":{"rendered":"<p>C\u2019est avec une forte d\u00e9l\u00e9gation de techniciens et de fils ressortissants que le Premier ministre s\u2019est rendu au chevet des victimes de la forte temp\u00eate qui a sinistr\u00e9 la cit\u00e9 de l\u2019alumine \u00e0 150 km au nord de Conakry. Accompagn\u00e9 de la ministre des Postes, des t\u00e9l\u00e9communications et de l\u2019\u00e9conomie num\u00e9rique, du Commissaire g\u00e9n\u00e9ral du [&hellip;]<\/p>\n","protected":false},"author":2,"featured_media":35755,"comment_status":"open","ping_status":"closed","sticky":false,"template":"","format":"standard","meta":{"buzzeditor_post_format":"","footnotes":""},"categories":[42],"tags":[],"class_list":["post-35754","post","type-post","status-publish","format-standard","has-post-thumbnail","hentry","category-news"],"jetpack_featured_media_url":"https:\/\/guineechrono.com\/wp-content\/uploads\/2025\/05\/vents.jpeg","amp_enabled":true,"_links":{"self":[{"href":"https:\/\/guineechrono.com\/index.php\/wp-json\/wp\/v2\/posts\/35754","targetHints":{"allow":["GET"]}}],"collection":[{"href":"https:\/\/guineechrono.com\/index.php\/wp-json\/wp\/v2\/posts"}],"about":[{"href":"https:\/\/guineechrono.com\/index.php\/wp-json\/wp\/v2\/types\/post"}],"author":[{"embeddable":true,"href":"https:\/\/guineechrono.com\/index.php\/wp-json\/wp\/v2\/users\/2"}],"replies":[{"embeddable":true,"href":"https:\/\/guineechrono.com\/index.php\/wp-json\/wp\/v2\/comments?post=35754"}],"version-history":[{"count":1,"href":"https:\/\/guineechrono.com\/index.php\/wp-json\/wp\/v2\/posts\/35754\/revisions"}],"predecessor-version":[{"id":35756,"href":"https:\/\/guineechrono.com\/index.php\/wp-json\/wp\/v2\/posts\/35754\/revisions\/35756"}],"wp:featuredmedia":[{"embeddable":true,"href":"https:\/\/guineechrono.com\/index.php\/wp-json\/wp\/v2\/media\/35755"}],"wp:attachment":[{"href":"https:\/\/guineechrono.com\/index.php\/wp-json\/wp\/v2\/media?parent=35754"}],"wp:term":[{"taxonomy":"category","embeddable":true,"href":"https:\/\/guineechrono.com\/index.php\/wp-json\/wp\/v2\/categories?post=35754"},{"taxonomy":"post_tag","embeddable":true,"href":"https:\/\/guineechrono.com\/index.php\/wp-json\/wp\/v2\/tags?post=35754"}],"curies":[{"name":"wp","href":"https:\/\/api.w.org\/{rel}","templated":true}]}}