{"id":35762,"date":"2025-05-25T07:20:35","date_gmt":"2025-05-25T06:20:35","guid":{"rendered":"https:\/\/guineechrono.com\/?p=35762"},"modified":"2025-05-25T07:20:35","modified_gmt":"2025-05-25T06:20:35","slug":"maroc-ahmed-kante-sacre-meilleur-entrepreneur-minier-de-lannee-au-prix-padel-2025","status":"publish","type":"post","link":"https:\/\/guineechrono.com\/index.php\/maroc-ahmed-kante-sacre-meilleur-entrepreneur-minier-de-lannee-au-prix-padel-2025\/","title":{"rendered":"Maroc : Ahmed Kant\u00e9 sacr\u00e9 Meilleur Entrepreneur Minier de l\u2019Ann\u00e9e au Prix PADEL 2025"},"content":{"rendered":"<p>Casablanca, 23 mai 2025 \u2013Lors de la 14e \u00e9dition du prestigieux Prix PADEL, organis\u00e9e \u00e0 Casablanca au Maroc, l\u2019Administrateur G\u00e9n\u00e9ral d\u2019AGB2A-GIC, Ahmed Kant\u00e9, a \u00e9t\u00e9 honor\u00e9 du Grand Prix du Meilleur Entrepreneur Minier de l\u2019Ann\u00e9e, permettant \u00e0 la Guin\u00e9e de rayonner sur la sc\u00e8ne internationale.<\/p>\n<p><img fetchpriority=\"high\" decoding=\"async\" class=\"alignnone size-medium wp-image-59084\" src=\"https:\/\/guineemining.info\/wp-content\/uploads\/2025\/05\/IMG-20250524-WA0110-1-300x200.jpg\" alt=\"\" width=\"300\" height=\"200\" data-pin-no-hover=\"true\" \/><\/p>\n<p>Ce prix, d\u00e9cern\u00e9 par la Fondation NOV\u2019AFRIQUE, vient saluer le parcours exemplaire d\u2019un homme visionnaire qui s\u2019est impos\u00e9 comme une figure incontournable du secteur minier en Guin\u00e9e. Par son travail acharn\u00e9, son sens de l\u2019innovation et son engagement pour un d\u00e9veloppement durable, Ahmed Kant\u00e9 a su faire de son entreprise un mod\u00e8le de r\u00e9ussite sur le continent. Cette reconnaissance continentale t\u00e9moigne du dynamisme de l\u2019entrepreneuriat guin\u00e9en et positionne la Guin\u00e9e comme un acteur cl\u00e9 dans le paysage \u00e9conomique africain.<\/p>\n<p>Le sacre d\u2019Ahmed Kant\u00e9 est non seulement une fiert\u00e9 nationale, mais aussi une source d\u2019inspiration pour toute une g\u00e9n\u00e9ration d\u2019entrepreneurs africains. Une distinction m\u00e9rit\u00e9e, qui honore non seulement le parcours d\u2019un homme de valeur, mais aussi l\u2019ambition et le potentiel de toute la nation guin\u00e9enne.<\/p>\n","protected":false},"excerpt":{"rendered":"<p>Casablanca, 23 mai 2025 \u2013Lors de la 14e \u00e9dition du prestigieux Prix PADEL, organis\u00e9e \u00e0 Casablanca au Maroc, l\u2019Administrateur G\u00e9n\u00e9ral d\u2019AGB2A-GIC, Ahmed Kant\u00e9, a \u00e9t\u00e9 honor\u00e9 du Grand Prix du Meilleur Entrepreneur Minier de l\u2019Ann\u00e9e, permettant \u00e0 la Guin\u00e9e de rayonner sur la sc\u00e8ne internationale. Ce prix, d\u00e9cern\u00e9 par la Fondation NOV\u2019AFRIQUE, vient saluer le [&hellip;]<\/p>\n","protected":false},"author":2,"featured_media":35763,"comment_status":"open","ping_status":"closed","sticky":false,"template":"","format":"standard","meta":{"buzzeditor_post_format":"","footnotes":""},"categories":[42],"tags":[],"class_list":["post-35762","post","type-post","status-publish","format-standard","has-post-thumbnail","hentry","category-news"],"jetpack_featured_media_url":"https:\/\/guineechrono.com\/wp-content\/uploads\/2025\/05\/casa.jpg","amp_enabled":true,"_links":{"self":[{"href":"https:\/\/guineechrono.com\/index.php\/wp-json\/wp\/v2\/posts\/35762","targetHints":{"allow":["GET"]}}],"collection":[{"href":"https:\/\/guineechrono.com\/index.php\/wp-json\/wp\/v2\/posts"}],"about":[{"href":"https:\/\/guineechrono.com\/index.php\/wp-json\/wp\/v2\/types\/post"}],"author":[{"embeddable":true,"href":"https:\/\/guineechrono.com\/index.php\/wp-json\/wp\/v2\/users\/2"}],"replies":[{"embeddable":true,"href":"https:\/\/guineechrono.com\/index.php\/wp-json\/wp\/v2\/comments?post=35762"}],"version-history":[{"count":1,"href":"https:\/\/guineechrono.com\/index.php\/wp-json\/wp\/v2\/posts\/35762\/revisions"}],"predecessor-version":[{"id":35764,"href":"https:\/\/guineechrono.com\/index.php\/wp-json\/wp\/v2\/posts\/35762\/revisions\/35764"}],"wp:featuredmedia":[{"embeddable":true,"href":"https:\/\/guineechrono.com\/index.php\/wp-json\/wp\/v2\/media\/35763"}],"wp:attachment":[{"href":"https:\/\/guineechrono.com\/index.php\/wp-json\/wp\/v2\/media?parent=35762"}],"wp:term":[{"taxonomy":"category","embeddable":true,"href":"https:\/\/guineechrono.com\/index.php\/wp-json\/wp\/v2\/categories?post=35762"},{"taxonomy":"post_tag","embeddable":true,"href":"https:\/\/guineechrono.com\/index.php\/wp-json\/wp\/v2\/tags?post=35762"}],"curies":[{"name":"wp","href":"https:\/\/api.w.org\/{rel}","templated":true}]}}