{"id":35768,"date":"2025-05-25T17:31:42","date_gmt":"2025-05-25T16:31:42","guid":{"rendered":"https:\/\/guineechrono.com\/?p=35768"},"modified":"2025-05-25T17:31:42","modified_gmt":"2025-05-25T16:31:42","slug":"sifimbam-2025-vision-strategique-et-leadership-assurantiel","status":"publish","type":"post","link":"https:\/\/guineechrono.com\/index.php\/sifimbam-2025-vision-strategique-et-leadership-assurantiel\/","title":{"rendered":"SIFIMBAM 2025 : Vision strat\u00e9gique et leadership assurantiel"},"content":{"rendered":"<p>En pr\u00e9lude \u00e0 la 4\u00e8me \u00e9dition du Salon International de la Finance, de la mon\u00e9tique, des banques, de l&rsquo;assurance et des microfinances de Guin\u00e9e-SIFIMBAM, la commission communication et m\u00e9dias de l&rsquo;\u00e9quipe organisationnelle en partenariat avec certains m\u00e9dias en ligne du pays ont d\u00e9cid\u00e9 de faire immersion dans l&rsquo;univers des acteurs de la finance, de la banque, de la mon\u00e9tique, de l&rsquo;assurance et des microfinances de Guin\u00e9e pour dresser le portrait de ceux qui font bouger cette industrie.<\/p>\n<p>Dans cet autre num\u00e9ro, pour parlerons de M. Aliou SOW, Directeur G\u00e9n\u00e9ral d&rsquo;UGAR-ACTIVA et d&rsquo;ACTIVA VIE.<\/p>\n<p>Expert chevronn\u00e9 et cadre influent de l&rsquo;industrie assurantielle en Guin\u00e9e et en Afrique de l\u2019Ouest. M. SOW insuffle une vision strat\u00e9gique de renforcement de la position de leader d&rsquo;UGAR-ACTIVA et ACTIVA VIE en Guin\u00e9e. Fort de plus de 20 ans d&rsquo;exp\u00e9rience dans le secteur de l&rsquo;assurance, il reste un acteur exp\u00e9riment\u00e9 et engag\u00e9 pour le d\u00e9veloppement du secteur de l&rsquo;assurance \u00e0 travers les innovations spectaculaires op\u00e9r\u00e9es au niveau d&rsquo;UGAR-ACTIVA et d&rsquo;ACTIVA VIE.\u00a0 Dipl\u00f4m\u00e9 de l&rsquo;Institut de Science Financi\u00e8re et d&rsquo;Assurance de Lyon et d\u00e9tenteur d&rsquo;un Ex\u00e9cutive MBA de HEC Paris, il a occup\u00e9 divers postes de direction dans des g\u00e9ants du secteur tels qu&rsquo;AXA et ALLIANZ en France avant de rejoindre ALLIANZ\u00a0 C\u00f4te d&rsquo;Ivoire en tant que directeur financier. Sous sa direction, UGAR-ACTIVA et ACTIVA VIE continuent de consolider leur statut d&rsquo;acteurs majeurs de l&rsquo;assurance en Guin\u00e9e. Ces deux entit\u00e9s, avec une histoire bien ancr\u00e9e dans le pays, ce sont impos\u00e9es comme des r\u00e9f\u00e9rences incontournables dans le secteur.<\/p>\n<p><strong>&#8211; UGAAR-ACTIVA et ACTIVA VIE, deux entit\u00e9s proche des guin\u00e9ens\u00a0<\/strong><\/p>\n<p>UGAR ASSURANCES a \u00e9t\u00e9 fond\u00e9e en 1988 par l&rsquo;Etat guin\u00e9en et AXA. En 2003, Maghreb Invst Luxembourg prend le relais d&rsquo;AXA dans le capital de l&rsquo;entreprise. Un tournant d\u00e9cisif intervient en 2003 lorsque le Groupe ACTIVA entre en sc\u00e8ne. UGAR devient UGAR-ACTIVA et LGV Assurances\u00a0 S.A se transforme en ACTIVA VIE consolidant ainsi leur r\u00f4le de leaders dans la r\u00e9gion. \u00c0\u00a0 ce jour, l&rsquo;Etat guin\u00e9en d\u00e9tient 18% des parts dans chacune des deux entit\u00e9s. Fond\u00e9 par Richard Lowe, le Groupe ACTIVA, leader africain de l&rsquo;assurance, est \u00e9galement \u00e0 l&rsquo;origine du r\u00e9seau GLOBUS, un r\u00e9seau panafricain qui regroupe les acteurs locaux les plus influents.\u00a0 Ce r\u00e9seau permet aux membres d&rsquo;offrir des solutions globales tout en r\u00e9pondant aux besoins sp\u00e9cifiques de chaque march\u00e9. En rejoignant GLOBUS, UGAR-ACTIVA et ACTIVA VIE b\u00e9n\u00e9ficient de cette approche collaborative, renfor\u00e7ant ainsi leur capacit\u00e9 \u00e0 proposer une couverture et une gestion de sinistres de qualit\u00e9 \u00e0 l&rsquo;\u00e9chelle internationale.<\/p>\n<p><strong>&#8211; Pourquoi M. Aliou SOW est un leader assurantiel ?<\/strong><\/p>\n<p>Le secteur assurance est soumis \u00e0 des r\u00e9glementations strictes. M. Aliou SOW assure le respect de ces r\u00e8gles et g\u00e8re efficacement les risques li\u00e9s \u00e0 l&rsquo;activit\u00e9.<\/p>\n<p>-Une vision strat\u00e9gique et inspirante pour les \u00e9quipes : Au sein d&rsquo;UGAR-ACTIVA et ACTIVA VIE, Il communique une vision strat\u00e9gique et motive ses collaborateurs pour s&rsquo;engager dans la r\u00e9alisation de cette vision.<\/p>\n<p>&#8212; Fed\u00e8re les \u00e9quipes et d\u00e9veloppe leurs talents : Il a su cr\u00e9er d\u00e8s sa nomination \u00e0 la t\u00eate d&rsquo;UGAR-ACTIVA et ACTIVA VIE, un environnement de travail stimulant o\u00f9 les collaborateurs de l&rsquo;entreprise se sentent \u00e9cout\u00e9s, valoris\u00e9s et leurs comp\u00e9tences sont mises en valeur.<\/p>\n<p>-Un service client exceptionnel \u00e0 UGAR-ACTIVA ET ACTIVA VIE :\u00a0M. SOW priorise les besoins des clients, favorise la satisfaction client et l&rsquo;entreprise d\u00e9veloppe les produits et services adapt\u00e9s \u00e0 leurs exigences.<\/p>\n<p>Ne manquez pas son intervention lors de cette 4\u00e8me \u00e9dition du SIFIMBAM, pr\u00e9vue les 27 et 28 JUIN 2025 \u00e0 l&rsquo;h\u00f4tel Palm Camayenne de Conakry \u00e0 10h.<\/p>\n<p>&#8212; Ledit Salon sera pr\u00e9c\u00e9d\u00e9, les 23, 24 et 25 JUIN 2025 de la grande Caravane commerciale et promotionnelle des produits &amp; services du secteur de la finance, de la mon\u00e9tique, des banques, de l&rsquo;assurance et des microfinances de Guin\u00e9e; intitul\u00e9e \u00ab\u00a0Bancariser et Assurer nos March\u00e9s, Entreprises et industries\u00a0\u00bb qui sillonnera les grands march\u00e9s de Conakry, les entreprises et zones industrielles de Coyah et Dubreka.<\/p>\n<p><strong>Le Comit\u00e9 d&rsquo;organisation du SIFIMBAM\u00a0<\/strong><\/p>\n<p><strong>Tel: 620 91 77 25\u00a0<\/strong><\/p>\n<p><a href=\"http:\/\/www.sifimbam.com\">www.sifimbam.com<\/a><\/p>\n<p>&nbsp;<\/p>\n","protected":false},"excerpt":{"rendered":"<p>En pr\u00e9lude \u00e0 la 4\u00e8me \u00e9dition du Salon International de la Finance, de la mon\u00e9tique, des banques, de l&rsquo;assurance et des microfinances de Guin\u00e9e-SIFIMBAM, la commission communication et m\u00e9dias de l&rsquo;\u00e9quipe organisationnelle en partenariat avec certains m\u00e9dias en ligne du pays ont d\u00e9cid\u00e9 de faire immersion dans l&rsquo;univers des acteurs de la finance, de la [&hellip;]<\/p>\n","protected":false},"author":2,"featured_media":35769,"comment_status":"open","ping_status":"closed","sticky":false,"template":"","format":"standard","meta":{"buzzeditor_post_format":"","footnotes":""},"categories":[44],"tags":[],"class_list":["post-35768","post","type-post","status-publish","format-standard","has-post-thumbnail","hentry","category-economie"],"jetpack_featured_media_url":"https:\/\/guineechrono.com\/wp-content\/uploads\/2025\/05\/IMG-20250525-WA0085.jpg","amp_enabled":true,"_links":{"self":[{"href":"https:\/\/guineechrono.com\/index.php\/wp-json\/wp\/v2\/posts\/35768","targetHints":{"allow":["GET"]}}],"collection":[{"href":"https:\/\/guineechrono.com\/index.php\/wp-json\/wp\/v2\/posts"}],"about":[{"href":"https:\/\/guineechrono.com\/index.php\/wp-json\/wp\/v2\/types\/post"}],"author":[{"embeddable":true,"href":"https:\/\/guineechrono.com\/index.php\/wp-json\/wp\/v2\/users\/2"}],"replies":[{"embeddable":true,"href":"https:\/\/guineechrono.com\/index.php\/wp-json\/wp\/v2\/comments?post=35768"}],"version-history":[{"count":1,"href":"https:\/\/guineechrono.com\/index.php\/wp-json\/wp\/v2\/posts\/35768\/revisions"}],"predecessor-version":[{"id":35770,"href":"https:\/\/guineechrono.com\/index.php\/wp-json\/wp\/v2\/posts\/35768\/revisions\/35770"}],"wp:featuredmedia":[{"embeddable":true,"href":"https:\/\/guineechrono.com\/index.php\/wp-json\/wp\/v2\/media\/35769"}],"wp:attachment":[{"href":"https:\/\/guineechrono.com\/index.php\/wp-json\/wp\/v2\/media?parent=35768"}],"wp:term":[{"taxonomy":"category","embeddable":true,"href":"https:\/\/guineechrono.com\/index.php\/wp-json\/wp\/v2\/categories?post=35768"},{"taxonomy":"post_tag","embeddable":true,"href":"https:\/\/guineechrono.com\/index.php\/wp-json\/wp\/v2\/tags?post=35768"}],"curies":[{"name":"wp","href":"https:\/\/api.w.org\/{rel}","templated":true}]}}