{"id":3577,"date":"2019-04-05T10:41:17","date_gmt":"2019-04-05T09:41:17","guid":{"rendered":"http:\/\/guineechrono.com\/?p=3577"},"modified":"2019-04-05T10:41:17","modified_gmt":"2019-04-05T09:41:17","slug":"voici-le-compte-rendu-du-conseil-des-ministres-du-04-avril-2019","status":"publish","type":"post","link":"https:\/\/guineechrono.com\/index.php\/voici-le-compte-rendu-du-conseil-des-ministres-du-04-avril-2019\/","title":{"rendered":"Voici le compte-rendu du conseil des ministres du 04 avril 2019"},"content":{"rendered":"<p>Sous la pr\u00e9sidence de son Excellence Monsieur le Pr\u00e9sident de la R\u00e9publique, le Conseil des Ministres a tenu sa session ordinaire ce jeudi, 04 avril 2019 avec l\u2019ordre du Jour suivant :<\/p>\n<ol>\n<li><strong>MESSAGE DE SON EXCELLENCE MONSIEUR LE PRESIDENT DE LA REPUBLIQUE<\/strong><\/li>\n<li><strong>COMPTE RENDU DE LA SESSION ORDINAIRE DU CONSEIL INTERMINISTERIEL DU MARDI 02 AVRIL 2019<\/strong><\/li>\n<\/ol>\n<p><strong>III. QUESTIONS DIVERSES<\/strong><\/p>\n<p><strong>Au titre du premier point de l\u2019ordre du jour<\/strong><\/p>\n<p>Le Pr\u00e9sident de la R\u00e9publique a demand\u00e9 au Ministre en charge de la Sant\u00e9 Publique d\u2019entreprendre l\u2019organisation dans les meilleurs d\u00e9lais des Etats G\u00e9n\u00e9raux de la Sant\u00e9 afin de poser un diagnostic sans complaisance et d\u00e9cider de mesures correctives efficaces en vue la situation des secteurs de la m\u00e9decine et de la pharmacie en Guin\u00e9e<\/p>\n<p>Le Chef de l\u2019Etat a rappel\u00e9 aux membres du Conseil la n\u00e9cessit\u00e9 d\u2019une ma\u00eetrise constante de la situation budg\u00e9taire de leurs d\u00e9partements respectifs afin d\u2019\u00e9viter tout d\u00e9rapage budg\u00e9taire pouvant compromettre le programme \u00e9conomique et financier conclu avec les institutions internationales. Il a soulign\u00e9 en particulier le r\u00f4le d\u00e9volu au Comit\u00e9 de Tr\u00e9sorerie charg\u00e9 de veiller \u00e0 ce que les d\u00e9penses publiques soient proportionn\u00e9es aux recettes budg\u00e9taires afin d\u2019\u00e9viter toute pouss\u00e9e inflationniste pr\u00e9judiciable au pouvoir d\u2019achat des populations<\/p>\n<p>Le Pr\u00e9sident de la R\u00e9publique a instruit le Ministre en charge de la Ville et de l\u2019Am\u00e9nagement du Territoire d\u2019initier dans de brefs d\u00e9lais la mise en valeur progressive des domaines r\u00e9cup\u00e9r\u00e9s par l\u2019Etat dans le cadre des op\u00e9rations de d\u00e9guerpissement en cours. Il a insist\u00e9 sur l\u2019urgence d\u2019entreprendre la construction des premiers immeubles devant abriter les Minist\u00e8res dans le centre directionnel de Koloma<\/p>\n<p>Le Chef de l\u2019Etat a r\u00e9it\u00e9r\u00e9 la volont\u00e9 du Gouvernement \u00e0 faire appliquer les dispositions l\u00e9gales en vigueur dans le strict respect des droits et des libert\u00e9s consacr\u00e9s par la Constitution. Il a tenu \u00e0 rappeler que la Loi sur la Presse ne pr\u00e9voit pas, pour la r\u00e9pression des d\u00e9lits de diffamation, de peines privatives de libert\u00e9 en dehors des d\u00e9lais \u00e9ventuels de garde \u00e0 vue par ailleurs strictement limit\u00e9s par la Loi<\/p>\n<p>Le Pr\u00e9sident de la R\u00e9publique a instruit les Ministres concern\u00e9s de faire activement participer les populations \u00e0 la base dans la d\u00e9termination de leur besoins prioritaires et dans l\u2019identification des projets \u00e0 financer par l\u2019ANAFIC<\/p>\n<p>Le Chef de l\u2019Etat a rappel\u00e9 l\u2019interdiction formelle d\u2019importation de tenues militaires par des personnes physiques ou morales non habilit\u00e9es. Il a \u00e9galement rappel\u00e9 que le port de tenues militaires par des personnes civiles constituait une infraction grave passible de poursuites judiciaires et exposait les contrevenants \u00e0 de lourdes peines.<\/p>\n<p><strong>\u00b0 AU TITRE DU DEUXIEME POINT DE L\u2019ORDRE DU JOUR,<\/strong><\/p>\n<p><strong>Monsieur le Premier Ministre a pr\u00e9sent\u00e9 au Conseil le compte rendu de la session ordinaire du Conseil Interminist\u00e9riel tenue le 02 avril 2019<\/strong><\/p>\n<p>Le Conseil a entendu successivement<\/p>\n<p><strong>Le Ministre du Tourisme, de l\u2019H\u00f4tellerie et de l\u2019Artisanat\u00a0<\/strong>a<strong>\u00a0<\/strong>soumis pour examen le projet de Loi portant ratification de la R\u00e9solution 521 (XVII) relatif \u00e0 l\u2019amendement de l\u2019article 38 des Statuts de l\u2019Organisation Mondiale du Tourisme (ONT).<\/p>\n<p><strong>L\u2019objectif de cet amendement<\/strong>\u00a0vise \u00e0 introduire le chinois comme langue officielle de l\u2019Organisation, au m\u00eame titre que l\u2019anglais, le fran\u00e7ais, l\u2019espagnol, le russe et l\u2019arabe.<\/p>\n<p>Il a rappel\u00e9 que lors de la 17<sup>\u00e8me<\/sup>\u00a0session tenue en novembre 2007, en Colombie, l\u2019Assembl\u00e9e G\u00e9n\u00e9rale de l\u2019Organisation Mondiale du Tourisme (OMT) a adopt\u00e9 la R\u00e9solution 512 (XVII) relative \u00e0 la demande d\u2019amendement de l\u2019article 38 pr\u00e9sent\u00e9e par la Chine visant \u00e0 introduire le chinois comme l\u2019une des langues officielles.<\/p>\n<p>Le Ministre a d\u00e9clar\u00e9 qu\u2019\u00e0 date, 72 pays membres sur 154 ont accompli la proc\u00e9dure d\u2019approbation de cet amendement.<\/p>\n<p>Il a sollicit\u00e9 la ratification par la Guin\u00e9e de cette R\u00e9solution en vue d\u2019introduire la langue chinoise comme langue officielle.<\/p>\n<p><strong>Au terme de l\u2019expos\u00e9, l<\/strong>e Conseil a d\u00e9cid\u00e9 de l\u2019adoption du projet de D\u00e9cret.<\/p>\n<p><strong>Le Ministre en Charge des Investissements et des Partenariats Publics Priv\u00e9s\u00a0<\/strong>a fait une communication relative \u00e0\u00a0la participation de la Guin\u00e9e \u00e0 l\u2019Exposition 2020 \u00e0 Duba\u00ef.<\/p>\n<p>Il a inform\u00e9 que Son Excellence Monsieur le Pr\u00e9sident de la R\u00e9publique a confirm\u00e9 la participation de la Guin\u00e9e \u00e0 la prochaine exposition universelle qui aura lieu du 20 octobre 2020 au 10 avril 2021 \u00e0 Duba\u00ef. Elle accueillera plus de 180 Nations, 25 millions de visiteurs pour un co\u00fbt estim\u00e9 \u00e0 six milliards de dollars am\u00e9ricains.<\/p>\n<p>Le th\u00e8me central de l\u2019expo 2020 est : \u00ab\u00a0Connecter les esprits, Construire l\u2019avenir\u00a0\u00bb.<\/p>\n<p>Le Ministre a inform\u00e9 que pour sa participation,\u00a0 la Guin\u00e9e b\u00e9n\u00e9ficiera :<\/p>\n<p>\u2013\u00a0\u00a0\u00a0\u00a0\u00a0\u00a0d\u2019un pavillon de 190 m2 sur le site;<\/p>\n<p>\u2013\u00a0\u00a0\u00a0\u00a0\u00a0\u00a0d\u2019un espace conf\u00e9rence de 180 m<sup>2<\/sup>\u00a0;<\/p>\n<p>\u2013\u00a0\u00a0\u00a0\u00a0\u00a0\u00a0d\u2019un espace de vente\u00a0\u00ab\u00a0Boutique Expo Shop\u00a0\u00bb ;<\/p>\n<p>\u2013\u00a0\u00a0\u00a0\u00a0\u00a0\u00a0d\u2019un accompagnement personnalis\u00e9.<\/p>\n<p>Il a d\u00e9clar\u00e9 que ce dispositif permettra \u00e0 la Guin\u00e9e de valoriser ses atouts notamment de promouvoir son potentiel hydrique. A ce titre, notre pays participera dans le district \u00ab\u00a0Durabilit\u00e9\u00bb avec pour sous-th\u00e8me: \u00ab\u00a0D\u00e9veloppement durable et renouvellement urbain ax\u00e9 sur l\u2019eau\u00a0\u00bb.<\/p>\n<p>Le Ministre a justifi\u00e9 les objectifs de notre participation, qui sont multiples, \u00e0 savoir :<\/p>\n<p>\u2013\u00a0\u00a0\u00a0\u00a0\u00a0\u00a0faire connaitre la perception de la Guin\u00e9e sur la sc\u00e8ne internationale\u00a0;<\/p>\n<p>\u2013\u00a0\u00a0\u00a0\u00a0\u00a0\u00a0mettre en avant les opportunit\u00e9s d\u2019investissement et le savoir-faire guin\u00e9en et int\u00e9resser de potentiels investisseurs\u00a0;<\/p>\n<p>\u2013\u00a0\u00a0\u00a0\u00a0\u00a0\u00a0montrer l\u2019engagement de la Guin\u00e9e pour le d\u00e9veloppement durable et inclusif \u00e0 travers son Plan National de D\u00e9veloppement Economique et Social (PNDES).<\/p>\n<p>Il a inform\u00e9 que pour la pr\u00e9paration de l\u2019expo, vingt-six (26) d\u00e9partements minist\u00e9riels sont repr\u00e9sent\u00e9s dans le comit\u00e9 de travail. La pr\u00e9paration l\u2019Expo 2020 est un catalyseur qui permettra de collecter des informations, d\u2019identifier des talents, de monter des programmes et de faire d\u00e9couvrir des innovations qui serviront au-del\u00e0 de l\u2019Expo.<\/p>\n<p>Le Ministre a sollicit\u00e9 l\u2019engagement des membres du Gouvernement pour une participation r\u00e9ussie de la Guin\u00e9e.<\/p>\n<p><strong>Au terme des d\u00e9bats, l<\/strong>e Conseil a accord\u00e9 son soutien au Ministre et recommand\u00e9 la poursuite des travaux de pr\u00e9paration<\/p>\n<p><strong>La Ministre de l\u2019Action Sociale, de la Promotion F\u00e9minine et de l\u2019Enfance<\/strong>\u00a0 a fait une communication relative au recrutement dans la Fonction Publique guin\u00e9enne de 197 personnes handicap\u00e9es et de 120 assistants sociaux.<\/p>\n<p>Elle a rappel\u00e9 que lors de l\u2019\u00e9pid\u00e9mie Ebola, le Minist\u00e8re a jou\u00e9 un r\u00f4le de premier plan en mati\u00e8re d\u2019Assistance sociale. Ce travail tr\u00e8s complexe a \u00e9t\u00e9 r\u00e9alis\u00e9 gr\u00e2ce au d\u00e9vouement de 120 Assistants sociaux form\u00e9s originellement par l\u2019Ecole Nationale de la Sant\u00e9 et ayant b\u00e9n\u00e9fici\u00e9 d\u2019un perfectionnement par les bons soins du PNUD et de l\u2019UNICEF.<\/p>\n<p>La Ministre a rappel\u00e9 que les clauses de leurs engagements sign\u00e9s par ces deux Agences onusiennes pr\u00e9voient leur d\u00e9ploiement dans toutes les zones affect\u00e9es par l\u2019\u00e9pid\u00e9mie et leur int\u00e9gration \u00e0 la Fonction Publique, une fois l\u2019\u00e9pid\u00e9mie \u00e9radiqu\u00e9e.<\/p>\n<p>Elle a d\u00e9clar\u00e9 que le recrutement de 197 personnes handicap\u00e9es et 120 assistants sociaux \u00e0 la Fonction Publique est une excellence opportunit\u00e9 \u00e0 saisir pour r\u00e9tablir une sorte de justice \u00ab\u00a0naturelle\u00a0\u00bb \u00e0 l\u2019\u00e9gard de nos concitoyens porteurs de d\u00e9ficience.<\/p>\n<p><strong>Au terme des d\u00e9bats, l<\/strong>e Conseil a adopt\u00e9 ce programme de r\u00e9insertion et invit\u00e9 les Ministres de l\u2019Action Sociale et de la Fonction Publique \u00e0 proc\u00e9der auparavant \u00e0 l\u2019identification des postes d\u2019affectation et \u00e0 la d\u00e9finition des comp\u00e9tences et des profils requis.<\/p>\n<p><strong>La Ministre du Plan et du D\u00e9veloppement Economique<\/strong>\u00a0a fait une communication relative \u00e0 la mise en \u0153uvre et au suivi du Plan National de D\u00e9veloppement Economique et Social (PNDES).<\/p>\n<p>Elle a indiqu\u00e9 que la mission principale du Dispositif Institutionnel de Suivi Evaluation du PNDES 2016-2020, DISE\u00a0\u00bb est de formaliser et d\u2019animer le dialogue des parties prenantes, sur la performance des actions de d\u00e9veloppement inscrites au PNDES, conform\u00e9ment aux principes directeurs du Plan.<\/p>\n<p>La Ministre a d\u00e9clar\u00e9 que l\u2019objet de sa communication est de soumettre \u00e0 l\u2019appr\u00e9ciation du Conseil, les dispositions prises par le Minist\u00e8re en charge du Plan, pour op\u00e9rationnaliser le Dispositif Institutionnel de suivi et Evaluation du PNDES 2016-2020.<\/p>\n<p>Le dispositif s\u2019articule autour des quatre (4) points suivants\u00a0:<\/p>\n<p>\u2013\u00a0\u00a0\u00a0\u00a0\u00a0\u00a0\u00a0\u00a0le rappel du sch\u00e9ma institutionnel du suivi et de l\u2019\u00e9valuation du PNDES\u00a0;<\/p>\n<p>\u2013\u00a0\u00a0\u00a0\u00a0\u00a0\u00a0\u00a0\u00a0la description du m\u00e9canisme de revues du PNDES\u00a0;<\/p>\n<p>\u2013\u00a0\u00a0\u00a0\u00a0\u00a0\u00a0\u00a0\u00a0la restitution des conclusions de la session extraordinaire du Comit\u00e9 Technique de Suivi\u00a0;<\/p>\n<p>\u2013\u00a0\u00a0\u00a0\u00a0\u00a0\u00a0\u00a0\u00a0la pr\u00e9sentation du programme des revues au titre de l\u2019ann\u00e9e 2019.<\/p>\n<p><strong>Au terme des d\u00e9bats, l<\/strong>e Conseil a donn\u00e9 son soutien \u00e0 la Ministre et recommand\u00e9\u00a0la mise en \u0153uvre et le suivi du PNDES.<\/p>\n<p><strong>AU TITRE DES QUESTIONS DIVERSES<\/strong><\/p>\n<p><strong>Le Ministre d\u2019Etat au Transport, a fait le compte rendu des Journ\u00e9es Nationales de Concertation sur le Hajj tenues \u00e0 Conakry du 19 au 21 mars 2019.<\/strong><\/p>\n<p>Le ministre des Transports a rappel\u00e9 que c\u2019est suite aux diff\u00e9rents constats faits sur l\u2019organisation du Hajj ces derni\u00e8res ann\u00e9es, notamment en 2018 et singuli\u00e8rement en raison des insuffisances et dysfonctionnement ainsi que du fait de la persistance des facteurs de retard dans le processus du p\u00e8lerinage, qu\u2019il a \u00e9t\u00e9 souhait\u00e9 par Monsieur le Pr\u00e9sident de la R\u00e9publique l\u2019organisation d\u2019une large concertation sur les causes et solutions possibles aux insuffisances r\u00e9currentes en vue d\u2019une meilleure qualification du Hajj.<\/p>\n<p>Le Ministre a indiqu\u00e9 que ces journ\u00e9es qui ont regroup\u00e9 266 acteurs publics et priv\u00e9s, intervenants et b\u00e9n\u00e9ficiaires dans le domaine du Hajj ont servi de cadre \u00e0 des d\u00e9bats sur des questions aussi importantes que vari\u00e9es comme\u00a0:<\/p>\n<p>\u2013\u00a0\u00a0\u00a0\u00a0\u00a0\u00a0\u00a0\u00a0l\u2019information et la sensibilisation des p\u00e8lerins<\/p>\n<p>\u2013\u00a0\u00a0\u00a0\u00a0\u00a0\u00a0\u00a0\u00a0le tarif du Hajj<\/p>\n<p>\u2013\u00a0\u00a0\u00a0\u00a0\u00a0\u00a0\u00a0\u00a0le choix du transporteur a\u00e9rien, des agences de voyage agr\u00e9\u00e9es et des Guides<\/p>\n<p>\u2013\u00a0\u00a0\u00a0\u00a0\u00a0\u00a0\u00a0\u00a0les probl\u00e8mes de sant\u00e9 et la vaccination<\/p>\n<p>\u2013\u00a0\u00a0\u00a0\u00a0\u00a0\u00a0\u00a0\u00a0le quota pays et l\u2019inscription<\/p>\n<p>\u2013\u00a0\u00a0\u00a0\u00a0\u00a0\u00a0\u00a0\u00a0la confection des documents de voyage<\/p>\n<p>\u2013\u00a0\u00a0\u00a0\u00a0\u00a0\u00a0\u00a0\u00a0la prise des empreintes digitales<\/p>\n<p>\u2013\u00a0\u00a0\u00a0\u00a0\u00a0\u00a0\u00a0\u00a0l\u2019obtention des visas de s\u00e9jour en Arabie Saoudite<\/p>\n<p>\u2013\u00a0\u00a0\u00a0\u00a0\u00a0\u00a0\u00a0\u00a0la gestion informatis\u00e9e du Hajj<\/p>\n<p>\u2013\u00a0\u00a0\u00a0\u00a0\u00a0\u00a0\u00a0\u00a0la programmation et les formalit\u00e9s de d\u00e9part<\/p>\n<p>\u2013\u00a0\u00a0\u00a0\u00a0\u00a0\u00a0\u00a0\u00a0les probl\u00e8mes d\u2019h\u00e9bergement et de restauration aux Lieux Saints.<\/p>\n<p>Le ministre des Transports a pr\u00e9sent\u00e9 les principales conclusions de ces journ\u00e9es et rappel\u00e9 et sollicit\u00e9 du Conseil l\u2019approbation des 24 r\u00e9solutions issues des d\u00e9bats.<\/p>\n<p>Le Conseil a d\u00e9cid\u00e9 de confirmer le choix de l\u2019avionneur retenu et la fixation du tarif du Hajj 2019 dans les meilleurs d\u00e9lais tout en prenant en compte le cas des arri\u00e9r\u00e9s de paiement de certaines prestations dus au titre du Hajj 2018.<\/p>\n<p>Avant de lever la s\u00e9ance, Monsieur le Pr\u00e9sident de la R\u00e9publique a donn\u00e9 au Conseil de larges informations sur la situation nationale et internationale<strong>\u00a0<\/strong><\/p>\n<p><strong>Le Conseil des Ministres\u00a0<\/strong><\/p>\n<p><strong>Transmis par la Cellule de Communication du Gouvernement<\/strong><\/p>\n<p>&nbsp;<\/p>\n","protected":false},"excerpt":{"rendered":"<p>Sous la pr\u00e9sidence de son Excellence Monsieur le Pr\u00e9sident de la R\u00e9publique, le Conseil des Ministres a tenu sa session ordinaire ce jeudi, 04 avril 2019 avec l\u2019ordre du Jour suivant : MESSAGE DE SON EXCELLENCE MONSIEUR LE PRESIDENT DE LA REPUBLIQUE COMPTE RENDU DE LA SESSION ORDINAIRE DU CONSEIL INTERMINISTERIEL DU MARDI 02 AVRIL [&hellip;]<\/p>\n","protected":false},"author":2,"featured_media":3578,"comment_status":"open","ping_status":"closed","sticky":false,"template":"","format":"standard","meta":{"buzzeditor_post_format":"","footnotes":""},"categories":[1],"tags":[],"class_list":["post-3577","post","type-post","status-publish","format-standard","has-post-thumbnail","hentry","category-non-classe"],"jetpack_featured_media_url":"https:\/\/guineechrono.com\/wp-content\/uploads\/2019\/04\/gouvernement.jpg","amp_enabled":true,"_links":{"self":[{"href":"https:\/\/guineechrono.com\/index.php\/wp-json\/wp\/v2\/posts\/3577","targetHints":{"allow":["GET"]}}],"collection":[{"href":"https:\/\/guineechrono.com\/index.php\/wp-json\/wp\/v2\/posts"}],"about":[{"href":"https:\/\/guineechrono.com\/index.php\/wp-json\/wp\/v2\/types\/post"}],"author":[{"embeddable":true,"href":"https:\/\/guineechrono.com\/index.php\/wp-json\/wp\/v2\/users\/2"}],"replies":[{"embeddable":true,"href":"https:\/\/guineechrono.com\/index.php\/wp-json\/wp\/v2\/comments?post=3577"}],"version-history":[{"count":0,"href":"https:\/\/guineechrono.com\/index.php\/wp-json\/wp\/v2\/posts\/3577\/revisions"}],"wp:featuredmedia":[{"embeddable":true,"href":"https:\/\/guineechrono.com\/index.php\/wp-json\/wp\/v2\/media\/3578"}],"wp:attachment":[{"href":"https:\/\/guineechrono.com\/index.php\/wp-json\/wp\/v2\/media?parent=3577"}],"wp:term":[{"taxonomy":"category","embeddable":true,"href":"https:\/\/guineechrono.com\/index.php\/wp-json\/wp\/v2\/categories?post=3577"},{"taxonomy":"post_tag","embeddable":true,"href":"https:\/\/guineechrono.com\/index.php\/wp-json\/wp\/v2\/tags?post=3577"}],"curies":[{"name":"wp","href":"https:\/\/api.w.org\/{rel}","templated":true}]}}