{"id":35779,"date":"2025-05-26T14:40:10","date_gmt":"2025-05-26T13:40:10","guid":{"rendered":"https:\/\/guineechrono.com\/?p=35779"},"modified":"2025-05-27T10:42:33","modified_gmt":"2025-05-27T09:42:33","slug":"dictee-pgl-2025-au-canada-les-champions-mohamed-traore-et-fatoumata-barry-eleves-au-rang-dambassadeur-de-lunesco-center-for-peace-des-etats-unis-damerique","status":"publish","type":"post","link":"https:\/\/guineechrono.com\/index.php\/dictee-pgl-2025-au-canada-les-champions-mohamed-traore-et-fatoumata-barry-eleves-au-rang-dambassadeur-de-lunesco-center-for-peace-des-etats-unis-damerique\/","title":{"rendered":"Dict\u00e9e PGL 2025 au Canada : les champions, Mohamed Traor\u00e9 et Fatoumata Barry \u00e9lev\u00e9s au rang d\u2019ambassadeur de l\u2019UNESCO CENTER FOR  PEACE des \u00c9tats-Unis d\u2019Am\u00e9rique"},"content":{"rendered":"<p><strong>L\u2019Association Guin\u00e9enne des Ecoles Priv\u00e9es (AGEP) en collaboration avec le minist\u00e8re de l\u2019enseignement pr\u00e9-universitaire et de l\u2019alphab\u00e9tisation a c\u00e9l\u00e9br\u00e9 le vendredi 23 mai 2025 les champions, Mohamed Traor\u00e9 et Fatoumata Barry respectivement premier et troisi\u00e8me lors de \u00a0la 34<sup>\u00e8me<\/sup> \u00e9dition du concours international de dict\u00e9e PGL au Canada.<\/strong><\/p>\n<p>Pr\u00e9sent \u00e0 la rencontre, Mamadou Bhoye Bald\u00e9, l\u2019ambassadeur de l\u2019UNESCO CENTER FOR PEACE des Etats-Unis d\u2019Am\u00e9rique en R\u00e9publique de Guin\u00e9e a rappel\u00e9\u00a0 que malgr\u00e9 que le projet soit francophone, l\u2019ambassade des Etats-Unis d\u2019Am\u00e9rique a accompagn\u00e9 l\u2019initiative d\u00e8s son d\u00e9part. \u00ab On ne peut pas venir ici,\u00a0 sans dire un mot, \u00a0parce que c&rsquo;est les \u00c9tats-Unis d\u2019Am\u00e9rique, la premi\u00e8re puissance mondiale. \u00a0Depuis au d\u00e9part, comme vous le constatez, l&rsquo;Ambassade des \u00c9tats-Unis d&rsquo;Am\u00e9rique a accompagn\u00e9 ce projet, \u00a0et que \u00a0le projet ne soit un programme francophone, mais l&rsquo;ambassade a vis\u00e9 l&rsquo;excellence acad\u00e9mique \u00bb.<\/p>\n<p>Apr\u00e8s son introduction, Mamadou Bhoye Bald\u00e9 a \u00e9lev\u00e9 ces deux champions au rang d\u2019ambassadeur. \u00ab\u00a0Ces enfants, Mohamed Traor\u00e9 et Fatoumata Barry, sont \u00e9lev\u00e9s au rang d&rsquo;ambassadeur de l\u2019UNESCO CENTER FOR\u00a0 PEACE des \u00c9tats-Unis d\u2019Am\u00e9rique. Sans oublier nos deux laur\u00e9ats de l&rsquo;ann\u00e9e pass\u00e9e, on va les d\u00e9corer ici, on va faire le suivi, \u00a0on va les pr\u00e9senter \u00a0au niveau de l&rsquo;ambassade des \u00c9tats-Unis d&rsquo;Am\u00e9rique et personnellement je vais les introduire au niveau du syst\u00e8me des nations Unies. Je vais les pr\u00e9senter \u00e0 la maison commune. On a un projet qu&rsquo;on appelle \u2018\u2019la paix dans les universit\u00e9s\u2019\u2019, on va les introduire afin qu&rsquo;ils se familiarisent d\u00e9j\u00e0 du syst\u00e9mique \u00bb, a-t-il d\u00e9clar\u00e9.<\/p>\n<p><a href=\"https:\/\/guineechrono.com\/wp-content\/uploads\/2025\/05\/IMG-20250524-WA0000-1.jpg\"><img fetchpriority=\"high\" decoding=\"async\" class=\"alignnone size-medium wp-image-35781\" src=\"https:\/\/guineechrono.com\/wp-content\/uploads\/2025\/05\/IMG-20250524-WA0000-1-225x300.jpg\" alt=\"\" width=\"225\" height=\"300\" srcset=\"https:\/\/guineechrono.com\/wp-content\/uploads\/2025\/05\/IMG-20250524-WA0000-1-225x300.jpg 225w, https:\/\/guineechrono.com\/wp-content\/uploads\/2025\/05\/IMG-20250524-WA0000-1-768x1024.jpg 768w, https:\/\/guineechrono.com\/wp-content\/uploads\/2025\/05\/IMG-20250524-WA0000-1-696x928.jpg 696w, https:\/\/guineechrono.com\/wp-content\/uploads\/2025\/05\/IMG-20250524-WA0000-1-315x420.jpg 315w, https:\/\/guineechrono.com\/wp-content\/uploads\/2025\/05\/IMG-20250524-WA0000-1.jpg 810w\" sizes=\"(max-width: 225px) 100vw, 225px\" \/><\/a><a href=\"https:\/\/guineechrono.com\/wp-content\/uploads\/2025\/05\/IMG-20250524-WA0001-1.jpg\"><img decoding=\"async\" class=\"alignnone size-medium wp-image-35782\" src=\"https:\/\/guineechrono.com\/wp-content\/uploads\/2025\/05\/IMG-20250524-WA0001-1-225x300.jpg\" alt=\"\" width=\"225\" height=\"300\" srcset=\"https:\/\/guineechrono.com\/wp-content\/uploads\/2025\/05\/IMG-20250524-WA0001-1-225x300.jpg 225w, https:\/\/guineechrono.com\/wp-content\/uploads\/2025\/05\/IMG-20250524-WA0001-1-768x1024.jpg 768w, https:\/\/guineechrono.com\/wp-content\/uploads\/2025\/05\/IMG-20250524-WA0001-1-696x928.jpg 696w, https:\/\/guineechrono.com\/wp-content\/uploads\/2025\/05\/IMG-20250524-WA0001-1-315x420.jpg 315w, https:\/\/guineechrono.com\/wp-content\/uploads\/2025\/05\/IMG-20250524-WA0001-1.jpg 810w\" sizes=\"(max-width: 225px) 100vw, 225px\" \/><\/a><\/p>\n<p>Selon lui, on ne doit pas se limiter seulement \u00e0 la d\u00e9tection des talents, mais il faut les accompagner. \u00ab\u00a0Le probl\u00e8me que nous avons ici,\u00a0 parfois, on se limite au niveau de la d\u00e9tection des talents et on se limite l\u00e0. Ce n\u2019est pas bon, \u00a0il faut continuer de les accompagner jusqu&rsquo;\u00e0 l&rsquo;insertion\u00a0\u00bb.<\/p>\n<p>Par ailleurs, il a demand\u00e9 au pr\u00e9sident de la R\u00e9publique, g\u00e9n\u00e9ral Mamadi Doumbouya de subventionner l\u2019Association guin\u00e9enne des \u00e9coles priv\u00e9es pour bien mener ce projet. \u00ab Je demande aux autorit\u00e9s de subventionner l&rsquo;Association Guin\u00e9enne des Ecoles Priv\u00e9es (AGEP) \u00e0 l\u2019image de la SENAMSCO. C\u2019est la premi\u00e8re fois que la Guin\u00e9e ait ce titre au niveau international. \u00a0Donc, j&rsquo;esp\u00e8re que le chef de d\u00e9partement, le ministre a bien entendu mon message. Le pr\u00e9sident Mamadi Doumbouya,\u00a0 je sais que \u00a0c&rsquo;est quelqu&rsquo;un qui a un sens de d\u2019\u00e9coute tr\u00e8s fort, et s\u2019il a le message, il va le faire parce qu\u2019il en a fait pour nous \u00bb, a-t-il conclu.<\/p>\n<p>Il faut rappeler que la dict\u00e9e PGL est pilot\u00e9e par la Fondation Paul G\u00e9rard-Lajoie, qui est une haute personnalit\u00e9 canadienne qui a incarn\u00e9 les valeurs de l\u2019\u00e9ducation canadienne, qui a eu une vision lointaine, qui a mis les bases solides de l\u2019\u00e9ducation canadienne. Il a \u00e9t\u00e9 le tout premier titulaire du poste de ministre de l\u2019\u00e9ducation canadienne. Il a cr\u00e9\u00e9 en 1991 un projet intitul\u00e9 la dict\u00e9e PGL, un projet qui porte son nom.<\/p>\n<p><strong>Aboubacar P Camara \u00a0<\/strong><\/p>\n<p>&nbsp;<\/p>\n","protected":false},"excerpt":{"rendered":"<p>L\u2019Association Guin\u00e9enne des Ecoles Priv\u00e9es (AGEP) en collaboration avec le minist\u00e8re de l\u2019enseignement pr\u00e9-universitaire et de l\u2019alphab\u00e9tisation a c\u00e9l\u00e9br\u00e9 le vendredi 23 mai 2025 les champions, Mohamed Traor\u00e9 et Fatoumata Barry respectivement premier et troisi\u00e8me lors de \u00a0la 34\u00e8me \u00e9dition du concours international de dict\u00e9e PGL au Canada. Pr\u00e9sent \u00e0 la rencontre, Mamadou Bhoye Bald\u00e9, [&hellip;]<\/p>\n","protected":false},"author":2,"featured_media":35780,"comment_status":"open","ping_status":"closed","sticky":false,"template":"","format":"standard","meta":{"buzzeditor_post_format":"","footnotes":""},"categories":[42],"tags":[],"class_list":["post-35779","post","type-post","status-publish","format-standard","has-post-thumbnail","hentry","category-news"],"jetpack_featured_media_url":"https:\/\/guineechrono.com\/wp-content\/uploads\/2025\/05\/IMG-20250524-WA0180.jpg","amp_enabled":true,"_links":{"self":[{"href":"https:\/\/guineechrono.com\/index.php\/wp-json\/wp\/v2\/posts\/35779","targetHints":{"allow":["GET"]}}],"collection":[{"href":"https:\/\/guineechrono.com\/index.php\/wp-json\/wp\/v2\/posts"}],"about":[{"href":"https:\/\/guineechrono.com\/index.php\/wp-json\/wp\/v2\/types\/post"}],"author":[{"embeddable":true,"href":"https:\/\/guineechrono.com\/index.php\/wp-json\/wp\/v2\/users\/2"}],"replies":[{"embeddable":true,"href":"https:\/\/guineechrono.com\/index.php\/wp-json\/wp\/v2\/comments?post=35779"}],"version-history":[{"count":4,"href":"https:\/\/guineechrono.com\/index.php\/wp-json\/wp\/v2\/posts\/35779\/revisions"}],"predecessor-version":[{"id":35787,"href":"https:\/\/guineechrono.com\/index.php\/wp-json\/wp\/v2\/posts\/35779\/revisions\/35787"}],"wp:featuredmedia":[{"embeddable":true,"href":"https:\/\/guineechrono.com\/index.php\/wp-json\/wp\/v2\/media\/35780"}],"wp:attachment":[{"href":"https:\/\/guineechrono.com\/index.php\/wp-json\/wp\/v2\/media?parent=35779"}],"wp:term":[{"taxonomy":"category","embeddable":true,"href":"https:\/\/guineechrono.com\/index.php\/wp-json\/wp\/v2\/categories?post=35779"},{"taxonomy":"post_tag","embeddable":true,"href":"https:\/\/guineechrono.com\/index.php\/wp-json\/wp\/v2\/tags?post=35779"}],"curies":[{"name":"wp","href":"https:\/\/api.w.org\/{rel}","templated":true}]}}