{"id":35824,"date":"2025-05-31T13:26:18","date_gmt":"2025-05-31T12:26:18","guid":{"rendered":"https:\/\/guineechrono.com\/?p=35824"},"modified":"2025-05-31T13:26:18","modified_gmt":"2025-05-31T12:26:18","slug":"guinee-ahmed-kante-parmi-les-signataires-dun-pacte-historique-pour-la-stabilite-sociale-et-economique-du-pays","status":"publish","type":"post","link":"https:\/\/guineechrono.com\/index.php\/guinee-ahmed-kante-parmi-les-signataires-dun-pacte-historique-pour-la-stabilite-sociale-et-economique-du-pays\/","title":{"rendered":"Guin\u00e9e : Ahmed Kant\u00e9 parmi les signataires d\u2019un pacte historique pour la stabilit\u00e9 sociale et \u00e9conomique du pays"},"content":{"rendered":"<p>La Guin\u00e9e franchit un cap majeur dans sa marche vers une gouvernance plus inclusive et apais\u00e9e.\u00a0Au cours\u00a0d\u2019une c\u00e9r\u00e9monie solennelle pr\u00e9sid\u00e9e\u00a0\u00e0 Conakry\u00a0par le minist\u00e8re du Travail et de la Fonction publique\u00a0&#8211;\u00a0appuy\u00e9e par\u00a0le Conseil National du Dialogue Social (CNDS) ce vendredi 29 Mai,\u00a0le pays s\u2019est dot\u00e9 d\u2019un Pacte de Stabilit\u00e9 pour la Croissance et le Progr\u00e8s Social.\u00a0Cet acte\u00a0historique\u00a0marque l\u2019engagement des trois piliers du monde du travail,\u00a0\u00e0 savoir\u00a0l\u2019\u00c9tat, les employeurs et les travailleurs \u00e0 \u0153uvrer ensemble pour un climat social durable et une croissance \u00e9conomique \u00e9quitable.<\/p>\n<p>Ce pacte est le fruit d\u2019un processus engag\u00e9 depuis le 4 octobre 2023, date de signature d\u2019un Accord tripartite posant les bases d\u2019une Charte nationale de dialogue social, instrument de r\u00e9gulation voulu par les autorit\u00e9s de la transition, sous l\u2019impulsion du Comit\u00e9 National du Rassemblement pour le D\u00e9veloppement (CNRD).<\/p>\n<p>L\u2019article 11 de cette charte pr\u00e9voit explicitement la mise en place d\u2019un tel pacte, consolidant ainsi un cadre de concertation permanent et institutionnalis\u00e9 entre les acteurs du monde du travail.<\/p>\n<p>Dans un contexte o\u00f9 les tensions sociales, les gr\u00e8ves et les conflits professionnels fragilisent depuis des ann\u00e9es le tissu \u00e9conomique guin\u00e9en, la signature de ce pacte appara\u00eet comme une v\u00e9ritable bouff\u00e9e d\u2019oxyg\u00e8ne. Le ministre du Travail, M.\u00a0Faya Fran\u00e7ois\u00a0Bourouno, a d\u2019ailleurs annonc\u00e9, au nom du gouvernement, la cr\u00e9ation prochaine d\u2019un Observatoire national des relations professionnelles, charg\u00e9 d\u2019anticiper et de d\u00e9samorcer les tensions dans le monde du travail.<\/p>\n<p><a href=\"https:\/\/guineechrono.com\/wp-content\/uploads\/2025\/05\/IMG-20250531-WA0061.jpg\"><img fetchpriority=\"high\" decoding=\"async\" class=\"alignnone size-medium wp-image-35826\" src=\"https:\/\/guineechrono.com\/wp-content\/uploads\/2025\/05\/IMG-20250531-WA0061-200x300.jpg\" alt=\"\" width=\"200\" height=\"300\" srcset=\"https:\/\/guineechrono.com\/wp-content\/uploads\/2025\/05\/IMG-20250531-WA0061-200x300.jpg 200w, https:\/\/guineechrono.com\/wp-content\/uploads\/2025\/05\/IMG-20250531-WA0061-683x1024.jpg 683w, https:\/\/guineechrono.com\/wp-content\/uploads\/2025\/05\/IMG-20250531-WA0061-768x1151.jpg 768w, https:\/\/guineechrono.com\/wp-content\/uploads\/2025\/05\/IMG-20250531-WA0061-1025x1536.jpg 1025w, https:\/\/guineechrono.com\/wp-content\/uploads\/2025\/05\/IMG-20250531-WA0061-1366x2048.jpg 1366w, https:\/\/guineechrono.com\/wp-content\/uploads\/2025\/05\/IMG-20250531-WA0061-696x1043.jpg 696w, https:\/\/guineechrono.com\/wp-content\/uploads\/2025\/05\/IMG-20250531-WA0061-1068x1601.jpg 1068w, https:\/\/guineechrono.com\/wp-content\/uploads\/2025\/05\/IMG-20250531-WA0061-280x420.jpg 280w, https:\/\/guineechrono.com\/wp-content\/uploads\/2025\/05\/IMG-20250531-WA0061.jpg 1708w\" sizes=\"(max-width: 200px) 100vw, 200px\" \/><\/a><\/p>\n<p>Parmi les voix fortes qui se sont exprim\u00e9es \u00e0 cette occasion, Ahmed Kant\u00e9, pr\u00e9sident de la F\u00e9d\u00e9ration patronale des guin\u00e9ens du secteur minier (FEPAMGUI), a salu\u00e9 cette avanc\u00e9e comme une \u00e9tape d\u00e9cisive vers une soci\u00e9t\u00e9 apais\u00e9e et \u00e9conomiquement stable.<\/p>\n<p>\u00ab La signature de ce pacte de stabilit\u00e9 marque un pas d\u00e9cisif dans la pacification de la vie sociale et \u00e9conomique du pays, en ce sens qu\u2019il r\u00e9sulte du dialogue tripartite instaur\u00e9 par le CNRD, dont le r\u00e9sultat est aujourd\u2019hui nettement salu\u00e9 \u00bb, a-t-il d\u00e9clar\u00e9.<\/p>\n<p>Pour cet acteur majeur\u00a0d&rsquo;un\u00a0secteur minier guin\u00e9en,\u00a0souvent sujet \u00e0 des tensions entre exploitants et travailleurs, ce pacte est un prolongement logique des efforts d\u00e9j\u00e0 consentis pour stabiliser le climat social.\u00a0M. Kant\u00e9 a\u00a0cit\u00e9\u00a0notamment la signature de la convention collective du secteur des mines, carri\u00e8res et industries associ\u00e9es, qui constitue, selon lui, un socle de confiance entre les parties prenantes.<\/p>\n<p><a href=\"https:\/\/guineechrono.com\/wp-content\/uploads\/2025\/05\/IMG-20250531-WA0051.jpg\"><img decoding=\"async\" class=\"alignnone size-medium wp-image-35827\" src=\"https:\/\/guineechrono.com\/wp-content\/uploads\/2025\/05\/IMG-20250531-WA0051-135x300.jpg\" alt=\"\" width=\"135\" height=\"300\" srcset=\"https:\/\/guineechrono.com\/wp-content\/uploads\/2025\/05\/IMG-20250531-WA0051-135x300.jpg 135w, https:\/\/guineechrono.com\/wp-content\/uploads\/2025\/05\/IMG-20250531-WA0051-461x1024.jpg 461w, https:\/\/guineechrono.com\/wp-content\/uploads\/2025\/05\/IMG-20250531-WA0051-189x420.jpg 189w, https:\/\/guineechrono.com\/wp-content\/uploads\/2025\/05\/IMG-20250531-WA0051.jpg 468w\" sizes=\"(max-width: 135px) 100vw, 135px\" \/><\/a><\/p>\n<p>\u00ab Le respect de cette convention collective et de la grille salariale qui l\u2019accompagne est un gage de paix et de tranquillit\u00e9, tant pour les travailleurs que pour les employeurs. C\u2019est l\u2019harmonisation de ces int\u00e9r\u00eats qui permettra aux activit\u00e9s mini\u00e8res de se d\u00e9rouler dans un climat serein. Une convention collective comme la n\u00f4tre s\u2019inscrit en droite ligne de ce pacte de dialogue \u00bb, a-t-il ajout\u00e9.<\/p>\n<p>Ce pacte\u00a0embo\u00eete\u00a0une dynamique soutenue par le Bureau International du Travail (BIT), partenaire strat\u00e9gique de la Guin\u00e9e dans cette r\u00e9forme. Gr\u00e2ce \u00e0 cet accompagnement technique et institutionnel, le pays met en place des outils de gouvernance sociale align\u00e9s sur les standards internationaux en mati\u00e8re de dialogue tripartite et de justice sociale.<\/p>\n<p>La signature de ce pacte ouvre d\u00e9sormais la voie \u00e0 une \u00e8re nouvelle pour les relations du travail en Guin\u00e9e, fond\u00e9e sur la confiance mutuelle, le respect des engagements et une volont\u00e9 commune d\u2019\u00e9radiquer les conflits sociaux par la pr\u00e9vention, la concertation et la transparence.<\/p>\n<p>La balle est d\u00e9sormais dans le camp des acteurs pour en assurer la mise en \u0153uvre effective. Mais une chose est s\u00fbre : la Guin\u00e9e a pris un virage historique, et l\u2019espoir d\u2019un avenir plus serein est permis.<\/p>\n<p><strong>Ahmed BAH\u00a0<\/strong><\/p>\n","protected":false},"excerpt":{"rendered":"<p>La Guin\u00e9e franchit un cap majeur dans sa marche vers une gouvernance plus inclusive et apais\u00e9e.\u00a0Au cours\u00a0d\u2019une c\u00e9r\u00e9monie solennelle pr\u00e9sid\u00e9e\u00a0\u00e0 Conakry\u00a0par le minist\u00e8re du Travail et de la Fonction publique\u00a0&#8211;\u00a0appuy\u00e9e par\u00a0le Conseil National du Dialogue Social (CNDS) ce vendredi 29 Mai,\u00a0le pays s\u2019est dot\u00e9 d\u2019un Pacte de Stabilit\u00e9 pour la Croissance et le Progr\u00e8s Social.\u00a0Cet [&hellip;]<\/p>\n","protected":false},"author":2,"featured_media":35825,"comment_status":"open","ping_status":"closed","sticky":false,"template":"","format":"standard","meta":{"buzzeditor_post_format":"","footnotes":""},"categories":[42],"tags":[],"class_list":["post-35824","post","type-post","status-publish","format-standard","has-post-thumbnail","hentry","category-news"],"jetpack_featured_media_url":"https:\/\/guineechrono.com\/wp-content\/uploads\/2025\/05\/IMG-20250531-WA0064.jpg","amp_enabled":true,"_links":{"self":[{"href":"https:\/\/guineechrono.com\/index.php\/wp-json\/wp\/v2\/posts\/35824","targetHints":{"allow":["GET"]}}],"collection":[{"href":"https:\/\/guineechrono.com\/index.php\/wp-json\/wp\/v2\/posts"}],"about":[{"href":"https:\/\/guineechrono.com\/index.php\/wp-json\/wp\/v2\/types\/post"}],"author":[{"embeddable":true,"href":"https:\/\/guineechrono.com\/index.php\/wp-json\/wp\/v2\/users\/2"}],"replies":[{"embeddable":true,"href":"https:\/\/guineechrono.com\/index.php\/wp-json\/wp\/v2\/comments?post=35824"}],"version-history":[{"count":1,"href":"https:\/\/guineechrono.com\/index.php\/wp-json\/wp\/v2\/posts\/35824\/revisions"}],"predecessor-version":[{"id":35828,"href":"https:\/\/guineechrono.com\/index.php\/wp-json\/wp\/v2\/posts\/35824\/revisions\/35828"}],"wp:featuredmedia":[{"embeddable":true,"href":"https:\/\/guineechrono.com\/index.php\/wp-json\/wp\/v2\/media\/35825"}],"wp:attachment":[{"href":"https:\/\/guineechrono.com\/index.php\/wp-json\/wp\/v2\/media?parent=35824"}],"wp:term":[{"taxonomy":"category","embeddable":true,"href":"https:\/\/guineechrono.com\/index.php\/wp-json\/wp\/v2\/categories?post=35824"},{"taxonomy":"post_tag","embeddable":true,"href":"https:\/\/guineechrono.com\/index.php\/wp-json\/wp\/v2\/tags?post=35824"}],"curies":[{"name":"wp","href":"https:\/\/api.w.org\/{rel}","templated":true}]}}