{"id":35841,"date":"2025-06-01T14:39:39","date_gmt":"2025-06-01T13:39:39","guid":{"rendered":"https:\/\/guineechrono.com\/?p=35841"},"modified":"2025-06-01T14:39:39","modified_gmt":"2025-06-01T13:39:39","slug":"defendre-lhonneur-rappeler-les-fondamentaux-le-journalisme-nest-pas-un-terrain-de-reglements-de-comptes","status":"publish","type":"post","link":"https:\/\/guineechrono.com\/index.php\/defendre-lhonneur-rappeler-les-fondamentaux-le-journalisme-nest-pas-un-terrain-de-reglements-de-comptes\/","title":{"rendered":"D\u00e9fendre l&rsquo;honneur, rappeler les fondamentaux : le journalisme n&rsquo;est pas un terrain de r\u00e8glements de comptes"},"content":{"rendered":"<p>Alors que l\u2019\u00e9thique et la responsabilit\u00e9 devraient rester les piliers de toute pratique journalistique, certains \u00e9crits r\u00e9cents ont soulev\u00e9 des inqui\u00e9tudes l\u00e9gitimes sur les d\u00e9rives possibles d\u2019une presse trop prompte \u00e0 accuser sans fondement. C\u2019est dans ce contexte qu\u2019il convient de rappeler le B.A.-BA du journalisme : v\u00e9rifier les faits, croiser les sources, et s\u2019abstenir de nuire \u00e0 la r\u00e9putation d\u2019un individu sans preuve tangible.<\/p>\n<p>Le Ministre Directeur de Cabinet \u00e0 la Primature, Monsieur Mohamed Lamine Sy Savan\u00e9, est aujourd\u2019hui injustement la cible de certaines all\u00e9gations infond\u00e9es. Pourtant, son action dans la gestion d\u2019un dossier aussi sensible que celui du Hadj 2025 m\u00e9rite au contraire reconnaissance et discernement.<\/p>\n<p>Un r\u00f4le de coordination dans un contexte complexe<\/p>\n<p>Selon des sources concordantes, lorsque des victimes pr\u00e9sum\u00e9es d\u2019escroquerie li\u00e9es \u00e0 l\u2019organisation du p\u00e8lerinage sont venues solliciter l\u2019intervention des autorit\u00e9s, c\u2019est \u00e0 Monsieur Mohamed Lamine Sy Savan\u00e9, en sa qualit\u00e9 de Coordinateur des actions gouvernementales, qu\u2019il a \u00e9t\u00e9 confi\u00e9 la mission de g\u00e9rer la situation. Loin de fuir ses responsabilit\u00e9s, ce dernier s\u2019est activ\u00e9, avec rigueur et professionnalisme, pour apporter une r\u00e9ponse digne aux pr\u00e9occupations de ses compatriotes.<\/p>\n<p>Il est \u00e9galement important de corriger certaines contre-v\u00e9rit\u00e9s. Contrairement \u00e0 ce qui a \u00e9t\u00e9 avanc\u00e9 dans certains m\u00e9dias, aucun accord n\u2019a \u00e9t\u00e9 pass\u00e9 avec le S\u00e9n\u00e9gal pour transporter les p\u00e8lerins guin\u00e9ens, faute de compagnie s\u00e9n\u00e9galaise disposant de la logistique n\u00e9cessaire \u00e0 cet effet. Ces affirmations rel\u00e8vent donc plus de la rumeur que d\u2019une analyse fond\u00e9e.<\/p>\n<p>Les mots ont un poids, la plume une responsabilit\u00e9<\/p>\n<p>Critiquer l\u2019action publique est un droit. C\u2019est m\u00eame une fonction essentielle dans toute d\u00e9mocratie. Mais transformer la critique en d\u00e9sinformation nuit \u00e0 la cr\u00e9dibilit\u00e9 de la presse elle-m\u00eame. \u00c0 ce titre, ceux que l\u2019on pourrait appeler les \u00ab mercenaires de la plume \u00bb gagneraient \u00e0 se rappeler que le journalisme ne s\u2019\u00e9crit ni au march\u00e9 Madina, ni \u00e0 la h\u00e2te d\u2019un clavier mal inspir\u00e9. Il s\u2019\u00e9crit avec s\u00e9rieux, recul, et respect des faits.<\/p>\n<p>La R\u00e9publique m\u00e9rite mieux<\/p>\n<p>Monsieur Mohamed Lamine Sy Savan\u00e9, \u00e0 travers ses interventions, incarne une volont\u00e9 de conciliation et d\u2019apaisement dans la gestion de l\u2019\u00c9tat. Chercher \u00e0 salir une telle figure sans fondement apparent rel\u00e8ve d\u2019un acharnement mal plac\u00e9. Il serait plus utile pour la presse de consacrer son \u00e9nergie \u00e0 \u00e9clairer l\u2019opinion publique plut\u00f4t qu\u2019\u00e0 alimenter des pol\u00e9miques st\u00e9riles.<\/p>\n<p>La R\u00e9publique m\u00e9rite mieux que des scandales en carton. Elle m\u00e9rite une presse digne, professionnelle, et attach\u00e9e \u00e0 la v\u00e9rit\u00e9.<\/p>\n<p>\u00c0 bon entendeur, salut.<\/p>\n<p><strong>Source\u00a0: guineemining.info <\/strong><\/p>\n<p><strong>\u00a0<\/strong><\/p>\n","protected":false},"excerpt":{"rendered":"<p>Alors que l\u2019\u00e9thique et la responsabilit\u00e9 devraient rester les piliers de toute pratique journalistique, certains \u00e9crits r\u00e9cents ont soulev\u00e9 des inqui\u00e9tudes l\u00e9gitimes sur les d\u00e9rives possibles d\u2019une presse trop prompte \u00e0 accuser sans fondement. C\u2019est dans ce contexte qu\u2019il convient de rappeler le B.A.-BA du journalisme : v\u00e9rifier les faits, croiser les sources, et s\u2019abstenir [&hellip;]<\/p>\n","protected":false},"author":2,"featured_media":35842,"comment_status":"open","ping_status":"closed","sticky":false,"template":"","format":"standard","meta":{"buzzeditor_post_format":"","footnotes":""},"categories":[42],"tags":[],"class_list":["post-35841","post","type-post","status-publish","format-standard","has-post-thumbnail","hentry","category-news"],"jetpack_featured_media_url":"https:\/\/guineechrono.com\/wp-content\/uploads\/2025\/06\/IMG-20250601-WA0016.jpg","amp_enabled":true,"_links":{"self":[{"href":"https:\/\/guineechrono.com\/index.php\/wp-json\/wp\/v2\/posts\/35841","targetHints":{"allow":["GET"]}}],"collection":[{"href":"https:\/\/guineechrono.com\/index.php\/wp-json\/wp\/v2\/posts"}],"about":[{"href":"https:\/\/guineechrono.com\/index.php\/wp-json\/wp\/v2\/types\/post"}],"author":[{"embeddable":true,"href":"https:\/\/guineechrono.com\/index.php\/wp-json\/wp\/v2\/users\/2"}],"replies":[{"embeddable":true,"href":"https:\/\/guineechrono.com\/index.php\/wp-json\/wp\/v2\/comments?post=35841"}],"version-history":[{"count":1,"href":"https:\/\/guineechrono.com\/index.php\/wp-json\/wp\/v2\/posts\/35841\/revisions"}],"predecessor-version":[{"id":35843,"href":"https:\/\/guineechrono.com\/index.php\/wp-json\/wp\/v2\/posts\/35841\/revisions\/35843"}],"wp:featuredmedia":[{"embeddable":true,"href":"https:\/\/guineechrono.com\/index.php\/wp-json\/wp\/v2\/media\/35842"}],"wp:attachment":[{"href":"https:\/\/guineechrono.com\/index.php\/wp-json\/wp\/v2\/media?parent=35841"}],"wp:term":[{"taxonomy":"category","embeddable":true,"href":"https:\/\/guineechrono.com\/index.php\/wp-json\/wp\/v2\/categories?post=35841"},{"taxonomy":"post_tag","embeddable":true,"href":"https:\/\/guineechrono.com\/index.php\/wp-json\/wp\/v2\/tags?post=35841"}],"curies":[{"name":"wp","href":"https:\/\/api.w.org\/{rel}","templated":true}]}}