{"id":35844,"date":"2025-06-02T13:06:04","date_gmt":"2025-06-02T12:06:04","guid":{"rendered":"https:\/\/guineechrono.com\/?p=35844"},"modified":"2025-06-02T13:06:04","modified_gmt":"2025-06-02T12:06:04","slug":"bruxelles-la-diaspora-guineenne-reaffirme-son-soutien-a-la-refondation-par-honorable-cheick-tidiane-traore","status":"publish","type":"post","link":"https:\/\/guineechrono.com\/index.php\/bruxelles-la-diaspora-guineenne-reaffirme-son-soutien-a-la-refondation-par-honorable-cheick-tidiane-traore\/","title":{"rendered":"Bruxelles : la diaspora guin\u00e9enne r\u00e9affirme son soutien \u00e0 la refondation (par  Honorable Cheick Tidiane Traor\u00e9)"},"content":{"rendered":"<p>Ce samedi 31 mai 2025, une mobilisation d\u2019ampleur a rassembl\u00e9, devant le Parlement europ\u00e9en \u00e0 Bruxelles, des citoyennes et citoyens guin\u00e9ens venus de toute l\u2019Europe. Le motif de cette convergence \u00e9tait clair et sans \u00e9quivoque : r\u00e9affirmer, avec ferveur et responsabilit\u00e9, leur attachement profond \u00e0 la dynamique de refondation nationale impuls\u00e9e par le Comit\u00e9 National du Rassemblement pour le D\u00e9veloppement (CNRD), sous la haute autorit\u00e9 du Pr\u00e9sident de la R\u00e9publique, le G\u00e9n\u00e9ral Mamadi Doumbouya.<\/p>\n<p>Par leurs discours, pancartes, slogans et chants, ces Guin\u00e9ens de la diaspora ont lanc\u00e9 un appel fort et digne \u00e0 l\u2019Union europ\u00e9enne, l\u2019invitant \u00e0 renforcer son partenariat avec la Guin\u00e9e dans une logique de coop\u00e9ration sinc\u00e8re, \u00e9quitable et mutuellement b\u00e9n\u00e9fique. Ils ont salu\u00e9 les avanc\u00e9es notables r\u00e9alis\u00e9es depuis le 5 septembre 2021, notamment en mati\u00e8re de gouvernance, d\u2019infrastructures, de r\u00e9formes institutionnelles et de restauration de la souverainet\u00e9. Ils ont, en outre, exprim\u00e9-sans d\u00e9tour-leur d\u00e9sir de voir le G\u00e9n\u00e9ral Mamadi Doumbouya briguer la magistrature supr\u00eame \u00e0 l\u2019issue de la transition, tant ils estiment que son leadership providentiel incarne aujourd\u2019hui une esp\u00e9rance cr\u00e9dible et un cap pour l\u2019avenir.<\/p>\n<p>Ce rassemblement s\u2019est inscrit dans un esprit de civisme, de dignit\u00e9 et de pleine adh\u00e9sion aux principes universels de libert\u00e9 d\u2019expression et d\u2019opinion. Il a permis \u00e0 des Guin\u00e9ens libres et engag\u00e9s d\u2019exprimer pacifiquement leurs convictions, comme le leur garantissent les chartes internationales des droits de l\u2019Homme et les fondements m\u00eame de toute d\u00e9mocratie moderne.<\/p>\n<p>Mais h\u00e9las, quelques individus, minoritaires et manifestement agac\u00e9s par la visibilit\u00e9 grandissante du soutien populaire au CNRD, ont tent\u00e9, dans un geste aussi maladroit que contraire aux valeurs d\u00e9mocratiques qu\u2019ils pr\u00e9tendent d\u00e9fendre, d\u2019entraver la libert\u00e9 d\u2019expression de leurs compatriotes. Promptement rappel\u00e9s \u00e0 l\u2019ordre par les forces de s\u00e9curit\u00e9 belges, ces perturbateurs n\u2019ont en rien alt\u00e9r\u00e9 la solennit\u00e9 et la port\u00e9e de la manifestation. Faut-il leur rappeler que Bruxelles, comme toute capitale d\u2019un \u00c9tat de droit, n\u2019est pas un terrain de monopole id\u00e9ologique, mais un espace de libre confrontation des id\u00e9es ?<\/p>\n<p>Le paradoxe est d\u2019autant plus saisissant que ces m\u00eames contestataires organisent r\u00e9guli\u00e8rement, et sans entraves, leurs propres manifestations dans cette m\u00eame ville pour exprimer leur opposition au CNRD. Jamais, aucun partisan de la refondation ne s\u2019est interpos\u00e9. Voil\u00e0 ce qu\u2019on appelle la tol\u00e9rance d\u00e9mocratique, le respect du pluralisme et la maturit\u00e9 politique.<\/p>\n<p>Car au fond, c\u2019est cela qui fait la noblesse du d\u00e9bat d\u00e9mocratique : la reconnaissance du droit de l\u2019autre \u00e0 penser autrement. Nul ne d\u00e9tient l\u2019exclusivit\u00e9 de la v\u00e9rit\u00e9, et aucune opinion, f\u00fbt-elle minoritaire ou majoritaire, ne doit se voir musel\u00e9e tant qu\u2019elle s\u2019exprime dans les limites du droit et du respect mutuel. La Guin\u00e9e que nous construisons ensemble \u2014 depuis les fondations pos\u00e9es par le CNRD \u2014 est celle d\u2019un dialogue ouvert, d\u2019une citoyennet\u00e9 inclusive et d\u2019un avenir r\u00e9concili\u00e9.<\/p>\n<p>Oui, on peut \u00eatre opposant sans \u00eatre intol\u00e9rant. Oui, on peut critiquer sans emp\u00eacher autrui de s\u2019exprimer. Oui, on peut diverger sans se renier mutuellement. C\u2019est \u00e0 cette exigence \u00e9thique et d\u00e9mocratique que nous devons collectivement nous \u00e9lever, que l\u2019on soit en Guin\u00e9e ou dans la diaspora.<\/p>\n<p>En offrant \u00e0 la Guin\u00e9e un cadre de transitions assainies, des institutions progressivement restaur\u00e9es, et une diplomatie revivifi\u00e9e, le G\u00e9n\u00e9ral Mamadi Doumbouya et le CNRD redonnent \u00e0 notre nation sa voix et sa dignit\u00e9 sur la sc\u00e8ne internationale. Que chacun puisse librement s\u2019exprimer est un pilier de cette refondation : \u00e0 nous tous de faire vivre cette libert\u00e9, non en l\u2019opposant aux autres, mais en la partageant avec respect.<\/p>\n<p><strong>Honorable Cheick Tidiane Traor\u00e9\u00a0<\/strong><\/p>\n<p><strong>Secr\u00e9taire Ex\u00e9cutif National de la Synergie GMD25<\/strong><\/p>\n","protected":false},"excerpt":{"rendered":"<p>Ce samedi 31 mai 2025, une mobilisation d\u2019ampleur a rassembl\u00e9, devant le Parlement europ\u00e9en \u00e0 Bruxelles, des citoyennes et citoyens guin\u00e9ens venus de toute l\u2019Europe. Le motif de cette convergence \u00e9tait clair et sans \u00e9quivoque : r\u00e9affirmer, avec ferveur et responsabilit\u00e9, leur attachement profond \u00e0 la dynamique de refondation nationale impuls\u00e9e par le Comit\u00e9 National [&hellip;]<\/p>\n","protected":false},"author":2,"featured_media":35845,"comment_status":"open","ping_status":"closed","sticky":false,"template":"","format":"standard","meta":{"buzzeditor_post_format":"","footnotes":""},"categories":[42],"tags":[],"class_list":["post-35844","post","type-post","status-publish","format-standard","has-post-thumbnail","hentry","category-news"],"jetpack_featured_media_url":"https:\/\/guineechrono.com\/wp-content\/uploads\/2025\/06\/Bruxuelless.jpg","amp_enabled":true,"_links":{"self":[{"href":"https:\/\/guineechrono.com\/index.php\/wp-json\/wp\/v2\/posts\/35844","targetHints":{"allow":["GET"]}}],"collection":[{"href":"https:\/\/guineechrono.com\/index.php\/wp-json\/wp\/v2\/posts"}],"about":[{"href":"https:\/\/guineechrono.com\/index.php\/wp-json\/wp\/v2\/types\/post"}],"author":[{"embeddable":true,"href":"https:\/\/guineechrono.com\/index.php\/wp-json\/wp\/v2\/users\/2"}],"replies":[{"embeddable":true,"href":"https:\/\/guineechrono.com\/index.php\/wp-json\/wp\/v2\/comments?post=35844"}],"version-history":[{"count":1,"href":"https:\/\/guineechrono.com\/index.php\/wp-json\/wp\/v2\/posts\/35844\/revisions"}],"predecessor-version":[{"id":35846,"href":"https:\/\/guineechrono.com\/index.php\/wp-json\/wp\/v2\/posts\/35844\/revisions\/35846"}],"wp:featuredmedia":[{"embeddable":true,"href":"https:\/\/guineechrono.com\/index.php\/wp-json\/wp\/v2\/media\/35845"}],"wp:attachment":[{"href":"https:\/\/guineechrono.com\/index.php\/wp-json\/wp\/v2\/media?parent=35844"}],"wp:term":[{"taxonomy":"category","embeddable":true,"href":"https:\/\/guineechrono.com\/index.php\/wp-json\/wp\/v2\/categories?post=35844"},{"taxonomy":"post_tag","embeddable":true,"href":"https:\/\/guineechrono.com\/index.php\/wp-json\/wp\/v2\/tags?post=35844"}],"curies":[{"name":"wp","href":"https:\/\/api.w.org\/{rel}","templated":true}]}}