{"id":35858,"date":"2025-06-02T19:39:19","date_gmt":"2025-06-02T18:39:19","guid":{"rendered":"https:\/\/guineechrono.com\/?p=35858"},"modified":"2025-06-02T19:39:19","modified_gmt":"2025-06-02T18:39:19","slug":"sante-la-journee-mondiale-de-la-lutte-contre-le-tabac-celebree-a-conakry-par-long-generation-sans-tabac","status":"publish","type":"post","link":"https:\/\/guineechrono.com\/index.php\/sante-la-journee-mondiale-de-la-lutte-contre-le-tabac-celebree-a-conakry-par-long-generation-sans-tabac\/","title":{"rendered":"Sant\u00e9 : la journ\u00e9e mondiale de la lutte contre le tabac c\u00e9l\u00e9br\u00e9e \u00e0 Conakry par l\u2019ONG \u2018\u2019G\u00e9n\u00e9ration Sans Tabac\u2019\u2019"},"content":{"rendered":"<p><strong>Le 31 mai de chaque ann\u00e9e, l\u2019humanit\u00e9 c\u00e9l\u00e8bre la journ\u00e9e mondiale de lutte contre le tabac. En Guin\u00e9e, cette journ\u00e9e a \u00e9t\u00e9 c\u00e9l\u00e9br\u00e9e ce lundi 2 juin 2025 en diff\u00e9r\u00e9 par l\u2019ONG \u2018\u2019G\u00e9n\u00e9ration Sans Tabac\u2019\u2019 au coll\u00e8ge Boulbinet 2 dans la commune de Kaloum sous le th\u00e8me\u00a0: \u2018\u2019Levons le masque\u2019\u2019.<\/strong><\/p>\n<p><a href=\"https:\/\/guineechrono.com\/wp-content\/uploads\/2025\/06\/503234526_1262791995640575_3432681403918158153_n.jpg\"><img fetchpriority=\"high\" decoding=\"async\" class=\"alignnone size-medium wp-image-35860\" src=\"https:\/\/guineechrono.com\/wp-content\/uploads\/2025\/06\/503234526_1262791995640575_3432681403918158153_n-300x169.jpg\" alt=\"\" width=\"300\" height=\"169\" srcset=\"https:\/\/guineechrono.com\/wp-content\/uploads\/2025\/06\/503234526_1262791995640575_3432681403918158153_n-300x169.jpg 300w, https:\/\/guineechrono.com\/wp-content\/uploads\/2025\/06\/503234526_1262791995640575_3432681403918158153_n-1024x577.jpg 1024w, https:\/\/guineechrono.com\/wp-content\/uploads\/2025\/06\/503234526_1262791995640575_3432681403918158153_n-768x432.jpg 768w, https:\/\/guineechrono.com\/wp-content\/uploads\/2025\/06\/503234526_1262791995640575_3432681403918158153_n-1536x865.jpg 1536w, https:\/\/guineechrono.com\/wp-content\/uploads\/2025\/06\/503234526_1262791995640575_3432681403918158153_n-696x392.jpg 696w, https:\/\/guineechrono.com\/wp-content\/uploads\/2025\/06\/503234526_1262791995640575_3432681403918158153_n-1068x601.jpg 1068w, https:\/\/guineechrono.com\/wp-content\/uploads\/2025\/06\/503234526_1262791995640575_3432681403918158153_n-746x420.jpg 746w, https:\/\/guineechrono.com\/wp-content\/uploads\/2025\/06\/503234526_1262791995640575_3432681403918158153_n-1920x1081.jpg 1920w, https:\/\/guineechrono.com\/wp-content\/uploads\/2025\/06\/503234526_1262791995640575_3432681403918158153_n.jpg 2048w\" sizes=\"(max-width: 300px) 100vw, 300px\" \/><\/a><\/p>\n<p>C\u2019est une journ\u00e9e de sensibilisation sur les risques et les dangers li\u00e9s \u00e0 la consommation du tabac et ses d\u00e9riv\u00e9s.<\/p>\n<p><a href=\"https:\/\/guineechrono.com\/wp-content\/uploads\/2025\/06\/502727120_1262791312307310_84217670526268839_n.jpg\"><img decoding=\"async\" class=\"alignnone size-medium wp-image-35861\" src=\"https:\/\/guineechrono.com\/wp-content\/uploads\/2025\/06\/502727120_1262791312307310_84217670526268839_n-300x169.jpg\" alt=\"\" width=\"300\" height=\"169\" srcset=\"https:\/\/guineechrono.com\/wp-content\/uploads\/2025\/06\/502727120_1262791312307310_84217670526268839_n-300x169.jpg 300w, https:\/\/guineechrono.com\/wp-content\/uploads\/2025\/06\/502727120_1262791312307310_84217670526268839_n-1024x577.jpg 1024w, https:\/\/guineechrono.com\/wp-content\/uploads\/2025\/06\/502727120_1262791312307310_84217670526268839_n-768x432.jpg 768w, https:\/\/guineechrono.com\/wp-content\/uploads\/2025\/06\/502727120_1262791312307310_84217670526268839_n-1536x865.jpg 1536w, https:\/\/guineechrono.com\/wp-content\/uploads\/2025\/06\/502727120_1262791312307310_84217670526268839_n-696x392.jpg 696w, https:\/\/guineechrono.com\/wp-content\/uploads\/2025\/06\/502727120_1262791312307310_84217670526268839_n-1068x601.jpg 1068w, https:\/\/guineechrono.com\/wp-content\/uploads\/2025\/06\/502727120_1262791312307310_84217670526268839_n-746x420.jpg 746w, https:\/\/guineechrono.com\/wp-content\/uploads\/2025\/06\/502727120_1262791312307310_84217670526268839_n-1920x1081.jpg 1920w, https:\/\/guineechrono.com\/wp-content\/uploads\/2025\/06\/502727120_1262791312307310_84217670526268839_n.jpg 2048w\" sizes=\"(max-width: 300px) 100vw, 300px\" \/><\/a><\/p>\n<p>Dans sa prise de parole, Mme \u00c9lite CAMARA \u00a0principale du coll\u00e8ge Boulbinet 2, a remerci\u00e9 l\u2019ONG g\u00e9n\u00e9ration sans tabac, pour le choix de son \u00e9tablissement afin de sensibiliser ses enseignants et \u00e9l\u00e8ves contre ce fl\u00e9au.<\/p>\n<p>Au nom de l\u2019organisation mondiale de la sant\u00e9 (OMS), Issiaga Konat\u00e9 est revenu sur l\u2019objectif de ladite c\u00e9r\u00e9monie avant d\u2019\u00e9voquer les dangers li\u00e9s \u00e0 la consommation du tabac.<\/p>\n<p><a href=\"https:\/\/guineechrono.com\/wp-content\/uploads\/2025\/06\/502973425_1262791238973984_3858051479405058362_n.jpg\"><img decoding=\"async\" class=\"alignnone size-medium wp-image-35862\" src=\"https:\/\/guineechrono.com\/wp-content\/uploads\/2025\/06\/502973425_1262791238973984_3858051479405058362_n-300x169.jpg\" alt=\"\" width=\"300\" height=\"169\" srcset=\"https:\/\/guineechrono.com\/wp-content\/uploads\/2025\/06\/502973425_1262791238973984_3858051479405058362_n-300x169.jpg 300w, https:\/\/guineechrono.com\/wp-content\/uploads\/2025\/06\/502973425_1262791238973984_3858051479405058362_n-1024x577.jpg 1024w, https:\/\/guineechrono.com\/wp-content\/uploads\/2025\/06\/502973425_1262791238973984_3858051479405058362_n-768x432.jpg 768w, https:\/\/guineechrono.com\/wp-content\/uploads\/2025\/06\/502973425_1262791238973984_3858051479405058362_n-1536x865.jpg 1536w, https:\/\/guineechrono.com\/wp-content\/uploads\/2025\/06\/502973425_1262791238973984_3858051479405058362_n-696x392.jpg 696w, https:\/\/guineechrono.com\/wp-content\/uploads\/2025\/06\/502973425_1262791238973984_3858051479405058362_n-1068x601.jpg 1068w, https:\/\/guineechrono.com\/wp-content\/uploads\/2025\/06\/502973425_1262791238973984_3858051479405058362_n-746x420.jpg 746w, https:\/\/guineechrono.com\/wp-content\/uploads\/2025\/06\/502973425_1262791238973984_3858051479405058362_n-1920x1081.jpg 1920w, https:\/\/guineechrono.com\/wp-content\/uploads\/2025\/06\/502973425_1262791238973984_3858051479405058362_n.jpg 2048w\" sizes=\"(max-width: 300px) 100vw, 300px\" \/><\/a><\/p>\n<p>\u00ab\u00a0Nous sommes r\u00e9unis aujourd\u2019hui pour c\u00e9l\u00e9brer la journ\u00e9e mondiale de lutte contre le tabac. Et j\u2019ai l\u2019insigne honneur de livrer le message du directeur r\u00e9gional de l&rsquo;Organisation Mondiale de la Sant\u00e9 pour l&rsquo;Afrique et du Repr\u00e9sentant r\u00e9sident de l&rsquo;OMS \u00e0 R\u00e9publique de Guin\u00e9e.<\/p>\n<p>Selon l&rsquo;Organisation mondiale de la sant\u00e9, il y a 23 maladies li\u00e9es \u00e0 la consommation du tabac. Il s&rsquo;agit du cancer du poumon, \u00a0cancer de la gorge, cancer de colle de l\u2019ut\u00e9rus, cancer du sein et d\u2019autres maladies\u00a0\u00bb.<\/p>\n<p>Selon lui, chaque ann\u00e9e, il y a plus de 6 million de d\u00e9c\u00e8s dans le monde li\u00e9s \u00e0 la consommation du tabac.\u00a0 \u00ab\u00a0En 2024, il y avait plus de 165 milles personnes qui sont d\u00e9c\u00e9d\u00e9s dans la r\u00e9gion africaine des suites du tabac. Le danger du tabac n&rsquo;est pas li\u00e9 uniquement \u00e0 la vie du fumeur.\u00a0 Les personnes qu&rsquo;on appelle les fumeurs passifs, qui sont touch\u00e9es la fum\u00e9e lat\u00e9rale, \u00a0sont expos\u00e9es aux risques de m\u00eame maladies que le vrai fumeur.\u00a0 C\u2019est-\u00e0-dire, si le papa fume \u00e0 la maison, les enfants sont expos\u00e9s \u00e0 la fum\u00e9e, ils courent le risque d&rsquo;attraper les m\u00eames maladies que le papa. Les femmes enceintes sont souvent victimes d\u2019avortement li\u00e9 \u00e0 la consommation du tabac. Une femme qui fume est plus expos\u00e9e \u00e0 l&rsquo;avancement, aux accouchements pr\u00e9matur\u00e9s d\u00fb \u00e0 l&rsquo;effet de la consommation du tabac sur son enfant\u00a0\u00bb, a-t-il ajout\u00e9.<\/p>\n<p>Par ailleurs, il a soulign\u00e9 que beaucoup de sensibilisations ont eu lieu dans ce sens. \u00a0\u00ab\u00a0Les \u00c9tats membres de l&rsquo;Organisation mondiale de la sant\u00e9 au nombre de 194 pays \u00e0 travers le monde se sont r\u00e9unis pour \u00e9laborer la convention cadre de l&rsquo;OMS pour la lutte contre le tabac. Cette convention propose beaucoup de mesures\u00a0l\u00e9gislatives et fiscales, pour lutter contre la consommation du Tabac\u00a0\u00bb.<\/p>\n<p><a href=\"https:\/\/guineechrono.com\/wp-content\/uploads\/2025\/06\/503399440_1262791155640659_4958627858329793258_n.jpg\"><img loading=\"lazy\" decoding=\"async\" class=\"alignnone size-medium wp-image-35863\" src=\"https:\/\/guineechrono.com\/wp-content\/uploads\/2025\/06\/503399440_1262791155640659_4958627858329793258_n-300x169.jpg\" alt=\"\" width=\"300\" height=\"169\" srcset=\"https:\/\/guineechrono.com\/wp-content\/uploads\/2025\/06\/503399440_1262791155640659_4958627858329793258_n-300x169.jpg 300w, https:\/\/guineechrono.com\/wp-content\/uploads\/2025\/06\/503399440_1262791155640659_4958627858329793258_n-1024x577.jpg 1024w, https:\/\/guineechrono.com\/wp-content\/uploads\/2025\/06\/503399440_1262791155640659_4958627858329793258_n-768x432.jpg 768w, https:\/\/guineechrono.com\/wp-content\/uploads\/2025\/06\/503399440_1262791155640659_4958627858329793258_n-1536x865.jpg 1536w, https:\/\/guineechrono.com\/wp-content\/uploads\/2025\/06\/503399440_1262791155640659_4958627858329793258_n-696x392.jpg 696w, https:\/\/guineechrono.com\/wp-content\/uploads\/2025\/06\/503399440_1262791155640659_4958627858329793258_n-1068x601.jpg 1068w, https:\/\/guineechrono.com\/wp-content\/uploads\/2025\/06\/503399440_1262791155640659_4958627858329793258_n-746x420.jpg 746w, https:\/\/guineechrono.com\/wp-content\/uploads\/2025\/06\/503399440_1262791155640659_4958627858329793258_n-1920x1081.jpg 1920w, https:\/\/guineechrono.com\/wp-content\/uploads\/2025\/06\/503399440_1262791155640659_4958627858329793258_n.jpg 2048w\" sizes=\"(max-width: 300px) 100vw, 300px\" \/><\/a><\/p>\n<p>De son c\u00f4t\u00e9, monsieur Ibrahima Sory Ciss\u00e9, pr\u00e9sident de l\u2019ONG \u2018\u2019g\u00e9n\u00e9ration Sans Tabac\u00a0\u00bb en Guin\u00e9e a avou\u00e9 que leur mission c\u2019est de sauver la vie humaine. C\u2019est pourquoi il a sollicit\u00e9 l\u2019apport du gouvernement pour bien mener ce combat. \u00a0\u00ab Nous c\u00e9l\u00e9brons cette journ\u00e9e sous le th\u00e8me \u2018\u2019levons le masque\u2019\u2019 cela d\u00e9montre combien de fois l\u2019humanit\u00e9 va se lever pour lutter contre la consommation du tabac et tous ses d\u00e9riv\u00e9s. C\u2019est pourquoi nous demandons aux autorit\u00e9s de nous accompagner, pas pour les moyens financiers, mais en appliquant les articles de l\u2019accord cadre de l\u2019OMS pour que la population guin\u00e9enne peut vivre longtemps. Nous tendons la main au gouvernement de nous aider dans notre combat \u00bb.<\/p>\n<p>Pour finir, il a expliqu\u00e9 le choix du coll\u00e8ge Boulbinet 2 pour c\u00e9l\u00e9brer cette journ\u00e9e. \u00ab\u00a0Nous avons choisi le coll\u00e8ge de Boulbinet 2 pour mieux passer le message car les enseignants et les \u00e9l\u00e8ves sont les meilleurs messagers\u00a0\u00bb.<\/p>\n<p>Il faut signaler que cet \u00e9v\u00e9nement a regroup\u00e9 des cadres des minist\u00e8res de la Sant\u00e9, de l\u2019Enseignement pr\u00e9-universitaire, ainsi que des repr\u00e9sentants de l\u2019Institut de lutte contre la drogue.\u00a0<strong>\u00a0<\/strong><\/p>\n<p><strong>Aboubacar P Camara \u00a0<\/strong><\/p>\n<p>&nbsp;<\/p>\n<p>&nbsp;<\/p>\n","protected":false},"excerpt":{"rendered":"<p>Le 31 mai de chaque ann\u00e9e, l\u2019humanit\u00e9 c\u00e9l\u00e8bre la journ\u00e9e mondiale de lutte contre le tabac. En Guin\u00e9e, cette journ\u00e9e a \u00e9t\u00e9 c\u00e9l\u00e9br\u00e9e ce lundi 2 juin 2025 en diff\u00e9r\u00e9 par l\u2019ONG \u2018\u2019G\u00e9n\u00e9ration Sans Tabac\u2019\u2019 au coll\u00e8ge Boulbinet 2 dans la commune de Kaloum sous le th\u00e8me\u00a0: \u2018\u2019Levons le masque\u2019\u2019. C\u2019est une journ\u00e9e de sensibilisation [&hellip;]<\/p>\n","protected":false},"author":2,"featured_media":35859,"comment_status":"open","ping_status":"closed","sticky":false,"template":"","format":"standard","meta":{"buzzeditor_post_format":"","footnotes":""},"categories":[52],"tags":[],"class_list":["post-35858","post","type-post","status-publish","format-standard","has-post-thumbnail","hentry","category-sante"],"jetpack_featured_media_url":"https:\/\/guineechrono.com\/wp-content\/uploads\/2025\/06\/503456853_1262792348973873_4804338232114262325_n.jpg","amp_enabled":true,"_links":{"self":[{"href":"https:\/\/guineechrono.com\/index.php\/wp-json\/wp\/v2\/posts\/35858","targetHints":{"allow":["GET"]}}],"collection":[{"href":"https:\/\/guineechrono.com\/index.php\/wp-json\/wp\/v2\/posts"}],"about":[{"href":"https:\/\/guineechrono.com\/index.php\/wp-json\/wp\/v2\/types\/post"}],"author":[{"embeddable":true,"href":"https:\/\/guineechrono.com\/index.php\/wp-json\/wp\/v2\/users\/2"}],"replies":[{"embeddable":true,"href":"https:\/\/guineechrono.com\/index.php\/wp-json\/wp\/v2\/comments?post=35858"}],"version-history":[{"count":1,"href":"https:\/\/guineechrono.com\/index.php\/wp-json\/wp\/v2\/posts\/35858\/revisions"}],"predecessor-version":[{"id":35864,"href":"https:\/\/guineechrono.com\/index.php\/wp-json\/wp\/v2\/posts\/35858\/revisions\/35864"}],"wp:featuredmedia":[{"embeddable":true,"href":"https:\/\/guineechrono.com\/index.php\/wp-json\/wp\/v2\/media\/35859"}],"wp:attachment":[{"href":"https:\/\/guineechrono.com\/index.php\/wp-json\/wp\/v2\/media?parent=35858"}],"wp:term":[{"taxonomy":"category","embeddable":true,"href":"https:\/\/guineechrono.com\/index.php\/wp-json\/wp\/v2\/categories?post=35858"},{"taxonomy":"post_tag","embeddable":true,"href":"https:\/\/guineechrono.com\/index.php\/wp-json\/wp\/v2\/tags?post=35858"}],"curies":[{"name":"wp","href":"https:\/\/api.w.org\/{rel}","templated":true}]}}