{"id":35874,"date":"2025-06-03T12:49:59","date_gmt":"2025-06-03T11:49:59","guid":{"rendered":"https:\/\/guineechrono.com\/?p=35874"},"modified":"2025-06-03T12:49:59","modified_gmt":"2025-06-03T11:49:59","slug":"cooperation-bilaterale-le-premier-ministre-senegalais-ousmane-sonko-recu-en-audience-par-le-president-general-mamadi-doumbouya-au-palais-mohamed-v","status":"publish","type":"post","link":"https:\/\/guineechrono.com\/index.php\/cooperation-bilaterale-le-premier-ministre-senegalais-ousmane-sonko-recu-en-audience-par-le-president-general-mamadi-doumbouya-au-palais-mohamed-v\/","title":{"rendered":"Coop\u00e9ration bilat\u00e9rale : le premier ministre s\u00e9n\u00e9galais Ousmane Sonko re\u00e7u en audience par le pr\u00e9sident G\u00e9n\u00e9ral Mamadi Doumbouya, au Palais Mohamed V"},"content":{"rendered":"<p><strong>En s\u00e9jour en R\u00e9publique de Guin\u00e9e dans le cadre d\u2019une visite de travail, le Premier ministre de la R\u00e9publique s\u0153ur du S\u00e9n\u00e9gal, Ousmane SONKO, a eu l\u2019honneur d\u2019\u00eatre re\u00e7u ce lundi 2 juin 2025 par le pr\u00e9sident de la tradition, le G\u00e9n\u00e9ral Mamadi DOUMBOUYA.<\/strong><\/p>\n<p>La d\u00e9l\u00e9gation gouvernementale s\u00e9n\u00e9galaise, compos\u00e9e de plusieurs ministres, a \u00e9t\u00e9 introduite aupr\u00e8s du Chef de l\u2019\u00c9tat par le Premier ministre et Chef du Gouvernement, Amadou Oury BAH, en pr\u00e9sence du Ministre Secr\u00e9taire G\u00e9n\u00e9ral de la Pr\u00e9sidence, le G\u00e9n\u00e9ral Amara CAMARA et du Ministre Secr\u00e9taire g\u00e9n\u00e9ral du Gouvernement, B\u00e9noit KAMANO.<\/p>\n<p><img fetchpriority=\"high\" decoding=\"async\" class=\"alignnone size-medium wp-image-46173\" src=\"https:\/\/fatalainfos.com\/wp-content\/uploads\/2025\/06\/IMG-20250602-WA0071-300x200.jpg\" alt=\"\" width=\"300\" height=\"200\" \/><\/p>\n<p>Cette rencontre, empreinte de cordialit\u00e9 et de respect mutuel, a permis d\u2019\u00e9changer sur les axes strat\u00e9giques de coop\u00e9ration entre les deux nations.<\/p>\n<p>Les discussions ont mis en lumi\u00e8re une volont\u00e9 commune de renforcer les partenariats dans des domaines cl\u00e9s, en faveur du d\u00e9veloppement durable et de la prosp\u00e9rit\u00e9 des deux peuples.<\/p>\n<p>Parmi les priorit\u00e9s abord\u00e9es figurent l\u2019intensification de la coop\u00e9ration \u00e9conomique, notamment dans les secteurs de l\u2019\u00e9nergie, du commerce et de l\u2019investissement.<\/p>\n<p>Le S\u00e9n\u00e9gal et la Guin\u00e9e, unis par une histoire et une culture communes, ont un r\u00f4le essentiel \u00e0 jouer dans l\u2019int\u00e9gration r\u00e9gionale. \u00c0 travers des projets conjoints, les deux pays ont exprim\u00e9 leur volont\u00e9 de fluidifier les \u00e9changes transfrontaliers et de d\u00e9velopper des m\u00e9canismes facilitant la libre circulation des biens et des personnes.<\/p>\n<p>Prenant la parole, le Chef de l\u2019\u00c9tat S.E le G\u00e9n\u00e9ral Mamadi DOUMBOUYA a rappel\u00e9 les liens de fraternit\u00e9 historique entre la Guin\u00e9e et le S\u00e9n\u00e9gal, et a exprim\u00e9 sa d\u00e9termination \u00e0 raffermir ces relations.<\/p>\n<p>Le pr\u00e9sident du CNRD a \u00e9galement r\u00e9affirm\u00e9 que la main de la Guin\u00e9e reste tendue \u00e0 tous ses fr\u00e8res africains.<\/p>\n<p>Cette rencontre marque une \u00e9tape d\u00e9cisive dans la volont\u00e9 partag\u00e9e des deux nations de b\u00e2tir une coop\u00e9ration bilat\u00e9rale fond\u00e9e sur le progr\u00e8s, la solidarit\u00e9 et l\u2019unit\u00e9 africaine.<\/p>\n<p>DCI-PRG<\/p>\n<p>&nbsp;<\/p>\n","protected":false},"excerpt":{"rendered":"<p>En s\u00e9jour en R\u00e9publique de Guin\u00e9e dans le cadre d\u2019une visite de travail, le Premier ministre de la R\u00e9publique s\u0153ur du S\u00e9n\u00e9gal, Ousmane SONKO, a eu l\u2019honneur d\u2019\u00eatre re\u00e7u ce lundi 2 juin 2025 par le pr\u00e9sident de la tradition, le G\u00e9n\u00e9ral Mamadi DOUMBOUYA. La d\u00e9l\u00e9gation gouvernementale s\u00e9n\u00e9galaise, compos\u00e9e de plusieurs ministres, a \u00e9t\u00e9 introduite [&hellip;]<\/p>\n","protected":false},"author":2,"featured_media":35875,"comment_status":"open","ping_status":"closed","sticky":false,"template":"","format":"standard","meta":{"buzzeditor_post_format":"","footnotes":""},"categories":[42],"tags":[],"class_list":["post-35874","post","type-post","status-publish","format-standard","has-post-thumbnail","hentry","category-news"],"jetpack_featured_media_url":"https:\/\/guineechrono.com\/wp-content\/uploads\/2025\/06\/sonkos.jpg","amp_enabled":true,"_links":{"self":[{"href":"https:\/\/guineechrono.com\/index.php\/wp-json\/wp\/v2\/posts\/35874","targetHints":{"allow":["GET"]}}],"collection":[{"href":"https:\/\/guineechrono.com\/index.php\/wp-json\/wp\/v2\/posts"}],"about":[{"href":"https:\/\/guineechrono.com\/index.php\/wp-json\/wp\/v2\/types\/post"}],"author":[{"embeddable":true,"href":"https:\/\/guineechrono.com\/index.php\/wp-json\/wp\/v2\/users\/2"}],"replies":[{"embeddable":true,"href":"https:\/\/guineechrono.com\/index.php\/wp-json\/wp\/v2\/comments?post=35874"}],"version-history":[{"count":1,"href":"https:\/\/guineechrono.com\/index.php\/wp-json\/wp\/v2\/posts\/35874\/revisions"}],"predecessor-version":[{"id":35876,"href":"https:\/\/guineechrono.com\/index.php\/wp-json\/wp\/v2\/posts\/35874\/revisions\/35876"}],"wp:featuredmedia":[{"embeddable":true,"href":"https:\/\/guineechrono.com\/index.php\/wp-json\/wp\/v2\/media\/35875"}],"wp:attachment":[{"href":"https:\/\/guineechrono.com\/index.php\/wp-json\/wp\/v2\/media?parent=35874"}],"wp:term":[{"taxonomy":"category","embeddable":true,"href":"https:\/\/guineechrono.com\/index.php\/wp-json\/wp\/v2\/categories?post=35874"},{"taxonomy":"post_tag","embeddable":true,"href":"https:\/\/guineechrono.com\/index.php\/wp-json\/wp\/v2\/tags?post=35874"}],"curies":[{"name":"wp","href":"https:\/\/api.w.org\/{rel}","templated":true}]}}