{"id":35888,"date":"2023-03-17T23:45:12","date_gmt":"2023-03-17T22:45:12","guid":{"rendered":"https:\/\/guineechrono.com\/?p=35888"},"modified":"2025-06-03T23:49:03","modified_gmt":"2025-06-03T22:49:03","slug":"guinee-la-famille-dun-evade-de-prison-tire-la-sonnette-dalarme","status":"publish","type":"post","link":"https:\/\/guineechrono.com\/index.php\/guinee-la-famille-dun-evade-de-prison-tire-la-sonnette-dalarme\/","title":{"rendered":"Guin\u00e9e : la famille d\u2019un \u00e9vad\u00e9 de prison tire la sonnette d\u2019alarme"},"content":{"rendered":"<p><strong>Pour sa constance dans les activit\u00e9s de l\u2019UFDG, Mamadou Diould\u00e9 Bah est actuellement une cible pour les autorit\u00e9s suite \u00e0 une manifestation organis\u00e9e par le FNDC. Au lendemain de cette manifestation, le jeune militant de l\u2019UFDG a \u00e9t\u00e9 arr\u00eat\u00e9 le 20 octobre 2022 et conduit \u00e0 l\u2019escadron de la Gendarmerie de Hamdallaye.<\/strong><\/p>\n<p>Apr\u00e8s quelques jours, il a \u00e9t\u00e9 transf\u00e9r\u00e9 le 24 octobre 2022 avec certains prisonniers \u00e0 la maison centrale de Conakry o\u00f9 il est rest\u00e9 des mois avant de s\u2019\u00e9vader le 13 Mars 2023.<\/p>\n<p>Selon notre source d\u2019information, le jeune a re\u00e7u \u00e0 s\u2019\u00e9vader sous la complicit\u00e9 des agents de s\u00e9curit\u00e9. Apr\u00e8s sa sortie de prison, il reste introuvable et sa famille tire la sonnette d\u2019alarme.<\/p>\n<p>\u00ab Nous avons appris r\u00e9cemment que Mamadou Diould\u00e9 a re\u00e7u \u00e0 s\u2019\u00e9vader en prison. Pourtant nous, depuis son arrestation, apr\u00e8s la manifestation du FNDC, par les agents de l\u2019escadron de Hamdallaye, il a fait 4 jours l\u00e0-bas avant d\u2019\u00eatre transf\u00e9r\u00e9 \u00e0 la maison centrale de Conakry. Chaque jour, je partais avec mon cousin pour lui rendre visite. On l\u2019amenait m\u00eame \u00e0 manger. R\u00e9cemment quand nous sommes partis, on a \u00e9t\u00e9 surprise d\u2019apprendre qu\u2019il s\u2019est \u00e9vad\u00e9 et la police est \u00e0 sa recherche. On ne sait pas maintenant s\u2019ils l\u2019ont attrap\u00e9 pour l\u2019envoyer dans une autre prison ou s\u2019ils l\u2019ont tu\u00e9 parce qu\u2019on ne sait pas o\u00f9 il est parti. Toute la famille est inqui\u00e8te, son p\u00e8re ne fait que pleurer au village. Au moins si on savait l\u00e0 o\u00f9 il est, \u00e7a allait nous soulager un peu \u00bb, nous a confi\u00e9 sa s\u0153ur.<\/p>\n<p>Poursuivant son intervention, notre interlocutrice, est revenue sur les circonstances dans lesquelles le jeune militant de l\u2019UFDG a \u00e9t\u00e9 arr\u00eat\u00e9.<\/p>\n<p>\u00ab Quand on lui a arr\u00eat\u00e9. Il m\u2019a appel\u00e9 pour me dire grande s\u0153ur, ils sont venus me trouver \u00e0 la maison et m\u2019arr\u00eater sans raison. Ils pensent que je fais partir des manifestants de la r\u00e9cente manifestation du FNDC. Je lui ai demand\u00e9 sa position il m\u2019a dit qu\u2019ils l\u2019ont amen\u00e9 \u00e0 l\u2019escadron de Hamdallaye. Directement je suis partie lui trouver l\u00e0-bas et il m\u2019a expliqu\u00e9 comment il a \u00e9t\u00e9 arr\u00eat\u00e9 alors qu\u2019il se reposait tranquillement dans sa chambre. Selon lui, il n\u2019a rien \u00e0 voir avec manifestation. Ce jour-l\u00e0 m\u00eame, il n\u2019est pas sorti de la maison. Il avait des livrables \u00e0 faire \u00e0 ses clients mais il \u00e9tait oblig\u00e9 d\u2019annuler tout. Donc, moi je pense que c\u2019est \u00e0 cause de sa position politique. Vu que c\u2019est un jeune tr\u00e8s actif dans les mouvements de l\u2019UFDG \u00bb, a-t-elle expliqu\u00e9.<\/p>\n<p>Mamadou Diould\u00e9 Bah se rajoute d\u00e9sormais \u00e0 la liste des jeunes guin\u00e9ens qui restent introuvable apr\u00e8s leur arrestation \u00e0 cause des manifestations politiques et sociales organis\u00e9es en Guin\u00e9e.<\/p>\n<p><strong>A. Pastoria Camara<\/strong><\/p>\n","protected":false},"excerpt":{"rendered":"<p>Pour sa constance dans les activit\u00e9s de l\u2019UFDG, Mamadou Diould\u00e9 Bah est actuellement une cible pour les autorit\u00e9s suite \u00e0 une manifestation organis\u00e9e par le FNDC. Au lendemain de cette manifestation, le jeune militant de l\u2019UFDG a \u00e9t\u00e9 arr\u00eat\u00e9 le 20 octobre 2022 et conduit \u00e0 l\u2019escadron de la Gendarmerie de Hamdallaye. Apr\u00e8s quelques jours, [&hellip;]<\/p>\n","protected":false},"author":2,"featured_media":35889,"comment_status":"open","ping_status":"closed","sticky":false,"template":"","format":"standard","meta":{"buzzeditor_post_format":"","footnotes":""},"categories":[2,42,43],"tags":[],"class_list":["post-35888","post","type-post","status-publish","format-standard","has-post-thumbnail","hentry","category-featured","category-news","category-politique"],"jetpack_featured_media_url":"https:\/\/guineechrono.com\/wp-content\/uploads\/2025\/06\/IMG-20250603-WA0006.jpg","amp_enabled":true,"_links":{"self":[{"href":"https:\/\/guineechrono.com\/index.php\/wp-json\/wp\/v2\/posts\/35888","targetHints":{"allow":["GET"]}}],"collection":[{"href":"https:\/\/guineechrono.com\/index.php\/wp-json\/wp\/v2\/posts"}],"about":[{"href":"https:\/\/guineechrono.com\/index.php\/wp-json\/wp\/v2\/types\/post"}],"author":[{"embeddable":true,"href":"https:\/\/guineechrono.com\/index.php\/wp-json\/wp\/v2\/users\/2"}],"replies":[{"embeddable":true,"href":"https:\/\/guineechrono.com\/index.php\/wp-json\/wp\/v2\/comments?post=35888"}],"version-history":[{"count":1,"href":"https:\/\/guineechrono.com\/index.php\/wp-json\/wp\/v2\/posts\/35888\/revisions"}],"predecessor-version":[{"id":35890,"href":"https:\/\/guineechrono.com\/index.php\/wp-json\/wp\/v2\/posts\/35888\/revisions\/35890"}],"wp:featuredmedia":[{"embeddable":true,"href":"https:\/\/guineechrono.com\/index.php\/wp-json\/wp\/v2\/media\/35889"}],"wp:attachment":[{"href":"https:\/\/guineechrono.com\/index.php\/wp-json\/wp\/v2\/media?parent=35888"}],"wp:term":[{"taxonomy":"category","embeddable":true,"href":"https:\/\/guineechrono.com\/index.php\/wp-json\/wp\/v2\/categories?post=35888"},{"taxonomy":"post_tag","embeddable":true,"href":"https:\/\/guineechrono.com\/index.php\/wp-json\/wp\/v2\/tags?post=35888"}],"curies":[{"name":"wp","href":"https:\/\/api.w.org\/{rel}","templated":true}]}}