{"id":3589,"date":"2019-04-05T16:57:25","date_gmt":"2019-04-05T15:57:25","guid":{"rendered":"http:\/\/guineechrono.com\/?p=3589"},"modified":"2019-04-05T16:57:25","modified_gmt":"2019-04-05T15:57:25","slug":"nouvelle-constitution-et-depenalisation-des-delits-de-presse-en-guinee-ibrahima-kone-donne-son-avis","status":"publish","type":"post","link":"https:\/\/guineechrono.com\/index.php\/nouvelle-constitution-et-depenalisation-des-delits-de-presse-en-guinee-ibrahima-kone-donne-son-avis\/","title":{"rendered":"Nouvelle Constitution et d\u00e9p\u00e9nalisation des d\u00e9lits de presse en Guin\u00e9e : Ibrahima Kon\u00e9 donne son avis"},"content":{"rendered":"<p>Il \u00e9tait jeudi l\u2019invit\u00e9 de nos confr\u00e8res \u00e0 la radio Nostalgie Guin\u00e9e, le pr\u00e9sident de l\u2019Union de la Presse Francophone- Guin\u00e9e ( UPF-Guin\u00e9e) et nouveau directeur adjoint charg\u00e9 du d\u00e9veloppement du quotidien national Horoya, Ibrahima Fofana s\u2019est largement exprim\u00e9 sur l\u2019actualit\u00e9 guin\u00e9enne.<\/p>\n<p>Parlant d\u2019abord de la pr\u00e9sence de fois du pr\u00e9sident de la R\u00e9publique au si\u00e8ge du parti au pouvoir, M. Kon\u00e9 n\u2019a pas vu cela d\u2019un mauvais \u0153il.<br \/>\nSoit on est dans un pays d\u00e9mocratique ou le contraire. A l\u2019approche des \u00e9lections, un pr\u00e9sident de la R\u00e9publique qui a \u00e9t\u00e9 \u00e9lu par un groupe est oblig\u00e9 de se retourner \u00e0 sa base. Quand Obama \u00e9tait pr\u00e9sident aux USA, \u00e0 l\u2019approche des \u00e9lections, il a manifestement soutenu madame Hilary Clinton qui \u00e9tait le candidat des d\u00e9mocrates. Si Alpha Cond\u00e9 va au si\u00e8ge de son parti, o\u00f9 est le mal ? \u00bb S\u2019interroge-t-il.<\/p>\n<p>Abordant le d\u00e9bat qui est d\u2019actualit\u00e9 \u00e0 savoir le referendum pour une nouvelle Constitution, le nouveau DA de Horoya a indiqu\u00e9:<br \/>\n\u00ab On peut amender la Constitution. Cela ne commence pas par la Guin\u00e9e, beaucoup de pays l\u2019ont fait. Si on doit changer la Constitution, on peut demander l\u2019avis du peuple de Guin\u00e9e. Soyons d\u00e9mocrates et respectons les textes \u00bb, dit-il.<\/p>\n<p>Et il pr\u00e9cise : \u00ab Je viens de b\u00e9n\u00e9ficier un d\u00e9cret du pr\u00e9sident de la R\u00e9publique que je remercie d\u2019ailleurs mais le jour o\u00f9 le Chef de l\u2019Etat me dira qu\u2019il est contre la Constitution, je lui dirai merci et je peux aussi d\u00e9missionner. Je ne suis pas partisans pour biaiser la Constitution. \u00bb<\/p>\n<p>Parlant de la d\u00e9p\u00e9nalisation des d\u00e9lits de presse en Guin\u00e9e et la r\u00e9cente arrestation de notre confr\u00e8re Lansana Camara, M. Kon\u00e9 parle du non respect de la Loi 002<br \/>\n\u00ab La d\u00e9p\u00e9nalisation des d\u00e9lits de presse en Guin\u00e9e figure dans les textes. Je marche avec cette loi. Quant \u00e0 l\u2019emprisonnement de notre confr\u00e8re, vous avez vu les images, nous avons tous marcher pour la lib\u00e9ration de Lansana Camara, je suis pr\u00e9sident de l\u2019Union de la Presse Francophone, je suis contre l\u2019emprisonnement d\u2019un journaliste. Il n\u2019est \u00e9crit nulle part dans la Loi 002 de la libert\u00e9 de la presse en Guin\u00e9e qu\u2019un journaliste doit aller en prison. Il a fallu la marche pour que notre confr\u00e8re soit libre et ailleurs certains marchent mais on ne les \u00e9coute pas. C\u2019est un acquis en Guin\u00e9e. La volont\u00e9 du Chef de l\u2019Etat et son premier ministre est de lutter contre la corruption en Guin\u00e9e \u00bb, conclu le patron du groupe de presse \u2018\u2019Vision 2000 communication\u2019\u2019.<\/p>\n<p><strong>R\u00e9daction \u00a0\u00a0<\/strong><\/p>\n<p><strong>\u00a0<\/strong><\/p>\n","protected":false},"excerpt":{"rendered":"<p>Il \u00e9tait jeudi l\u2019invit\u00e9 de nos confr\u00e8res \u00e0 la radio Nostalgie Guin\u00e9e, le pr\u00e9sident de l\u2019Union de la Presse Francophone- Guin\u00e9e ( UPF-Guin\u00e9e) et nouveau directeur adjoint charg\u00e9 du d\u00e9veloppement du quotidien national Horoya, Ibrahima Fofana s\u2019est largement exprim\u00e9 sur l\u2019actualit\u00e9 guin\u00e9enne. Parlant d\u2019abord de la pr\u00e9sence de fois du pr\u00e9sident de la R\u00e9publique au [&hellip;]<\/p>\n","protected":false},"author":2,"featured_media":3590,"comment_status":"open","ping_status":"closed","sticky":false,"template":"","format":"standard","meta":{"buzzeditor_post_format":"","footnotes":""},"categories":[1],"tags":[],"class_list":["post-3589","post","type-post","status-publish","format-standard","has-post-thumbnail","hentry","category-non-classe"],"jetpack_featured_media_url":"https:\/\/guineechrono.com\/wp-content\/uploads\/2019\/04\/presse-1.jpg","amp_enabled":true,"_links":{"self":[{"href":"https:\/\/guineechrono.com\/index.php\/wp-json\/wp\/v2\/posts\/3589","targetHints":{"allow":["GET"]}}],"collection":[{"href":"https:\/\/guineechrono.com\/index.php\/wp-json\/wp\/v2\/posts"}],"about":[{"href":"https:\/\/guineechrono.com\/index.php\/wp-json\/wp\/v2\/types\/post"}],"author":[{"embeddable":true,"href":"https:\/\/guineechrono.com\/index.php\/wp-json\/wp\/v2\/users\/2"}],"replies":[{"embeddable":true,"href":"https:\/\/guineechrono.com\/index.php\/wp-json\/wp\/v2\/comments?post=3589"}],"version-history":[{"count":0,"href":"https:\/\/guineechrono.com\/index.php\/wp-json\/wp\/v2\/posts\/3589\/revisions"}],"wp:featuredmedia":[{"embeddable":true,"href":"https:\/\/guineechrono.com\/index.php\/wp-json\/wp\/v2\/media\/3590"}],"wp:attachment":[{"href":"https:\/\/guineechrono.com\/index.php\/wp-json\/wp\/v2\/media?parent=3589"}],"wp:term":[{"taxonomy":"category","embeddable":true,"href":"https:\/\/guineechrono.com\/index.php\/wp-json\/wp\/v2\/categories?post=3589"},{"taxonomy":"post_tag","embeddable":true,"href":"https:\/\/guineechrono.com\/index.php\/wp-json\/wp\/v2\/tags?post=3589"}],"curies":[{"name":"wp","href":"https:\/\/api.w.org\/{rel}","templated":true}]}}