{"id":35891,"date":"2025-06-04T10:24:41","date_gmt":"2025-06-04T09:24:41","guid":{"rendered":"https:\/\/guineechrono.com\/?p=35891"},"modified":"2025-06-04T10:24:41","modified_gmt":"2025-06-04T09:24:41","slug":"autonomie-et-energie-ratoma-commune-pilote-du-projet-edg-express","status":"publish","type":"post","link":"https:\/\/guineechrono.com\/index.php\/autonomie-et-energie-ratoma-commune-pilote-du-projet-edg-express\/","title":{"rendered":"Autonomie et \u00e9nergie : Ratoma, commune pilote du projet \u201cEDG Express\u201d"},"content":{"rendered":"<p>Ce mardi 3 juin 2025, le Pr\u00e9sident de la D\u00e9l\u00e9gation Sp\u00e9ciale de Ratoma, M. Ahmed S\u00e9kou Traor\u00e9, a pris part \u00e0 la c\u00e9r\u00e9monie officielle de pr\u00e9sentation du projet \u201cEDG EXPRESS\u201d, tenue au si\u00e8ge de l\u2019\u00c9lectricit\u00e9 de Guin\u00e9e (EDG) \u00e0 la Mini\u00e8re.<\/p>\n<p>Port\u00e9 par EDG, ce projet pilote vise \u00e0 am\u00e9liorer la performance et la s\u00e9curisation du r\u00e9seau \u00e9lectrique tout en impliquant activement la jeunesse guin\u00e9enne dans une dynamique citoyenne et \u00e9conomique. La commune urbaine de Ratoma a \u00e9t\u00e9 choisie comme zone d\u2019exp\u00e9rimentation pour la mise en \u0153uvre de cette initiative.<\/p>\n<p><img fetchpriority=\"high\" decoding=\"async\" class=\"alignnone size-full wp-image-63788\" src=\"https:\/\/www.avenirguinee.org\/wp-content\/uploads\/2025\/06\/FB_IMG_1748984720812-1.jpg\" alt=\"\" width=\"1080\" height=\"1666\" data-pin-no-hover=\"true\" \/><\/p>\n<p>\u00c0 travers \u201cEDG EXPRESS\u201d, plusieurs actions concr\u00e8tes sont envisag\u00e9es, notamment :<br \/>\n\u2022 L\u2019installation de nouveaux transformateurs dans les quartiers ;<br \/>\n\u2022 La d\u00e9signation de jeunes \u201cparrains\u201d communautaires charg\u00e9s de veiller sur ces installations.<\/p>\n<p>Ces jeunes parrains auront pour missions de :<br \/>\n\u2022 Surveiller les transformateurs pour garantir leur bon fonctionnement et signaler rapidement toute panne ou anomalie ;<br \/>\n\u2022 Emp\u00eacher les branchements illicites et dangereux, qui nuisent \u00e0 la qualit\u00e9 du service et \u00e0 la s\u00e9curit\u00e9 des citoyens.<\/p>\n<p>L\u2019objectif global du projet est double :<br \/>\nRenforcer la qualit\u00e9 du service \u00e9lectrique dans les quartiers de Ratoma ;<br \/>\nCr\u00e9er des opportunit\u00e9s d\u2019engagement et d\u2019autonomisation pour les jeunes, en leur confiant un r\u00f4le cl\u00e9 dans la protection des infrastructures \u00e9nerg\u00e9tiques.<\/p>\n<ol>\n<li>Ahmed S\u00e9kou Traor\u00e9 a salu\u00e9 cette approche innovante et inclusif, soulignant que l\u2019implication des jeunes dans des projets structurants est un levier essentiel pour une gouvernance locale efficace. Il a \u00e9galement r\u00e9it\u00e9r\u00e9 l\u2019engagement de la commune \u00e0 accompagner toutes les initiatives qui promeuvent l\u2019emploi des jeunes, la citoyennet\u00e9 active et le d\u00e9veloppement durable.<\/li>\n<\/ol>\n<p>Les r\u00e9sultats attendus \u00e0 Ratoma serviront de base \u00e0 une possible extension du projet \u00e0 l\u2019\u00e9chelle de la capitale, faisant de la commune un mod\u00e8le de gestion partag\u00e9e et s\u00e9curis\u00e9e du r\u00e9seau \u00e9lectrique.<\/p>\n<p><img decoding=\"async\" class=\"alignnone size-full wp-image-63789\" src=\"https:\/\/www.avenirguinee.org\/wp-content\/uploads\/2025\/06\/FB_IMG_1748984706738-1.jpg\" alt=\"\" width=\"1080\" height=\"1345\" data-pin-no-hover=\"true\" \/><\/p>\n<p><img decoding=\"async\" class=\"alignnone size-full wp-image-63790\" src=\"https:\/\/www.avenirguinee.org\/wp-content\/uploads\/2025\/06\/FB_IMG_1748984712261-1.jpg\" alt=\"\" width=\"1080\" height=\"810\" data-pin-no-hover=\"true\" \/><\/p>\n<p>SERVICE DE COMMUNICATION DE LA MAIRIE DE RATOMA<\/p>\n","protected":false},"excerpt":{"rendered":"<p>Ce mardi 3 juin 2025, le Pr\u00e9sident de la D\u00e9l\u00e9gation Sp\u00e9ciale de Ratoma, M. Ahmed S\u00e9kou Traor\u00e9, a pris part \u00e0 la c\u00e9r\u00e9monie officielle de pr\u00e9sentation du projet \u201cEDG EXPRESS\u201d, tenue au si\u00e8ge de l\u2019\u00c9lectricit\u00e9 de Guin\u00e9e (EDG) \u00e0 la Mini\u00e8re. Port\u00e9 par EDG, ce projet pilote vise \u00e0 am\u00e9liorer la performance et la s\u00e9curisation [&hellip;]<\/p>\n","protected":false},"author":2,"featured_media":35892,"comment_status":"open","ping_status":"closed","sticky":false,"template":"","format":"standard","meta":{"buzzeditor_post_format":"","footnotes":""},"categories":[42],"tags":[],"class_list":["post-35891","post","type-post","status-publish","format-standard","has-post-thumbnail","hentry","category-news"],"jetpack_featured_media_url":"https:\/\/guineechrono.com\/wp-content\/uploads\/2025\/06\/ratomas.jpg","amp_enabled":true,"_links":{"self":[{"href":"https:\/\/guineechrono.com\/index.php\/wp-json\/wp\/v2\/posts\/35891","targetHints":{"allow":["GET"]}}],"collection":[{"href":"https:\/\/guineechrono.com\/index.php\/wp-json\/wp\/v2\/posts"}],"about":[{"href":"https:\/\/guineechrono.com\/index.php\/wp-json\/wp\/v2\/types\/post"}],"author":[{"embeddable":true,"href":"https:\/\/guineechrono.com\/index.php\/wp-json\/wp\/v2\/users\/2"}],"replies":[{"embeddable":true,"href":"https:\/\/guineechrono.com\/index.php\/wp-json\/wp\/v2\/comments?post=35891"}],"version-history":[{"count":1,"href":"https:\/\/guineechrono.com\/index.php\/wp-json\/wp\/v2\/posts\/35891\/revisions"}],"predecessor-version":[{"id":35893,"href":"https:\/\/guineechrono.com\/index.php\/wp-json\/wp\/v2\/posts\/35891\/revisions\/35893"}],"wp:featuredmedia":[{"embeddable":true,"href":"https:\/\/guineechrono.com\/index.php\/wp-json\/wp\/v2\/media\/35892"}],"wp:attachment":[{"href":"https:\/\/guineechrono.com\/index.php\/wp-json\/wp\/v2\/media?parent=35891"}],"wp:term":[{"taxonomy":"category","embeddable":true,"href":"https:\/\/guineechrono.com\/index.php\/wp-json\/wp\/v2\/categories?post=35891"},{"taxonomy":"post_tag","embeddable":true,"href":"https:\/\/guineechrono.com\/index.php\/wp-json\/wp\/v2\/tags?post=35891"}],"curies":[{"name":"wp","href":"https:\/\/api.w.org\/{rel}","templated":true}]}}