{"id":35906,"date":"2025-06-05T12:41:29","date_gmt":"2025-06-05T11:41:29","guid":{"rendered":"https:\/\/guineechrono.com\/?p=35906"},"modified":"2025-06-05T12:41:29","modified_gmt":"2025-06-05T11:41:29","slug":"medias-sannou-kerfalla-cisse-celebre-ses-33-ans-dactivite-professionnelle-avec-les-membres-de-lagpe","status":"publish","type":"post","link":"https:\/\/guineechrono.com\/index.php\/medias-sannou-kerfalla-cisse-celebre-ses-33-ans-dactivite-professionnelle-avec-les-membres-de-lagpe\/","title":{"rendered":"Medias: Sannou Kerfalla CISS\u00c9 c\u00e9l\u00e8bre ses 33 ans d&rsquo;activit\u00e9 professionnelle avec les membres de l\u2019AGPE"},"content":{"rendered":"<p>Le samedi 31 mai 2025, les membres de l\u2019<strong>Association Guin\u00e9enne de la Presse \u00c9crite (AGPE)<\/strong> se sont r\u00e9unis pour honorer un pilier de la presse guin\u00e9enne. Il s\u2019agit de <strong>Monsieur<\/strong> <strong>Sannou Kerfalla CISS\u00c9<\/strong>, PDG du groupe de presse \u2018\u2019Afric vision Guin\u00e9e\u2019\u2019, \u00a0\u00e0 l&rsquo;occasion de ses <strong>33 ans de carri\u00e8re professionnelle<\/strong>.<\/p>\n<p><a href=\"https:\/\/guineechrono.com\/wp-content\/uploads\/2025\/06\/FB_IMG_1749123021679.jpg\"><img fetchpriority=\"high\" decoding=\"async\" class=\"alignnone size-medium wp-image-35908\" src=\"https:\/\/guineechrono.com\/wp-content\/uploads\/2025\/06\/FB_IMG_1749123021679-300x277.jpg\" alt=\"\" width=\"300\" height=\"277\" srcset=\"https:\/\/guineechrono.com\/wp-content\/uploads\/2025\/06\/FB_IMG_1749123021679-300x277.jpg 300w, https:\/\/guineechrono.com\/wp-content\/uploads\/2025\/06\/FB_IMG_1749123021679-768x708.jpg 768w, https:\/\/guineechrono.com\/wp-content\/uploads\/2025\/06\/FB_IMG_1749123021679-696x642.jpg 696w, https:\/\/guineechrono.com\/wp-content\/uploads\/2025\/06\/FB_IMG_1749123021679-455x420.jpg 455w, https:\/\/guineechrono.com\/wp-content\/uploads\/2025\/06\/FB_IMG_1749123021679.jpg 900w\" sizes=\"(max-width: 300px) 100vw, 300px\" \/><\/a><\/p>\n<p>C\u2019est un journaliste chevronn\u00e9, formateur passionn\u00e9, et d\u00e9fenseur infatigable de la libert\u00e9 de la presse, M. CISS\u00c9 a marqu\u00e9 plusieurs g\u00e9n\u00e9rations par son engagement, son int\u00e9grit\u00e9 et sa contribution inestimable au d\u00e9veloppement du journalisme en Guin\u00e9e.<\/p>\n<p>Cette c\u00e9r\u00e9monie, empreinte d\u2019\u00e9motion et de reconnaissance, a permis de revenir sur son riche parcours, de saluer ses multiples r\u00e9alisations, et de lui rendre un hommage appuy\u00e9 pour sa loyaut\u00e9 envers la profession et sa contribution \u00e0 l\u2019\u00e9l\u00e9vation du m\u00e9tier de journaliste dans notre pays.<\/p>\n<p><a href=\"https:\/\/guineechrono.com\/wp-content\/uploads\/2025\/06\/FB_IMG_1749122968110.jpg\"><img decoding=\"async\" class=\"alignnone size-medium wp-image-35909\" src=\"https:\/\/guineechrono.com\/wp-content\/uploads\/2025\/06\/FB_IMG_1749122968110-300x169.jpg\" alt=\"\" width=\"300\" height=\"169\" srcset=\"https:\/\/guineechrono.com\/wp-content\/uploads\/2025\/06\/FB_IMG_1749122968110-300x169.jpg 300w, https:\/\/guineechrono.com\/wp-content\/uploads\/2025\/06\/FB_IMG_1749122968110-1024x576.jpg 1024w, https:\/\/guineechrono.com\/wp-content\/uploads\/2025\/06\/FB_IMG_1749122968110-768x432.jpg 768w, https:\/\/guineechrono.com\/wp-content\/uploads\/2025\/06\/FB_IMG_1749122968110-1536x864.jpg 1536w, https:\/\/guineechrono.com\/wp-content\/uploads\/2025\/06\/FB_IMG_1749122968110-696x392.jpg 696w, https:\/\/guineechrono.com\/wp-content\/uploads\/2025\/06\/FB_IMG_1749122968110-1068x601.jpg 1068w, https:\/\/guineechrono.com\/wp-content\/uploads\/2025\/06\/FB_IMG_1749122968110-747x420.jpg 747w, https:\/\/guineechrono.com\/wp-content\/uploads\/2025\/06\/FB_IMG_1749122968110.jpg 1600w\" sizes=\"(max-width: 300px) 100vw, 300px\" \/><\/a><\/p>\n<p>Au nom des membres de l&rsquo;AGPE, madame Camara n\u00e9e Kadiatou CONTE, pr\u00e9sidente de ladite association lui adresse ses sinc\u00e8res f\u00e9licitations et lui souhaite encore de nombreuses ann\u00e9es de partage, de transmission et d\u2019inspiration.<\/p>\n<p><strong>R\u00e9daction <\/strong><\/p>\n","protected":false},"excerpt":{"rendered":"<p>Le samedi 31 mai 2025, les membres de l\u2019Association Guin\u00e9enne de la Presse \u00c9crite (AGPE) se sont r\u00e9unis pour honorer un pilier de la presse guin\u00e9enne. Il s\u2019agit de Monsieur Sannou Kerfalla CISS\u00c9, PDG du groupe de presse \u2018\u2019Afric vision Guin\u00e9e\u2019\u2019, \u00a0\u00e0 l&rsquo;occasion de ses 33 ans de carri\u00e8re professionnelle. C\u2019est un journaliste chevronn\u00e9, formateur [&hellip;]<\/p>\n","protected":false},"author":2,"featured_media":35907,"comment_status":"open","ping_status":"closed","sticky":false,"template":"","format":"standard","meta":{"buzzeditor_post_format":"","footnotes":""},"categories":[42],"tags":[],"class_list":["post-35906","post","type-post","status-publish","format-standard","has-post-thumbnail","hentry","category-news"],"jetpack_featured_media_url":"https:\/\/guineechrono.com\/wp-content\/uploads\/2025\/06\/FB_IMG_1749123001254.jpg","amp_enabled":true,"_links":{"self":[{"href":"https:\/\/guineechrono.com\/index.php\/wp-json\/wp\/v2\/posts\/35906","targetHints":{"allow":["GET"]}}],"collection":[{"href":"https:\/\/guineechrono.com\/index.php\/wp-json\/wp\/v2\/posts"}],"about":[{"href":"https:\/\/guineechrono.com\/index.php\/wp-json\/wp\/v2\/types\/post"}],"author":[{"embeddable":true,"href":"https:\/\/guineechrono.com\/index.php\/wp-json\/wp\/v2\/users\/2"}],"replies":[{"embeddable":true,"href":"https:\/\/guineechrono.com\/index.php\/wp-json\/wp\/v2\/comments?post=35906"}],"version-history":[{"count":1,"href":"https:\/\/guineechrono.com\/index.php\/wp-json\/wp\/v2\/posts\/35906\/revisions"}],"predecessor-version":[{"id":35910,"href":"https:\/\/guineechrono.com\/index.php\/wp-json\/wp\/v2\/posts\/35906\/revisions\/35910"}],"wp:featuredmedia":[{"embeddable":true,"href":"https:\/\/guineechrono.com\/index.php\/wp-json\/wp\/v2\/media\/35907"}],"wp:attachment":[{"href":"https:\/\/guineechrono.com\/index.php\/wp-json\/wp\/v2\/media?parent=35906"}],"wp:term":[{"taxonomy":"category","embeddable":true,"href":"https:\/\/guineechrono.com\/index.php\/wp-json\/wp\/v2\/categories?post=35906"},{"taxonomy":"post_tag","embeddable":true,"href":"https:\/\/guineechrono.com\/index.php\/wp-json\/wp\/v2\/tags?post=35906"}],"curies":[{"name":"wp","href":"https:\/\/api.w.org\/{rel}","templated":true}]}}