{"id":35915,"date":"2025-06-05T18:36:49","date_gmt":"2025-06-05T17:36:49","guid":{"rendered":"https:\/\/guineechrono.com\/?p=35915"},"modified":"2025-06-05T18:36:49","modified_gmt":"2025-06-05T17:36:49","slug":"72-heures-de-kania-soly-une-mobilisation-citoyenne-pour-assainir-la-ville-de-kindia","status":"publish","type":"post","link":"https:\/\/guineechrono.com\/index.php\/72-heures-de-kania-soly-une-mobilisation-citoyenne-pour-assainir-la-ville-de-kindia\/","title":{"rendered":"72 Heures de Kania Soly : Une mobilisation citoyenne pour assainir la ville de Kindia"},"content":{"rendered":"<p><strong>Kindia, le 5 juin 2025 \u2013<\/strong>\u00a0Comme annonc\u00e9 dans nos pr\u00e9c\u00e9dentes publications, la 6\u1d49 \u00e9dition des\u00a0<strong>72 Heures de Kania Soly<\/strong>\u00a0a d\u00e9but\u00e9 dans une ambiance festive et engag\u00e9e. Organis\u00e9 par\u00a0<strong>l\u2019Association Kania Dy\u00e9<\/strong>, en collaboration avec le\u00a0<strong>Club Amical de Kindia<\/strong>, cet \u00e9v\u00e9nement culturel majeur se d\u00e9roule comme \u00e0 l\u2019accoutum\u00e9e \u00e0 la veille, le jour et le lendemain de la f\u00eate de Tabaski.<\/p>\n<p><img fetchpriority=\"high\" decoding=\"async\" class=\"alignnone size-full wp-image-3312\" src=\"https:\/\/ledenonciateur224.com\/wp-content\/uploads\/2025\/06\/img-20250605-wa0139.jpg\" alt=\"\" width=\"1280\" height=\"960\" \/><\/p>\n<p>D\u00e8s ce jeudi 5 juin, les citoyens de\u00a0<strong>Kindia<\/strong>, surnomm\u00e9e la\u00a0<em>ville des agrumes<\/em>, ont r\u00e9pondu massivement \u00e0 l\u2019appel lanc\u00e9 par les organisateurs. Balais \u00e0 la main, jeunes, femmes, hommes et autorit\u00e9s locales se sont mobilis\u00e9s pour une vaste op\u00e9ration d\u2019assainissement des rues et espaces publics. Cette action vise \u00e0 offrir un cadre propre et accueillant \u00e0 la population et aux nombreux visiteurs attendus pour les festivit\u00e9s \u00e0 venir.<em> \u00ab\u00a0C\u2019est un devoir citoyen pour nous de participer \u00e0 la propret\u00e9 de notre ville, surtout \u00e0 l\u2019occasion d\u2019un \u00e9v\u00e9nement qui valorise notre culture et notre savoir-faire\u00a0\u00bb<\/em>, a d\u00e9clar\u00e9 le commissaire g\u00e9n\u00e9ral Honorable Sorel Keita.<\/p>\n<p><img decoding=\"async\" class=\"alignnone size-full wp-image-3313\" src=\"https:\/\/ledenonciateur224.com\/wp-content\/uploads\/2025\/06\/img-20250605-wa0137.jpg\" alt=\"\" width=\"1280\" height=\"960\" \/><\/p>\n<p>En parall\u00e8le de l\u2019assainissement, une\u00a0<strong>formation d\u00e9di\u00e9e aux filles et femmes<\/strong>\u00a0de Kindia a \u00e9t\u00e9 organis\u00e9e. Centr\u00e9e sur l\u2019art de la teinture artisanale, cette initiative vise \u00e0\u00a0<strong>renforcer les capacit\u00e9s \u00e9conomiques et cr\u00e9atives<\/strong>\u00a0des femmes locales, tout en pr\u00e9servant un pan essentiel du patrimoine culturel guin\u00e9en. Cette d\u00e9marche s\u2019inscrit dans une vision de d\u00e9veloppement durable et inclusif, port\u00e9e par l\u2019esprit de Kania Soly.<\/p>\n<p><img decoding=\"async\" class=\"alignnone size-full wp-image-3314\" src=\"https:\/\/ledenonciateur224.com\/wp-content\/uploads\/2025\/06\/img-20250605-wa0134.jpg\" alt=\"\" width=\"1280\" height=\"960\" \/><\/p>\n<p>La suite du programme promet de belles d\u00e9couvertes. Du vendredi 6 au samedi 7 juin,\u00a0<strong>la Grande Comp\u00e9tition de Soly<\/strong>\u00a0mettra \u00e0 l\u2019honneur les danses, costumes et traditions locales dans une ambiance 100 % authentique. Ce moment fort permettra aux diff\u00e9rentes d\u00e9l\u00e9gations venues de plusieurs localit\u00e9s de rivaliser de cr\u00e9ativit\u00e9 et de ferveur pour faire rayonner leur culture.<\/p>\n<p>Pour cl\u00f4turer ces 72 heures intenses, un\u00a0<strong>concert g\u00e9ant<\/strong>\u00a0est pr\u00e9vu le dimanche 8 juin sur la\u00a0<strong>Place des Martyrs<\/strong>, r\u00e9unissant artistes locaux et nationaux dans une c\u00e9l\u00e9bration musicale ouverte \u00e0 tous.<\/p>\n<p><img loading=\"lazy\" decoding=\"async\" class=\"alignnone size-full wp-image-3315\" src=\"https:\/\/ledenonciateur224.com\/wp-content\/uploads\/2025\/06\/img-20250605-wa0131.jpg\" alt=\"\" width=\"1280\" height=\"960\" \/><\/p>\n<p><strong>Les 72 Heures de Kania Soly<\/strong>\u00a0s\u2019imposent une fois de plus comme un rendez-vous incontournable de la vie culturelle de Kindia. Entre tradition, citoyennet\u00e9 et \u00e9mancipation f\u00e9minin, l\u2019\u00e9v\u00e9nement f\u00e9d\u00e8re autour de valeurs fortes et d\u2019un amour partag\u00e9 pour la culture guin\u00e9enne.<\/p>\n<p><img loading=\"lazy\" decoding=\"async\" class=\"alignnone size-full wp-image-3316\" src=\"https:\/\/ledenonciateur224.com\/wp-content\/uploads\/2025\/06\/img-20250605-wa0136.jpg\" alt=\"\" width=\"1280\" height=\"960\" \/><\/p>\n<p><strong>Aboubacar Moussa Camara<\/strong><\/p>\n","protected":false},"excerpt":{"rendered":"<p>Kindia, le 5 juin 2025 \u2013\u00a0Comme annonc\u00e9 dans nos pr\u00e9c\u00e9dentes publications, la 6\u1d49 \u00e9dition des\u00a072 Heures de Kania Soly\u00a0a d\u00e9but\u00e9 dans une ambiance festive et engag\u00e9e. Organis\u00e9 par\u00a0l\u2019Association Kania Dy\u00e9, en collaboration avec le\u00a0Club Amical de Kindia, cet \u00e9v\u00e9nement culturel majeur se d\u00e9roule comme \u00e0 l\u2019accoutum\u00e9e \u00e0 la veille, le jour et le lendemain de [&hellip;]<\/p>\n","protected":false},"author":2,"featured_media":35916,"comment_status":"open","ping_status":"closed","sticky":false,"template":"","format":"standard","meta":{"buzzeditor_post_format":"","footnotes":""},"categories":[42],"tags":[],"class_list":["post-35915","post","type-post","status-publish","format-standard","has-post-thumbnail","hentry","category-news"],"jetpack_featured_media_url":"https:\/\/guineechrono.com\/wp-content\/uploads\/2025\/06\/assainissementt.jpg","amp_enabled":true,"_links":{"self":[{"href":"https:\/\/guineechrono.com\/index.php\/wp-json\/wp\/v2\/posts\/35915","targetHints":{"allow":["GET"]}}],"collection":[{"href":"https:\/\/guineechrono.com\/index.php\/wp-json\/wp\/v2\/posts"}],"about":[{"href":"https:\/\/guineechrono.com\/index.php\/wp-json\/wp\/v2\/types\/post"}],"author":[{"embeddable":true,"href":"https:\/\/guineechrono.com\/index.php\/wp-json\/wp\/v2\/users\/2"}],"replies":[{"embeddable":true,"href":"https:\/\/guineechrono.com\/index.php\/wp-json\/wp\/v2\/comments?post=35915"}],"version-history":[{"count":1,"href":"https:\/\/guineechrono.com\/index.php\/wp-json\/wp\/v2\/posts\/35915\/revisions"}],"predecessor-version":[{"id":35917,"href":"https:\/\/guineechrono.com\/index.php\/wp-json\/wp\/v2\/posts\/35915\/revisions\/35917"}],"wp:featuredmedia":[{"embeddable":true,"href":"https:\/\/guineechrono.com\/index.php\/wp-json\/wp\/v2\/media\/35916"}],"wp:attachment":[{"href":"https:\/\/guineechrono.com\/index.php\/wp-json\/wp\/v2\/media?parent=35915"}],"wp:term":[{"taxonomy":"category","embeddable":true,"href":"https:\/\/guineechrono.com\/index.php\/wp-json\/wp\/v2\/categories?post=35915"},{"taxonomy":"post_tag","embeddable":true,"href":"https:\/\/guineechrono.com\/index.php\/wp-json\/wp\/v2\/tags?post=35915"}],"curies":[{"name":"wp","href":"https:\/\/api.w.org\/{rel}","templated":true}]}}