{"id":3592,"date":"2019-04-05T17:06:38","date_gmt":"2019-04-05T16:06:38","guid":{"rendered":"http:\/\/guineechrono.com\/?p=3592"},"modified":"2019-04-05T17:06:38","modified_gmt":"2019-04-05T16:06:38","slug":"guinee-les-magistrats-veulent-poursuivre-honorable-damaro","status":"publish","type":"post","link":"https:\/\/guineechrono.com\/index.php\/guinee-les-magistrats-veulent-poursuivre-honorable-damaro\/","title":{"rendered":"Guin\u00e9e : les magistrats veulent poursuivre  Honorable Damaro"},"content":{"rendered":"<p><strong>Suite \u00e0 une sortie m\u00e9diatique de l\u2019honorable Amadou Damaro Camara, pr\u00e9sident du groupe parlementaire de la majorit\u00e9 pr\u00e9sidentielle, l\u2019association des magistrats de Guin\u00e9e envisage de poursuivre dans les jours \u00e0 venir le d\u00e9put\u00e9. L\u2019annonce est faite ce vendredi 5 avril 2019 lors d\u2019une conf\u00e9rence de presse organis\u00e9e par les magistrats.<\/strong><\/p>\n<p>Dans sa communication, Mamadou Aly Theam, \u00a0pr\u00e9sident de ladite association a d\u00e9clar\u00e9 qu\u2019honorable Damara, deput\u00e9 a la mouvance a utilis\u00e9 la presse pour tenir des propos d\u00e9shonorants la profession de magistrat en Guin\u00e9e.<\/p>\n<p>Selon lui, l<em>e <\/em>12 avril prochain, l\u2019association va tenir\u00a0 une assembl\u00e9e g\u00e9n\u00e9rale des magistrats de Guin\u00e9e pour voir dans quelle mesure, ils vont \u00a0(magistrats) poursuivre Damaro \u00e0 cause des ses propos.<\/p>\n<p>Ensuite, le pr\u00e9sident a pr\u00e9cis\u00e9 que les magistrats ont droit au respect de leur dignit\u00e9 comme tout autre citoyen. \u00ab\u00a0<em style=\"font-weight: inherit; font-style: inherit;\">Nous ne pouvons pas comprendre qu\u2019Amadou \u00a0Damaro Camara puisse se permettre de s\u2019attaquer \u00e0 la corporation des magistrats. Il croit qu\u2019il est au- dessus de la loi\u00a0\u00bb, a-t-d\u00e9clar\u00e9.<\/em><\/p>\n<p>Pour finir, il a interpel\u00e9 ses paires d\u2019\u00eatres serein et uni. \u00abOn ne s\u2019adresse pas\u00a0 seulement \u00e0 honorable Damaro, mais \u00a0\u00e0 tous ceux qui foulent la justice au pied\u00a0\u00bb, conclut.<\/p>\n<p><strong>Camara Salifou<\/strong><\/p>\n","protected":false},"excerpt":{"rendered":"<p>Suite \u00e0 une sortie m\u00e9diatique de l\u2019honorable Amadou Damaro Camara, pr\u00e9sident du groupe parlementaire de la majorit\u00e9 pr\u00e9sidentielle, l\u2019association des magistrats de Guin\u00e9e envisage de poursuivre dans les jours \u00e0 venir le d\u00e9put\u00e9. L\u2019annonce est faite ce vendredi 5 avril 2019 lors d\u2019une conf\u00e9rence de presse organis\u00e9e par les magistrats. Dans sa communication, Mamadou Aly [&hellip;]<\/p>\n","protected":false},"author":2,"featured_media":3593,"comment_status":"open","ping_status":"closed","sticky":false,"template":"","format":"standard","meta":{"buzzeditor_post_format":"","footnotes":""},"categories":[1],"tags":[],"class_list":["post-3592","post","type-post","status-publish","format-standard","has-post-thumbnail","hentry","category-non-classe"],"jetpack_featured_media_url":"https:\/\/guineechrono.com\/wp-content\/uploads\/2019\/04\/magistrat.jpg","amp_enabled":true,"_links":{"self":[{"href":"https:\/\/guineechrono.com\/index.php\/wp-json\/wp\/v2\/posts\/3592","targetHints":{"allow":["GET"]}}],"collection":[{"href":"https:\/\/guineechrono.com\/index.php\/wp-json\/wp\/v2\/posts"}],"about":[{"href":"https:\/\/guineechrono.com\/index.php\/wp-json\/wp\/v2\/types\/post"}],"author":[{"embeddable":true,"href":"https:\/\/guineechrono.com\/index.php\/wp-json\/wp\/v2\/users\/2"}],"replies":[{"embeddable":true,"href":"https:\/\/guineechrono.com\/index.php\/wp-json\/wp\/v2\/comments?post=3592"}],"version-history":[{"count":0,"href":"https:\/\/guineechrono.com\/index.php\/wp-json\/wp\/v2\/posts\/3592\/revisions"}],"wp:featuredmedia":[{"embeddable":true,"href":"https:\/\/guineechrono.com\/index.php\/wp-json\/wp\/v2\/media\/3593"}],"wp:attachment":[{"href":"https:\/\/guineechrono.com\/index.php\/wp-json\/wp\/v2\/media?parent=3592"}],"wp:term":[{"taxonomy":"category","embeddable":true,"href":"https:\/\/guineechrono.com\/index.php\/wp-json\/wp\/v2\/categories?post=3592"},{"taxonomy":"post_tag","embeddable":true,"href":"https:\/\/guineechrono.com\/index.php\/wp-json\/wp\/v2\/tags?post=3592"}],"curies":[{"name":"wp","href":"https:\/\/api.w.org\/{rel}","templated":true}]}}