{"id":36000,"date":"2025-06-11T18:47:05","date_gmt":"2025-06-11T17:47:05","guid":{"rendered":"https:\/\/guineechrono.com\/?p=36000"},"modified":"2025-06-11T19:14:51","modified_gmt":"2025-06-11T18:14:51","slug":"stop-a-lindifference-nos-enfants-meritent-mieux-que-le-petit-commerce-dans-les-rues","status":"publish","type":"post","link":"https:\/\/guineechrono.com\/index.php\/stop-a-lindifference-nos-enfants-meritent-mieux-que-le-petit-commerce-dans-les-rues\/","title":{"rendered":"Stop \u00e0 l\u2019indiff\u00e9rence : nos enfants m\u00e9ritent mieux que le petit commerce dans les rues !"},"content":{"rendered":"<p>Si la population Guin\u00e9enne est majoritairement jeune avec 51.3% \u00e2g\u00e9es de moins de 18 ans, l\u2019avenir de cette jeunesse reste tr\u00e8s incertain\u00a0! Loin d\u2019\u00eatre un simple d\u00e9faitiste, les faits et les chiffres alertent n\u00e9gativement :<\/p>\n<ul>\n<li>34% de nos enfants ne vont pas \u00e0 l\u2019\u00e9cole\u00a0en 2023 Selon un rapport du Fond des Nations Unies pour l\u2019Enfance (UNICEF)\u00a0;<\/li>\n<li>De nombreux enfants, dont la majorit\u00e9 des fillettes dont l\u2019\u00e2ge serait compris entre 7 \u2013 13 ans, sont soumis \u00e0 l\u2019exploitation \u00e0 travers le petit commerce dans les march\u00e9s et les rues de nos grandes villes\u00a0!<\/li>\n<\/ul>\n<p>Or, la convention internationale des droits de l\u2019Enfant (CIDE) sign\u00e9e et ratifi\u00e9e par la Guin\u00e9e respectivement en 1990 et 1992, consacre l\u2019\u00e9galit\u00e9 de droits de tous les enfants concernant la nourriture, le logement, la sant\u00e9, l&rsquo;\u00e9ducation, la protection et aux loisirs entre autres.<\/p>\n<p>R\u00e9alit\u00e9 ou simple illusion\u00a0!<\/p>\n<p>La pr\u00e9sence massive d\u2019enfants (en \u00e2ge de scolarisation) dans les rues et march\u00e9s de la capitale et des grandes villes du pays ne remet-elle pas en cause le respect de ce principe d\u2019\u00e9galit\u00e9\u00a0?<\/p>\n<p>Pendant que certains enfants sont bien entretenus, d\u2019autres, du m\u00eame \u00e2ge, sont abusivement soumis \u00e0 l\u2019exploitation \u00e9conomique \u00e0 travers le petit commerce d\u2019articles, simultan\u00e9ment priv\u00e9e des dimensions li\u00e9es \u00e0 leurs droits fondamentaux dont l\u2019\u00e9ducation, la Sant\u00e9, la Nutrition, le logement, la protection contre les violences, et ce, avec l\u2019indiff\u00e9rence de tout un chacun.<\/p>\n<p>Ce ph\u00e9nom\u00e8ne est accru \u00e0 l\u2019approche des grandes f\u00eates et pendant les vacances.<\/p>\n<p>Y \u00e9gard \u00e0 la d\u00e9termination de ces enfants \u00e0 s\u2019arracher une client\u00e8le coinc\u00e9e dans les embouteillages, sous un soleil ardent ou des pluies drues, plusieurs questions m\u00e9ritent la r\u00e9flexion de la part de tout observateur averti.<\/p>\n<p>Quelles sont les raisons qui forcent ces enfants \u00e0 se livrer au petit commerce au lieu d&rsquo;\u00eatre \u00e0 l&rsquo;\u00e9cole ? Qui profite des recettes issues de leur exploitation ?<\/p>\n<p>Plus loin, ces enfants n&rsquo;ont-ils pas les m\u00eames droits que ceux qui sont \u00e0 l\u2019\u00e9cole ?<\/p>\n<p>A l\u2019absence d\u2019\u00e9tudes permettant des r\u00e9ponses valables \u00e0 ces questions ou d\u2019\u00e9lucider les v\u00e9ritables causes li\u00e9es \u00e0 l\u2019exploitions abusives de ces enfants \u00e0 travers le commerce dans les rues et march\u00e9s, je pr\u00e9f\u00e8re faire un petit aper\u00e7u sur la protection des enfants contre l\u2019exploitation (I)\u00a0avant d\u2019\u00e9voquer quelques facteurs de vuln\u00e9rabilit\u00e9 de ces enfants (II) et leurs cons\u00e9quences (III) assortis des propositions d\u2019actions (IV).<\/p>\n<p><a href=\"https:\/\/guineechrono.com\/wp-content\/uploads\/2025\/06\/Enfants-vendeurs-1.jpg\"><img decoding=\"async\" class=\"alignleft size-medium wp-image-36003\" src=\"https:\/\/guineechrono.com\/wp-content\/uploads\/2025\/06\/Enfants-vendeurs-1-300x147.jpg\" alt=\"\" width=\"300\" height=\"147\" srcset=\"https:\/\/guineechrono.com\/wp-content\/uploads\/2025\/06\/Enfants-vendeurs-1-300x147.jpg 300w, https:\/\/guineechrono.com\/wp-content\/uploads\/2025\/06\/Enfants-vendeurs-1-324x160.jpg 324w, https:\/\/guineechrono.com\/wp-content\/uploads\/2025\/06\/Enfants-vendeurs-1-533x261.jpg 533w, https:\/\/guineechrono.com\/wp-content\/uploads\/2025\/06\/Enfants-vendeurs-1.jpg 577w\" sizes=\"(max-width: 300px) 100vw, 300px\" \/><\/a><\/p>\n<table width=\"100%\">\n<tbody>\n<tr>\n<td><em>Photo\u00a0: M. O. Sidib\u00e9, 27 nov.2022, 15\u00a0:16 au march\u00e9 du Km36, Sanoyah<\/em><\/td>\n<\/tr>\n<\/tbody>\n<\/table>\n<p><strong>\u00a0<\/strong><\/p>\n<ul>\n<li><strong>Aper\u00e7u sur la protection des enfants\u00a0<\/strong><\/li>\n<\/ul>\n<p>Rappelons que le code le de l\u2019Enfant de la R\u00e9publique de Guin\u00e9e dispose que \u00ab\u00a0la Protection de l\u2019enfant couvre la pr\u00e9vention et la lutte contre la violence, l\u2019exploitation et les mauvais traitements inflig\u00e9s aux enfants, y compris l\u2019exploitation sexuelle \u00e0 des fins commerciales, la traite<strong>, le travail des enfants<\/strong> et les pratiques traditionnelles pr\u00e9judiciables, comme les mutilations g\u00e9nitales f\u00e9minines, et le mariage des enfants.<\/p>\n<p>Il s\u2019agit de toute activit\u00e9 visant obtenir le plein respect des droits de l\u2019enfant, conform\u00e9ment \u00e0 la lettre et \u00e0 l\u2019esprit des corpus juridiques relatifs notamment aux droits de l\u2019homme, droit international humanitaire et au droit des r\u00e9fugi\u00e9s\u00a0\u00bb<\/p>\n<p>De m\u00eame, il d\u00e9finit l\u2019exploitation \u00e9conomique de l\u2019enfant, comme \u00ab\u00a0toute exposition de celui-ci \u00e0 la mendicit\u00e9, \u00e0 la domesticit\u00e9, au trafic, <strong><em>ou le fait de le charger d\u2019un travail pouvant le priver de sa scolarit\u00e9<\/em><\/strong><em>, <strong>ou qui soit nuisible \u00e0 sa sant\u00e9, \u00e0 son d\u00e9veloppement, \u00e0 son int\u00e9grit\u00e9 physique ou morale, ou son emploi \u00e0 des fins ou dans des conditions contraires au pr\u00e9sent code\u00a0<\/strong>\u00bb.<\/em><\/p>\n<p>De ces deux d\u00e9finitions, nous comprendrons ais\u00e9ment que le fait de livrer des enfants au petit commerce en lieu et place de leur scolarisation est qualifiable d\u2019exploitation \u00e9conomique et de travail forc\u00e9 ou obligatoire, car, ce dernier est d\u00e9finit par le Code de l\u2019Enfant comme \u00ab\u00a0<strong><em>tout travail o\u00f9 service exig\u00e9 d\u2019un enfant, en dehors des t\u00e2ches familiales d\u2019\u00e9ducation, sous la menace d\u2019une peine quelconque, voies de fait ou privations de toute nature et pour lequel l\u2019enfant ne s\u2019est pas offert de plein gr\u00e9<\/em><\/strong>\u00a0\u00bb.<\/p>\n<p>Nous pouvons conclure donc que les enfants livr\u00e9s au petit commerce, au profit d\u2019autres personnes adultes ou pour subvenir \u00e0 leur propre besoin, sont des enfants exploit\u00e9s et en manque de protection. Ce ph\u00e9nom\u00e8ne est associ\u00e9 \u00e0 quelques facteurs de vuln\u00e9rabilit\u00e9s en lien probablement avec les causes du probl\u00e8me.<\/p>\n<p><strong>(II) Facteurs de vuln\u00e9rabilit\u00e9\u00a0<\/strong><\/p>\n<p>Le non-respect des droits fondamentaux \u00e0 l\u2019\u00e9ducation, la Sant\u00e9, la Nutrition, le logement conform\u00e9ment aux dispositions des conventions sign\u00e9es et ratifi\u00e9es ainsi que le code de l\u2019enfant expose certains enfants \u00e0 la pr\u00e9carit\u00e9, \u00e0 l\u2019exploitation et \u00e0 l\u2019abandon.<\/p>\n<p>La pr\u00e9carit\u00e9 des populations exacerb\u00e9e par les in\u00e9galit\u00e9s sociales est notoire et d\u00e9favorable \u00e0 une meilleure survie pour les enfants issues de familles pauvres ou en s\u00e9paration parentale. D\u2019ailleurs, environ 60% des enfants vivent dans des m\u00e9nages pauvres (EDS 2018), ce qui peut impacter leur acc\u00e8s \u00e0 l&rsquo;\u00e9ducation.<\/p>\n<p>L\u2019insuffisance des dispositifs de protection sociale en g\u00e9n\u00e9rale, et ceux sp\u00e9cifiques aux enfants en particulier ne favorise pas la pris en compte de certains enfants en besoin d\u2019assistance et de protection ad\u00e9quates. C\u2019est l\u2019occasion d\u2019\u00e9voquer le retard de la Guin\u00e9e dans la formation et l\u2019emploi d\u00e9cent du corps des professionnels du Travail social, sp\u00e9cialis\u00e9 dans la protection des droits de l\u2019enfant et tant d\u2019autres domaines.<\/p>\n<p>En plus, le ph\u00e9nom\u00e8ne de migration rurale des parents et ou des enfants vers les grandes villes et particuli\u00e8rement la capitale, fait appel \u00e0 la contribution des enfants pour surmonter le quotidien de leur parents ou tuteurs.<\/p>\n<p>Parmi les facteurs de vuln\u00e9rabilit\u00e9, la non application de la l\u00e9gislation li\u00e9e \u00e0 la protection des enfants favorise cette situation d\u2019exploitation des enfants notamment par le petit commerce ambulant. Le code de l\u2019Enfant met beaucoup plus l\u2019accent sur la protection des enfants en conflits avec la Loi ou victimes d\u2019exploitation ou d\u2019abus sexuels. Cependant, une grande majorit\u00e9 d\u2019enfants subissent l\u2019exploitation et la maltraitance au quotidien et devant tous sans \u00eatre pris en compte. C\u2019est bien le cas de ces enfants contraints de vendre des articles dans les march\u00e9s et rues de nos villes avec toutes les cons\u00e9quences n\u00e9gatives et minables.<\/p>\n<p><strong>(III) Des cons\u00e9quences graves<\/strong><\/p>\n<p>D\u2019abord, les cons\u00e9quences portent sur les pr\u00e9judices caus\u00e9s directement aux enfants soumis d\u2019exploitation \u00e9conomique, tant sur le plan physique que psychologique, ou les deux \u00e0 la fois.<\/p>\n<p>Au regard des conditions d\u2019existences de ces enfants dans les rues, ils sont priv\u00e9s d\u2019une alimentation saine, d\u2019un logement d\u00e9cent (ils passent la majeure partie de la journ\u00e9e dans la rue et y dorment parfois), et sont souvent victimes de violence physique sans compter les risques d\u2019accident de la voie publique auxquels ils sont expos\u00e9s.<\/p>\n<p>Ils sont \u00e9galement expos\u00e9s aux risques sanitaires (malnutrition, maladies infectieuses et diarrh\u00e9iques et autres maladies), \u00e0 l\u2019exploitation par des r\u00e9seaux criminels de trafic de stup\u00e9fiants, trafic d\u2019enfants ou de vols et banditisme.<\/p>\n<p>T\u00e9moins de toutes les sc\u00e8nes m\u00eame les plus horribles, jour comme nuit, ces enfants pourraient grandir avec des traumatismes psychologiques et une tendance accrue \u00e0 la d\u00e9viance ou fl\u00e9aux sociaux dont la prostitution, le viol (avec tous les risques de grossesse non d\u00e9sir\u00e9e et de maladies sexuellement transmissibles), leur mettant sur un tableau d\u2019insertion ou de r\u00e9insertion socio-professionnelle tr\u00e8s difficile.<\/p>\n<p>Ensuite, les cons\u00e9quences sont \u00e9normes pour les parents et toute la soci\u00e9t\u00e9. Ces enfants pourraient finir par devenir un fardeau familial et social au vue du manque d\u2019\u00e9ducation et d\u2019insertion socio-professionnelle.<\/p>\n<p>En d\u00e9finitive, c\u2019est tout le pays qui subit le retard en terme de d\u00e9veloppement dans le futur et des d\u00e9penses li\u00e9es \u00e0 la s\u00e9curit\u00e9 des populations face \u00e0 la menace croissante du banditisme. Le ph\u00e9nom\u00e8ne tr\u00e8s recrudescent des enfants marchands dans les rues et march\u00e9es de nos villes laisse une image sombre pour le pays et donne une lecture facile sur la place qu\u2019occupe notre jeunesse ainsi que le niveau de protection sociale et du respect des droits des enfants.<\/p>\n<p><strong>(IV) Propositions d\u2019actions<\/strong><\/p>\n<p>Rappelons que la Convention Internationale relative aux Droits de l\u2019Enfant (1989) dont la Guin\u00e9e a sign\u00e9 et ratifi\u00e9 depuis juillet 1990, reconnait les Etats membres comme \u00e9tant les premiers RESPONSABLES de la survie et du d\u00e9veloppement de l\u2019enfant.<\/p>\n<p>Elle stipule en son Article 19 que \u00ab\u00a0l\u2019Etat doit prot\u00e9ger l\u2019enfant contre toutes formes de mauvais traitement perp\u00e9tr\u00e9s par ses parents ou par toute autre personne \u00e0 qui il est confi\u00e9, et il (l\u2019Etat) \u00e9tablit des programmes sociaux appropri\u00e9s pour pr\u00e9venir les mauvais traitements et traiter les victimes\u00a0\u00bb.<\/p>\n<p>A son Article 32 \u00e9galement, il insiste sur le droit de l\u2019enfant \u00e0 la protection contre tout travail mettant en danger sa sant\u00e9, son \u00e9ducation ou son d\u00e9veloppement.<\/p>\n<p>Pour \u00eatre bref, nous devons agir tous et maintenant \u00e0 travers des lois, politiques, m\u00e9canismes et la lutte contre l\u2019impunit\u00e9 en faveur de ces enfants innocents.<\/p>\n<p><strong>\u00a0 \u00a0A-Renforcer les m\u00e9canismes et dispositifs de protection sociale (et de l&rsquo;enfance) <\/strong><\/p>\n<p>Malgr\u00e9 les efforts de l\u2019Etat \u00e0 travers notamment des cadres juridique, politique et institutionnel existant appuy\u00e9s par quelques Organisations de la soci\u00e9t\u00e9 civile et les partenaires internationaux (UNICEF, SOS Villages d\u2019Enfants, le Centre Konkour\u00e9 de Mamou \/Guin\u00e9e solidarit\u00e9, le FITIMA, etc.), les besoins sont encore loin d\u2019\u00eatre couverts dans l\u2019acc\u00e8s aux droits des enfants en g\u00e9n\u00e9ral, et ceux livr\u00e9s au petit commerce ambulant dans nos villes plus sp\u00e9cifiquement. Les services sociaux de base restent limit\u00e9s et les infrastructures d\u2019accueils et d\u2019insertion socio-professionnelles sont insuffisantes.<\/p>\n<p>La formation et l\u2019emploi des Travailleurs sociaux sp\u00e9cialis\u00e9s dans la protection de l\u2019enfance est indispensable pour de meilleurs r\u00e9sultats. Bien que le Code de l\u2019Enfant indique clairement certains crit\u00e8res de nomination des charg\u00e9s de l\u2019enfance au niveau de chaque pr\u00e9fecture en tenant compte de ses comp\u00e9tences et de l\u2019int\u00e9r\u00eat qu\u2019ils portent aux questions de l\u2019enfance (Article 462), force est de reconnaitre que moins de 5% de ces fonctionnaires n\u2019ont pas b\u00e9n\u00e9fici\u00e9 d\u2019une formation sp\u00e9cialis\u00e9e ad\u00e9quate pour assurer leur mission.<\/p>\n<p><strong>\u00a0 \u00a0B-R\u00e9duire la pauvret\u00e9 et am\u00e9liorer l\u2019acc\u00e8s aux services sociaux de base<\/strong><\/p>\n<p>Les programmes d\u2019autonomisation des populations par l\u2019emploi et l\u2019entreprenariat sont \u00e0 renforcer ainsi que les activit\u00e9s de d\u00e9veloppement du potentiel humain, la r\u00e9duction de la pauvret\u00e9 et la lutte contre les in\u00e9galit\u00e9s sociales et \u00e9conomiques. Les services sociaux de base en faveurs des enfants en situation difficile doivent \u00eatre accessibles tels que la gratuit\u00e9 des soins de sant\u00e9, l\u2019\u00e9ducation et \u00e0 la formation pour la r\u00e9insertion professionnelle.<\/p>\n<p><strong>\u00a0 \u00a0 \u00a0C-Renforcer le cadre l\u00e9gislatif et l\u2019appliquer <\/strong><\/p>\n<p>Le droit des enfants \u00e0 la protection contre l\u2019exploitation tel que le petit commerce ambulant doit faire l\u2019objet d\u2019une l\u00e9gislation appropri\u00e9e suivi de m\u00e9canismes d\u2019application efficaces et durables. Une interdiction formelle de cette pratique est imminente coupl\u00e9e \u00e0 la sensibilisation communautaire, \u00e0 l\u2019identification et l\u2019accompagnement des parents et enfants expos\u00e9s avant toute action r\u00e9pressive.<\/p>\n<p>La vulgarisation et la mise en \u0153uvre effective des conventions internationales relatives aux droits de l&rsquo;enfant et les textes nationaux en vigueur est une condition pour assurer le changement de mentalit\u00e9 et de pratiques li\u00e9es \u00e0 l\u2019exploitation des enfants par le commerce dans nos cit\u00e9s<\/p>\n<p>En somme, une action collective est imminente pour endiguer ce ph\u00e9nom\u00e8ne croissant qui entrave les droits \u00e0 l\u2019\u00e9galit\u00e9 et \u00e0 la protection des enfants et au d\u00e9veloppement socio-\u00e9conomique sur le long terme. C\u2019est en cela que l\u2019espoir sera permis en plus des efforts conjugu\u00e9s de l\u2019Etat, des Organisations de la Soci\u00e9t\u00e9 civile et les partenaires internationaux intervenant dans le domaine de la protection des droits des enfants en Guin\u00e9e.<\/p>\n<p><strong><em>Mamadou Oury SIDIBE (PMP-PRINCE2), <\/em><\/strong><\/p>\n<p><strong><em>Assistant social<\/em><\/strong><\/p>\n<p><strong><em>Gestionnaire des Services de Sant\u00e9- CESAG-Dakar<\/em><\/strong><\/p>\n<p><strong><em>T\u00e9l\u00e9phone\u00a0: +224\u00a0622\u00a0147\u00a0952<\/em><\/strong><\/p>\n","protected":false},"excerpt":{"rendered":"<p>Si la population Guin\u00e9enne est majoritairement jeune avec 51.3% \u00e2g\u00e9es de moins de 18 ans, l\u2019avenir de cette jeunesse reste tr\u00e8s incertain\u00a0! Loin d\u2019\u00eatre un simple d\u00e9faitiste, les faits et les chiffres alertent n\u00e9gativement : 34% de nos enfants ne vont pas \u00e0 l\u2019\u00e9cole\u00a0en 2023 Selon un rapport du Fond des Nations Unies pour l\u2019Enfance [&hellip;]<\/p>\n","protected":false},"author":2,"featured_media":36001,"comment_status":"open","ping_status":"closed","sticky":false,"template":"","format":"standard","meta":{"buzzeditor_post_format":"","footnotes":""},"categories":[42],"tags":[],"class_list":["post-36000","post","type-post","status-publish","format-standard","has-post-thumbnail","hentry","category-news"],"jetpack_featured_media_url":"https:\/\/guineechrono.com\/wp-content\/uploads\/2025\/06\/Dr-Sidibe.jpg","amp_enabled":true,"_links":{"self":[{"href":"https:\/\/guineechrono.com\/index.php\/wp-json\/wp\/v2\/posts\/36000","targetHints":{"allow":["GET"]}}],"collection":[{"href":"https:\/\/guineechrono.com\/index.php\/wp-json\/wp\/v2\/posts"}],"about":[{"href":"https:\/\/guineechrono.com\/index.php\/wp-json\/wp\/v2\/types\/post"}],"author":[{"embeddable":true,"href":"https:\/\/guineechrono.com\/index.php\/wp-json\/wp\/v2\/users\/2"}],"replies":[{"embeddable":true,"href":"https:\/\/guineechrono.com\/index.php\/wp-json\/wp\/v2\/comments?post=36000"}],"version-history":[{"count":3,"href":"https:\/\/guineechrono.com\/index.php\/wp-json\/wp\/v2\/posts\/36000\/revisions"}],"predecessor-version":[{"id":36009,"href":"https:\/\/guineechrono.com\/index.php\/wp-json\/wp\/v2\/posts\/36000\/revisions\/36009"}],"wp:featuredmedia":[{"embeddable":true,"href":"https:\/\/guineechrono.com\/index.php\/wp-json\/wp\/v2\/media\/36001"}],"wp:attachment":[{"href":"https:\/\/guineechrono.com\/index.php\/wp-json\/wp\/v2\/media?parent=36000"}],"wp:term":[{"taxonomy":"category","embeddable":true,"href":"https:\/\/guineechrono.com\/index.php\/wp-json\/wp\/v2\/categories?post=36000"},{"taxonomy":"post_tag","embeddable":true,"href":"https:\/\/guineechrono.com\/index.php\/wp-json\/wp\/v2\/tags?post=36000"}],"curies":[{"name":"wp","href":"https:\/\/api.w.org\/{rel}","templated":true}]}}