{"id":36030,"date":"2025-06-12T18:31:19","date_gmt":"2025-06-12T17:31:19","guid":{"rendered":"https:\/\/guineechrono.com\/?p=36030"},"modified":"2025-06-12T18:31:19","modified_gmt":"2025-06-12T17:31:19","slug":"le-procureur-marwane-balde-a-lhonneur-dans-une-oeuvre-litteraire-qui-celebre-son-combat-pour-la-justice","status":"publish","type":"post","link":"https:\/\/guineechrono.com\/index.php\/le-procureur-marwane-balde-a-lhonneur-dans-une-oeuvre-litteraire-qui-celebre-son-combat-pour-la-justice\/","title":{"rendered":"Le Procureur Marwane Bald\u00e9 \u00e0 l\u2019honneur dans une \u0153uvre litt\u00e9raire qui c\u00e9l\u00e9bre son combat pour la justice"},"content":{"rendered":"<p><strong>La Biblioth\u00e8que pr\u00e9fectorale\u00a0<em>Lancin\u00e9 Williams<\/em>\u00a0de Kankan a vibr\u00e9 ce mardi 10 juin au rythme de la solennit\u00e9, de la reconnaissance et de la justice. L\u2019essayiste Sanassy M\u2019Bemba Camara y a proc\u00e9d\u00e9 \u00e0 la d\u00e9dicace officielle de son nouvel ouvrage intitul\u00e9\u00a0<em>\u00ab\u00a0KANKAN : Le Combat d\u2019un Procureur \u2013 Marwane Bald\u00e9, rempart contre la criminalit\u00e9, figure d\u2019int\u00e9grit\u00e9 et d\u2019engagement citoyen\u00a0\u00bb<\/em>\u00a0publi\u00e9 chez ARTIGE \u00c9ditions.<\/strong><\/p>\n<p>Ce livre-hommage, \u00e0 la fois incisif et inspirant, retrace le parcours exceptionnel du Procureur de la R\u00e9publique pr\u00e8s le Tribunal de Premi\u00e8re Instance de Kankan, Monsieur\u00a0<strong>Marwane Bald\u00e9<\/strong>, devenu au fil des mois une figure incontournable de l\u2019appareil judiciaire guin\u00e9en. Un homme qui ne fait pas que repr\u00e9senter la loi, mais qui incarne la justice dans ce qu\u2019elle a de plus noble : fermet\u00e9, humanisme, et sens \u00e9lev\u00e9 de l\u2019\u00c9tat.<\/p>\n<p><strong>Un combat quotidien contre la criminalit\u00e9<\/strong><\/p>\n<p>Depuis sa prise de fonction, le Procureur Marwane Bald\u00e9 n\u2019a cess\u00e9 de marquer les esprits par son engagement sans faille dans la lutte contre toutes les formes de criminalit\u00e9 dans la r\u00e9gion de Kankan. Qu\u2019il s\u2019agisse de r\u00e9primer les violences polici\u00e8res, de faire respecter les droits fondamentaux des justiciables ou de former les officiers de police judiciaire pour une meilleure application des textes de loi, il s\u2019est illustr\u00e9 comme un v\u00e9ritable artisan de la refondation judiciaire.<\/p>\n<p>Son initiative de renforcer les capacit\u00e9s des OPJ, notamment en f\u00e9vrier dernier, \u00e0 travers une session de formation de haut niveau, avait \u00e9t\u00e9 salu\u00e9e par toute la cha\u00eene p\u00e9nale. \u00c0 cette occasion, il avait clairement rappel\u00e9 l\u2019obligation pour les OPJ de rendre compte directement au procureur, conform\u00e9ment au Code de proc\u00e9dure p\u00e9nale, d\u00e9non\u00e7ant avec courage les pressions hi\u00e9rarchiques ill\u00e9gitimes qui compromettaient l\u2019ind\u00e9pendance judiciaire.<\/p>\n<p><strong>Un h\u00e9ros de la R\u00e9publique c\u00e9l\u00e9br\u00e9 par la Nation<\/strong><\/p>\n<p>L\u2019\u0153uvre \u00ab KANKAN : Le Combat d\u2019un Procureur \u00bb est un vibrant hommage \u00e0 cette posture d\u2019int\u00e9grit\u00e9. Dans son discours de d\u00e9dicace, l\u2019auteur Sanassy M\u2019Bemba Camara a dress\u00e9 un portrait sans complaisance mais profond\u00e9ment respectueux d\u2019un homme de loi devenu symbole d\u2019espoir dans une ville autrefois gangren\u00e9e par la criminalit\u00e9 et l\u2019impunit\u00e9. Il a lou\u00e9 \u00ab la bravoure, le sens du sacrifice, et le patriotisme m\u00e9thodique \u00bb du magistrat.<\/p>\n<p>L\u2019\u00e9v\u00e9nement a rassembl\u00e9 les plus hautes autorit\u00e9s administratives, judiciaires et s\u00e9curitaires de la r\u00e9gion, et a \u00e9t\u00e9 rehauss\u00e9 par la pr\u00e9sence distingu\u00e9e de l\u2019ancien Premier ministre Kabin\u00e9 Komara, invit\u00e9 d\u2019honneur. Tous ont unanimement reconnu que la rigueur du Procureur Bald\u00e9 a permis d\u2019installer un climat de confiance entre justice et population, l\u00e0 o\u00f9 le scepticisme dominait auparavant.<\/p>\n<p><strong>Une \u0153uvre de m\u00e9moire, un cri d\u2019engagement<\/strong><\/p>\n<p>Ce livre n\u2019est pas seulement un t\u00e9moignage. C\u2019est un cri d\u2019alerte face aux dangers de la banalisation du crime, mais aussi un message d\u2019espoir : celui qu\u2019une R\u00e9publique fond\u00e9e sur la loi, la morale et la justice est possible si des hommes de la trempe de Marwane Bald\u00e9 continuent de s\u2019\u00e9lever contre le silence et l\u2019indiff\u00e9rence.<\/p>\n<p>Au-del\u00e0 du portrait, ce livre invite \u00e0 une r\u00e9flexion collective sur la gouvernance judiciaire, l\u2019\u00e9thique publique et le devoir citoyen. Il rappelle que dans l\u2019histoire des grandes transformations, certains noms ne s\u2019oublient pas. Kankan, aujourd\u2019hui, tient le sien. En l\u2019occurrence Marwane Bald\u00e9, un magistrat qui, ceint de son manteau de justice, se dresse comme un rempart contre les d\u00e9rives, un gardien des droits humains, et un catalyseur du renouveau moral de la Guin\u00e9e.<\/p>\n<p><strong>Par Samb\u00e9gou Diallo\u00a0<\/strong><\/p>\n","protected":false},"excerpt":{"rendered":"<p>La Biblioth\u00e8que pr\u00e9fectorale\u00a0Lancin\u00e9 Williams\u00a0de Kankan a vibr\u00e9 ce mardi 10 juin au rythme de la solennit\u00e9, de la reconnaissance et de la justice. L\u2019essayiste Sanassy M\u2019Bemba Camara y a proc\u00e9d\u00e9 \u00e0 la d\u00e9dicace officielle de son nouvel ouvrage intitul\u00e9\u00a0\u00ab\u00a0KANKAN : Le Combat d\u2019un Procureur \u2013 Marwane Bald\u00e9, rempart contre la criminalit\u00e9, figure d\u2019int\u00e9grit\u00e9 et d\u2019engagement [&hellip;]<\/p>\n","protected":false},"author":2,"featured_media":36031,"comment_status":"open","ping_status":"closed","sticky":false,"template":"","format":"standard","meta":{"buzzeditor_post_format":"","footnotes":""},"categories":[2,42,46],"tags":[],"class_list":["post-36030","post","type-post","status-publish","format-standard","has-post-thumbnail","hentry","category-featured","category-news","category-societe"],"jetpack_featured_media_url":"https:\/\/guineechrono.com\/wp-content\/uploads\/2025\/06\/PSX_20250611_161201-1.jpg","amp_enabled":true,"_links":{"self":[{"href":"https:\/\/guineechrono.com\/index.php\/wp-json\/wp\/v2\/posts\/36030","targetHints":{"allow":["GET"]}}],"collection":[{"href":"https:\/\/guineechrono.com\/index.php\/wp-json\/wp\/v2\/posts"}],"about":[{"href":"https:\/\/guineechrono.com\/index.php\/wp-json\/wp\/v2\/types\/post"}],"author":[{"embeddable":true,"href":"https:\/\/guineechrono.com\/index.php\/wp-json\/wp\/v2\/users\/2"}],"replies":[{"embeddable":true,"href":"https:\/\/guineechrono.com\/index.php\/wp-json\/wp\/v2\/comments?post=36030"}],"version-history":[{"count":1,"href":"https:\/\/guineechrono.com\/index.php\/wp-json\/wp\/v2\/posts\/36030\/revisions"}],"predecessor-version":[{"id":36032,"href":"https:\/\/guineechrono.com\/index.php\/wp-json\/wp\/v2\/posts\/36030\/revisions\/36032"}],"wp:featuredmedia":[{"embeddable":true,"href":"https:\/\/guineechrono.com\/index.php\/wp-json\/wp\/v2\/media\/36031"}],"wp:attachment":[{"href":"https:\/\/guineechrono.com\/index.php\/wp-json\/wp\/v2\/media?parent=36030"}],"wp:term":[{"taxonomy":"category","embeddable":true,"href":"https:\/\/guineechrono.com\/index.php\/wp-json\/wp\/v2\/categories?post=36030"},{"taxonomy":"post_tag","embeddable":true,"href":"https:\/\/guineechrono.com\/index.php\/wp-json\/wp\/v2\/tags?post=36030"}],"curies":[{"name":"wp","href":"https:\/\/api.w.org\/{rel}","templated":true}]}}