{"id":3604,"date":"2019-04-06T11:51:46","date_gmt":"2019-04-06T10:51:46","guid":{"rendered":"http:\/\/guineechrono.com\/?p=3604"},"modified":"2019-04-06T11:51:46","modified_gmt":"2019-04-06T10:51:46","slug":"ouverture-de-la-session-des-lois-voici-lintegralite-du-discours-de-kory-kondiano","status":"publish","type":"post","link":"https:\/\/guineechrono.com\/index.php\/ouverture-de-la-session-des-lois-voici-lintegralite-du-discours-de-kory-kondiano\/","title":{"rendered":"Ouverture de la session des lois : voici l\u2019int\u00e9gralit\u00e9 du discours de Kory Kondiano"},"content":{"rendered":"<p><strong>Honorables D\u00e9put\u00e9s, Chers Coll\u00e8gues,<\/strong><\/p>\n<p><strong>Excellence Monsieur le Premier Ministre, Chef du Gouvernement,<\/strong><\/p>\n<p><strong>Excellence Monsieur le Ministre Conseiller du Pr\u00e9sident de la R\u00e9publique Charg\u00e9 des Relations avec les Institutions R\u00e9publicaines,<\/strong><\/p>\n<p><strong>Mesdames et Messieurs les Repr\u00e9sentants des Institutions R\u00e9publicaines,<\/strong><\/p>\n<p><strong>Mesdames et Messieurs les Membres du Gouvernement,<\/strong><\/p>\n<p><strong>Excellence Mesdames et Messieurs les Membres du Corps Diplomatique et Consulaire,<\/strong><\/p>\n<p><strong>Mesdames et Messieurs les Repr\u00e9sentants des Institutions Internationales,<\/strong><\/p>\n<p><strong>Monsieur le Gouverneur de la Banque Centrale de la R\u00e9publique de Guin\u00e9e,<\/strong><\/p>\n<p><strong>R\u00e9v\u00e9rends Repr\u00e9sentants des Confessions Religieuses,<\/strong><\/p>\n<p><strong>Monsieur le Chef d\u2019\u00c9tat Major G\u00e9n\u00e9ral des Arm\u00e9es,<\/strong><\/p>\n<p><strong>Monsieur le Haut Commandant de la Gendarmerie Nationale, Directeur de la Justice Militaire,<\/strong><\/p>\n<p><strong>Messieurs les Chefs d\u2019\u00c9tat Major des Arm\u00e9es de terre, Mer et Air,<\/strong><\/p>\n<p><strong>Monsieur le Gouverneur de la Ville de Conakry,<\/strong><\/p>\n<p><strong>Mesdames et Messieurs les agents de l\u2019Administration Parlementaire,<\/strong><\/p>\n<p><strong>Distingu\u00e9s Invit\u00e9s,<\/strong><\/p>\n<p><strong>Mesdames, Messieurs,<\/strong><\/p>\n<p>Conform\u00e9ment \u00e0 l\u2019Article 68 de la Constitution de notre pays, nous nous retrouvons aujourd\u2019hui Chers Coll\u00e8gues, pour l\u2019ouverture de cette premi\u00e8re Session Parlementaire ordinaire de l\u2019ann\u00e9e 2019 dite Session des Lois.<\/p>\n<p>Permettez-moi de remercier, en votre nom et en mon nom propre, toutes les personnalit\u00e9s qui, en d\u00e9pit de leurs calendriers tr\u00e8s charg\u00e9s, ont accept\u00e9 de rehausser par leur pr\u00e9sence, le niveau de cette c\u00e9r\u00e9monie d\u2019ouverture.<\/p>\n<p>La pr\u00e9sente session a \u00e9t\u00e9 convoqu\u00e9e comme vous le savez pour l\u2019examen et l\u2019adoption d\u2019un certain nombre de projets et propositions de textes \u00e0 nous soumis pour \u00eatre transform\u00e9s en lois.<\/p>\n<p>A ce jour, nous avons re\u00e7u neuf (09) textes desquels le bureau de l\u2019Assembl\u00e9e Nationale va se saisir afin d\u2019\u00e9laborer un avant projet de chronogramme \u00e0 soumettre \u00e0 la conf\u00e9rence des pr\u00e9sidents \u00e0 l\u2019attention de la pl\u00e9ni\u00e8re pour adoption. Il s\u2019agit:<\/p>\n<p>1- de l\u2019Accord International sur le caf\u00e9 adopt\u00e9 par la R\u00e9solution\u00a0\u00a0<strong>N\u00b0431<\/strong>\u00a0du Conseil International du caf\u00e9 le 28 septembre 2007 \u00e0 Londres;<\/p>\n<p>2- de la loi portant pr\u00e9vention et r\u00e9pression du terrorisme en Guin\u00e9e;<\/p>\n<p>3-du projet de loi portant code de l\u2019enfant en R\u00e9publique de Guin\u00e9e;<\/p>\n<p>4-de l\u2019Accord de pr\u00eat sign\u00e9 entre la Guin\u00e9e et la BADEA en octobre 2018 \u00e0 Bali;<\/p>\n<p>5-du code civil renvoy\u00e9 pour deuxi\u00e8me lecture;<\/p>\n<p>6-de l\u2019Accord entre la R\u00e9publique de Guin\u00e9e et la Banque Europ\u00e9enne d\u2019investissement;<\/p>\n<p>7-de l\u2019Accord de pr\u00eat entre la Guin\u00e9e et la Banque d\u2019Investissement et de D\u00e9veloppement de la CEDEAO (BIDIC);<\/p>\n<p>8-du projet de loi portant Statut G\u00e9n\u00e9ral des Agents de l\u2019\u00c9tat;<\/p>\n<p>9-de la proposition de loi sur la parit\u00e9.<\/p>\n<p>Nous voil\u00e0 donc\u00a0 encore sollicit\u00e9s dans le cadre de l\u2019exercice du pouvoir l\u00e9gislatif qui nous est conf\u00e9r\u00e9 par la loi fondamentale et par ricochet le peuple. Cela parce que, une fois encore, le pays a \u00e9t\u00e9 emp\u00each\u00e9,\u00a0 par un certain nombre de comportements d\u00e9lib\u00e9r\u00e9s des acteurs politiques et sociaux du pays d\u2019organiser les \u00e9lections l\u00e9gislatives avant l\u2019expiration du mandat de la l\u00e9gislature\u00a0 actuelle.<\/p>\n<p>Aussi, en possession de l\u2019avis juridique de la cour constitutionnelle et au vu des articles 45 et 60 alin\u00e9a 2 de la constitution, au vu de l\u2019article 2 alin\u00e9a 5 et de l\u2019article 125 du code \u00e9lectoral,\u00a0 au vu de l\u2019article 2 alin\u00e9a 5 du R\u00e8glement Int\u00e9rieur de l\u2019Assembl\u00e9e Nationale adopt\u00e9 le 04 juillet 2017,\u00a0 le Pr\u00e9sident de la R\u00e9publique a-t-il habilit\u00e9 par d\u00e9cret du 11 janvier 2019, l\u2019Assembl\u00e9e Nationale \u00e0 continuer \u00e0 assumer les fonctions l\u00e9gislatives jusqu\u2019a l\u2019installation de la nouvelle Institution Parlementaire.<\/p>\n<p>C\u2019est donc dire que nous sommes l\u00e9galement voire l\u00e9gitimement fond\u00e9s \u00e0 poursuivre nos\u00a0 activit\u00e9s jusqu\u2019\u00e0 l\u2019installation de la nouvelle Assembl\u00e9e qui sera \u00e9lue au cours\u00a0 des \u00e9lections l\u00e9gislatives \u00e0 venir. Les commentaires personnalis\u00e9s faits par certains d\u2019entre nous et par certains acteurs politiques et sociaux de l\u2019avis juridique de la cour constitutionnelle ainsi que du d\u00e9cret d\u2019habilitation du Pr\u00e9sident de la R\u00e9publique proc\u00e8de clairement de la m\u00e9connaissance, de la part de leurs auteurs, des proc\u00e9dures et des textes juridiques qui r\u00e9gissent le fonctionnement r\u00e9gulier de l\u2019\u00c9tat et de la notion de continuit\u00e9 du service public. Ce sont donc l\u00e0 des comportements qui ne doivent pas nous pr\u00e9occuper. Nous devons plut\u00f4t, pendant la dur\u00e9e de cette session, cr\u00e9er toutes les conditions et d\u00e9ployer\u00a0 les efforts qui s\u2019imposent \u00e0 nous pour produire des bonnes lois, c\u2019est-\u00e0-dire des lois aux dispositions d\u00e9personnalis\u00e9es et applicables dans la dur\u00e9e.<\/p>\n<p><strong>Honorables D\u00e9put\u00e9s,<\/strong><\/p>\n<p><strong>Distingu\u00e9s Invit\u00e9s,<\/strong><\/p>\n<p><strong>Mesdames, Messieurs<\/strong>,<\/p>\n<p>Il faut reconna\u00eetre que s\u2019il est vrai que notre pays dispose des lois dans pratiquement tous les domaines d\u2019activit\u00e9s, il ne fait pas de doute que les dispositions de beaucoup de ces textes sont aujourd\u2019hui devenues inapplicables, compte tenu des nombreux changements que le pays a connus, mais aussi de la mauvaise qualit\u00e9 de certaines d\u2019entre elles dont les dispositions ont \u00e9t\u00e9 taill\u00e9es sur mesure par leurs auteurs et le l\u00e9gislateur de l\u2019\u00e9poque.<\/p>\n<p>C\u2019est donc un travail de fond qui s\u2019impose aujourd\u2019hui \u00e0 nous \u00a0en vue, entre autres raisons, d\u2019accompagner le pouvoir ex\u00e9cutif dans ses efforts d\u2019assainissement de l\u2019environnement judiciaire pour la promotion du secteur priv\u00e9 et pour l\u2019\u00e9quilibre politique et social du pays.<\/p>\n<p>Ainsi que j\u2019ai eu \u00e0 vous le dire dans mon discours de cl\u00f4ture de la derni\u00e8re session budg\u00e9taire, malgr\u00e9 que l\u2019opposition dispose d\u2019une minorit\u00e9 de blocage dans notre Assembl\u00e9e, son fonctionnement normal n\u2019a jamais \u00e9t\u00e9 bloqu\u00e9 tout au long de la l\u00e9gislature parce que, pour mettre la Guin\u00e9e au dessus de tout, opposition et mouvance ont pu s\u2019entendre, chaque fois qu\u2019il le fallait, pour obtenir la majorit\u00e9 des deux tiers (2\/3) que n\u00e9cessitait l\u2019adoption de chacune des six (6) lois organiques.<\/p>\n<p>Ce travail de fond qui s\u2019impose \u00e0 nous au cours de la pr\u00e9sente session est donc \u00e0 notre port\u00e9e, chers Coll\u00e8gues, si nous continuons \u00e0 privil\u00e9gier les int\u00e9r\u00eats du pays par rapport aux consid\u00e9rations de politique politicienne.<\/p>\n<p>Je ne doute pas un seul instant de l\u2019engagement de chacun et de chacune de vous \u00e0 \u0153uvrer\u00a0 positivement pour un bon d\u00e9roulement de cette session dont l\u2019importance n\u2019est plus \u00e0 d\u00e9montrer. Je sens donc que nous allons pouvoir cr\u00e9er un cadre id\u00e9al pour travailler ensemble afin de doter notre pays des textes de lois fiables. Tout cela est possible si nos travaux se d\u00e9roulent dans une atmosph\u00e8re de courtoisie, de respect mutuel et surtout, d\u2019esprit de\u00a0 responsabilit\u00e9.<\/p>\n<p>En tout cas, cette Guin\u00e9e heureuse, prosp\u00e8re et unie que nous nous souhaitons tous ne se fera que si les Guin\u00e9ens acceptent de se tol\u00e9rer, de vivre ensemble dans la paix et de travailler durement pour la cr\u00e9ation de la richesse indispensable au bien- \u00eatre de la population. Le pouvoir ex\u00e9cutif, \u00e0 travers Monsieur le Pr\u00e9sident de la R\u00e9publique, qui d\u00e9ploie d\u2019importants efforts pour rassembler les cinq cinqui\u00e8mes (5\/5<sup>\u00e8mes<\/sup>) des Guin\u00e9ens de l\u2019int\u00e9rieur et de l\u2019ext\u00e9rieur du pays, travaille dans ce sens. Nous devons donc jouer notre partition en l\u2019accompagnant avec un travail l\u00e9gislatif de qualit\u00e9.<\/p>\n<p><strong>Honorables D\u00e9put\u00e9s, Chers Coll\u00e8gues<\/strong><\/p>\n<p><strong>Distingu\u00e9s Invit\u00e9s,<\/strong><\/p>\n<p><strong>Mesdames, Messieurs.<\/strong><\/p>\n<p>Nous devons nous r\u00e9jouir du fait que notre pays soit aujourd\u2019hui devenu tr\u00e8s attrayant tant sur le plan diplomatique que sur le plan de l\u2019environnement des affaires qui participe \u00e0 l\u2019am\u00e9lioration de la situation \u00e9conomique.<\/p>\n<p>Sur le plan diplomatique, on a assist\u00e9 ces derniers temps \u00e0 la relance tr\u00e8s importante des relations du pays au rang d\u2019Ambassadeurs avec le reste du monde, ce qui pr\u00e9sage de plus en plus un grand int\u00e9r\u00eat de l\u2019ext\u00e9rieur pour la Guin\u00e9e.<\/p>\n<p>Sur le plan \u00e9conomique, les r\u00e9formes avancent normalement dans le cadre du programme d\u2019ajustement appuy\u00e9 par la facilit\u00e9 \u00e9largie de cr\u00e9dit dont s\u2019est dot\u00e9 le pays.<\/p>\n<p>Cela pourrait donc permettre au Gouvernement d\u2019atteindre, voire de d\u00e9passer, au terme de l\u2019ann\u00e9e en cours, l\u2019objectif de 6% de croissance \u00e9conomique qu\u2019il s\u2019est assign\u00e9 dans la Loi de Finances Initiale pour 2019.<\/p>\n<p>Ce taux pourrait \u00eatre d\u00e9pass\u00e9 parce que le programme avec la facilit\u00e9 \u00e9largie de cr\u00e9dit va jouer un puissant r\u00f4le de catalyseur pour permettre au pays d\u2019acc\u00e9der \u00e0 davantage de pr\u00eats concessionnels des institutions financi\u00e8res bilat\u00e9rales et multilat\u00e9rales (Banque Mondiale, AFD, Banque de l\u2019Union Europ\u00e9enne, BAD, BID, BADEA, la soci\u00e9t\u00e9 Financi\u00e8re Internationale etc.) \u00e0 l\u2019effet de financer les infrastructures et l\u2019appui au secteur priv\u00e9. Encore une fois, permettez-moi d\u2019insister sur l\u2019importance du r\u00f4le du secteur priv\u00e9 pour le d\u00e9veloppement et la croissance \u00e9conomique d\u2019un pays, d\u2019o\u00f9 la n\u00e9cessit\u00e9 de n\u2019exclure aucune des entreprises de ce secteur dans l\u2019allocution des ressources pour l\u2019acc\u00e8s aux march\u00e9s publics. Ensuite, l\u2019\u00c9tat doit cr\u00e9er toutes les conditions pour encourager la soci\u00e9t\u00e9 Financi\u00e8re Internationale \u00e0 s\u2019engager plus intens\u00e9ment dans le financement du secteur priv\u00e9 qui souffre du manque de financement, en donnant la priorit\u00e9 au d\u00e9veloppement rural en g\u00e9n\u00e9ral et agricole en particulier. C\u2019est ce message que j\u2019ai livr\u00e9, en votre nom et en mon nom propre, au Pr\u00e9sident Directeur G\u00e9n\u00e9ral de cette agence, filiale de la Banque Mondiale, qui a s\u00e9journ\u00e9 tout derni\u00e8rement dans notre pays.<\/p>\n<p><strong>Honorables D\u00e9put\u00e9s, Cher Coll\u00e8gues,<\/strong><\/p>\n<p><strong>Mesdames et Messieurs les Agents de l\u2019Administration Parlementaire,<\/strong><\/p>\n<p><strong>Honorables Invit\u00e9s,<\/strong><\/p>\n<p><strong>Mesdames, Messieurs,<\/strong><\/p>\n<p>Je vous ai rappel\u00e9 dans mon discours de cl\u00f4ture de la deuxi\u00e8me session budg\u00e9taire pour l\u2019exercice budg\u00e9taire 2019 que d\u00e8s notre installation le 13 janvier 2014, nous avons identifi\u00e9 un certain de nombre de domaines confront\u00e9s \u00e0 des probl\u00e8mes auxquels il fallait trouver des solutions pour un meilleur fonctionnement de l\u2019Assembl\u00e9e Nationale. Le personnel de l\u2019Administration Parlementaire est l\u2019un de ces domaines et je vous ai dit que le bureau avait mis en place une commission de r\u00e9flexion et de travail sous le nom de \u00a0\u00bbCommission de Restructuration du Personnel de l\u2019Assembl\u00e9e Nationale\u00a0\u00bb, pr\u00e9sid\u00e9e par le deuxi\u00e8me Vice pr\u00e9sident.<\/p>\n<p>L\u2019excellent et l\u2019important \u00a0travail abattu par cette commission nous a permis \u00a0\u00a0\u00a0d\u2019augmenter tr\u00e8s fortement les salaires et les avantages du personnel de l\u2019Administration Parlementaire ce qui va avoir pour cons\u00e9quences de mieux stabiliser chaque agent \u00e0 son poste de travail.<\/p>\n<p>Ensuite, la Commission a eu des discussions tr\u00e8s positives avec la Caisse Nationale de S\u00e9curit\u00e9 Sociale, pour l\u2019immatriculation du personnel du Parlement, qui viennent d\u2019aboutir.<\/p>\n<p>La d\u00e9cision d\u2019immatriculation des agents \u00e0 la caisse Nationale de s\u00e9curit\u00e9 sociale est donc maintenant effective et le taux de cotisation est de 23% dont 18% pour l\u2019employeur (l\u2019Assembl\u00e9e Nationale) et 5% pour le salari\u00e9.<\/p>\n<p>Il reste bien entendu que l\u2019employeur (l\u2019Assembl\u00e9e Nationale) doit racheter des parts de cotisations au profit de tous les salari\u00e9s mis \u00e0 la retraite ou encore en activit\u00e9s pour leur permettre de pouvoir b\u00e9n\u00e9ficier des avantages et des pensions pleins.<\/p>\n<p>C\u2019est sur ces mots que je d\u00e9clare ouverts les travaux de la session ordinaire dite session des lois de l\u2019ann\u00e9e 2019.<\/p>\n<p><strong>Je vous remercie<\/strong><\/p>\n<p>&nbsp;<\/p>\n","protected":false},"excerpt":{"rendered":"<p>Honorables D\u00e9put\u00e9s, Chers Coll\u00e8gues, Excellence Monsieur le Premier Ministre, Chef du Gouvernement, Excellence Monsieur le Ministre Conseiller du Pr\u00e9sident de la R\u00e9publique Charg\u00e9 des Relations avec les Institutions R\u00e9publicaines, Mesdames et Messieurs les Repr\u00e9sentants des Institutions R\u00e9publicaines, Mesdames et Messieurs les Membres du Gouvernement, Excellence Mesdames et Messieurs les Membres du Corps Diplomatique et Consulaire, [&hellip;]<\/p>\n","protected":false},"author":2,"featured_media":3605,"comment_status":"open","ping_status":"closed","sticky":false,"template":"","format":"standard","meta":{"buzzeditor_post_format":"","footnotes":""},"categories":[1],"tags":[],"class_list":["post-3604","post","type-post","status-publish","format-standard","has-post-thumbnail","hentry","category-non-classe"],"jetpack_featured_media_url":"https:\/\/guineechrono.com\/wp-content\/uploads\/2019\/04\/kory.jpg","amp_enabled":true,"_links":{"self":[{"href":"https:\/\/guineechrono.com\/index.php\/wp-json\/wp\/v2\/posts\/3604","targetHints":{"allow":["GET"]}}],"collection":[{"href":"https:\/\/guineechrono.com\/index.php\/wp-json\/wp\/v2\/posts"}],"about":[{"href":"https:\/\/guineechrono.com\/index.php\/wp-json\/wp\/v2\/types\/post"}],"author":[{"embeddable":true,"href":"https:\/\/guineechrono.com\/index.php\/wp-json\/wp\/v2\/users\/2"}],"replies":[{"embeddable":true,"href":"https:\/\/guineechrono.com\/index.php\/wp-json\/wp\/v2\/comments?post=3604"}],"version-history":[{"count":0,"href":"https:\/\/guineechrono.com\/index.php\/wp-json\/wp\/v2\/posts\/3604\/revisions"}],"wp:featuredmedia":[{"embeddable":true,"href":"https:\/\/guineechrono.com\/index.php\/wp-json\/wp\/v2\/media\/3605"}],"wp:attachment":[{"href":"https:\/\/guineechrono.com\/index.php\/wp-json\/wp\/v2\/media?parent=3604"}],"wp:term":[{"taxonomy":"category","embeddable":true,"href":"https:\/\/guineechrono.com\/index.php\/wp-json\/wp\/v2\/categories?post=3604"},{"taxonomy":"post_tag","embeddable":true,"href":"https:\/\/guineechrono.com\/index.php\/wp-json\/wp\/v2\/tags?post=3604"}],"curies":[{"name":"wp","href":"https:\/\/api.w.org\/{rel}","templated":true}]}}