{"id":36083,"date":"2025-06-16T20:31:25","date_gmt":"2025-06-16T19:31:25","guid":{"rendered":"https:\/\/guineechrono.com\/?p=36083"},"modified":"2025-06-16T20:31:25","modified_gmt":"2025-06-16T19:31:25","slug":"dar-es-salaam-la-decharge-devenue-cauchemar-sanitaire-nous-avons-developpe-des-pathologies-a-cause-de-la-fumee-temoigne-une-habitante","status":"publish","type":"post","link":"https:\/\/guineechrono.com\/index.php\/dar-es-salaam-la-decharge-devenue-cauchemar-sanitaire-nous-avons-developpe-des-pathologies-a-cause-de-la-fumee-temoigne-une-habitante\/","title":{"rendered":"Dar-es-Salaam : la d\u00e9charge devenue cauchemar sanitaire \u2013 \u00ab Nous avons d\u00e9velopp\u00e9 des pathologies \u00e0 cause de la fum\u00e9e \u00bb, t\u00e9moigne une habitante"},"content":{"rendered":"<p><strong>Install\u00e9e depuis plusieurs d\u00e9cennies au c\u0153ur du quartier Dar-es-Salaam, dans la commune de Matoto, la d\u00e9charge publique du m\u00eame nom ne cesse d\u2019inqui\u00e9ter. De simple point de d\u00e9p\u00f4t d\u2019ordures, elle s\u2019est transform\u00e9e au fil des ann\u00e9es en une montagne de d\u00e9chets, avec des cons\u00e9quences sanitaires de plus en plus alarmantes pour les habitants de ce quartier populaire de la capitale guin\u00e9enne.<\/strong><\/p>\n<p>Malgr\u00e9 les nombreuses alertes des riverains et les appels pressants lanc\u00e9s par des acteurs de la soci\u00e9t\u00e9 civile et des sp\u00e9cialistes de la sant\u00e9 publique, la situation demeure inchang\u00e9e. La d\u00e9charge continue de cro\u00eetre, d\u00e9gageant quotidiennement une fum\u00e9e dense et une odeur pestilentielle, particuli\u00e8rement insupportables durant la saison s\u00e8che et la saison des pluies respectivement.<\/p>\n<p>Rencontr\u00e9e sur place par l\u2019un de nos reporters, Mme Diaraye Barry, habitante de Dar-es-Salaam, livre un t\u00e9moignage poignant : \u00ab <em>Je suis n\u00e9e ici, j\u2019ai grandi ici. La d\u00e9charge existait d\u00e9j\u00e0, mais \u00e0 l\u2019\u00e9poque ce n\u2019\u00e9tait qu\u2019un grand trou. Aujourd\u2019hui, c\u2019est devenu une v\u00e9ritable montagne d\u2019ordures, avec toutes les cons\u00e9quences qu\u2019on peut imaginer. \u00bb<\/em><\/p>\n<p>Mme Barry \u00e9voque avec \u00e9motion les drames v\u00e9cus par les r\u00e9sidents, notamment la trag\u00e9die de 2017, lorsqu\u2019un glissement d\u2019ordures avait co\u00fbt\u00e9 la vie \u00e0 plusieurs personnes. Mais au-del\u00e0 de cette catastrophe, ce sont les effets quotidiens de la pollution qui rongent la sant\u00e9 des populations locales. \u00ab <em>Personnellement, j\u2019ai d\u00e9velopp\u00e9 une maladie respiratoire \u00e0 cause de cette fum\u00e9e toxique. Mon petit fr\u00e8re aussi est malade, et son cas est encore plus grave : il a des complications cardiaques. Nous faisons des allers-retours incessants \u00e0 l\u2019h\u00f4pital. \u00bb<\/em><\/p>\n<p>Selon elle, les conditions de vie se d\u00e9t\u00e9riorent d\u2019ann\u00e9e en ann\u00e9e. \u00ab <em>Pendant la saison des pluies, c\u2019est une odeur naus\u00e9abonde qui nous emp\u00eache de respirer. En saison s\u00e8che, la fum\u00e9e est tellement \u00e9paisse qu\u2019on est oblig\u00e9 d\u2019allumer les phares de la moto m\u00eame en plein jour pour ne pas heurter quelqu\u2019un. C\u2019est devenu invivable. \u00bb<\/em><\/p>\n<p>Avec beaucoup d\u2019\u00e9motion, Mme Barry lance un cri de d\u00e9tresse aux autorit\u00e9s : \u00ab <em>M\u00eame \u00e0 l\u2019h\u00f4pital, on nous demande si on fume. Mais ce n\u2019est pas le cas. Cette fum\u00e9e nous d\u00e9truit lentement. Ce n\u2019est pas tout le monde qui fume, surtout pas les femmes. Que le pr\u00e9sident Mamadi Doumbouya nous vienne en aide. Nous souffrons trop ici. Pensez \u00e0 ces enfants qui grandissent dans ces conditions.<\/em> \u00bb<\/p>\n<p>Face \u00e0 l\u2019urgence sanitaire que repr\u00e9sente aujourd\u2019hui la d\u00e9charge de Dar-es-Salaam, les habitants implorent une action rapide, structur\u00e9e et durable. Car pour eux, ce qui \u00e9tait autrefois un simple site d\u2019enfouissement est d\u00e9sormais une menace permanente \u00e0 leur droit fondamental \u00e0 la sant\u00e9 et \u00e0 un environnement sain.<\/p>\n<p><strong>Planete7.info\u00a0<\/strong><\/p>\n","protected":false},"excerpt":{"rendered":"<p>Install\u00e9e depuis plusieurs d\u00e9cennies au c\u0153ur du quartier Dar-es-Salaam, dans la commune de Matoto, la d\u00e9charge publique du m\u00eame nom ne cesse d\u2019inqui\u00e9ter. De simple point de d\u00e9p\u00f4t d\u2019ordures, elle s\u2019est transform\u00e9e au fil des ann\u00e9es en une montagne de d\u00e9chets, avec des cons\u00e9quences sanitaires de plus en plus alarmantes pour les habitants de ce [&hellip;]<\/p>\n","protected":false},"author":2,"featured_media":36084,"comment_status":"open","ping_status":"closed","sticky":false,"template":"","format":"standard","meta":{"buzzeditor_post_format":"","footnotes":""},"categories":[42],"tags":[],"class_list":["post-36083","post","type-post","status-publish","format-standard","has-post-thumbnail","hentry","category-news"],"jetpack_featured_media_url":"https:\/\/guineechrono.com\/wp-content\/uploads\/2025\/06\/fumee.jpg","amp_enabled":true,"_links":{"self":[{"href":"https:\/\/guineechrono.com\/index.php\/wp-json\/wp\/v2\/posts\/36083","targetHints":{"allow":["GET"]}}],"collection":[{"href":"https:\/\/guineechrono.com\/index.php\/wp-json\/wp\/v2\/posts"}],"about":[{"href":"https:\/\/guineechrono.com\/index.php\/wp-json\/wp\/v2\/types\/post"}],"author":[{"embeddable":true,"href":"https:\/\/guineechrono.com\/index.php\/wp-json\/wp\/v2\/users\/2"}],"replies":[{"embeddable":true,"href":"https:\/\/guineechrono.com\/index.php\/wp-json\/wp\/v2\/comments?post=36083"}],"version-history":[{"count":1,"href":"https:\/\/guineechrono.com\/index.php\/wp-json\/wp\/v2\/posts\/36083\/revisions"}],"predecessor-version":[{"id":36085,"href":"https:\/\/guineechrono.com\/index.php\/wp-json\/wp\/v2\/posts\/36083\/revisions\/36085"}],"wp:featuredmedia":[{"embeddable":true,"href":"https:\/\/guineechrono.com\/index.php\/wp-json\/wp\/v2\/media\/36084"}],"wp:attachment":[{"href":"https:\/\/guineechrono.com\/index.php\/wp-json\/wp\/v2\/media?parent=36083"}],"wp:term":[{"taxonomy":"category","embeddable":true,"href":"https:\/\/guineechrono.com\/index.php\/wp-json\/wp\/v2\/categories?post=36083"},{"taxonomy":"post_tag","embeddable":true,"href":"https:\/\/guineechrono.com\/index.php\/wp-json\/wp\/v2\/tags?post=36083"}],"curies":[{"name":"wp","href":"https:\/\/api.w.org\/{rel}","templated":true}]}}