{"id":36090,"date":"2025-06-17T12:06:21","date_gmt":"2025-06-17T11:06:21","guid":{"rendered":"https:\/\/guineechrono.com\/?p=36090"},"modified":"2025-06-17T12:06:21","modified_gmt":"2025-06-17T11:06:21","slug":"un-arbre-pour-lunite-un-espace-citoyen-de-bamako-dedie-a-ahmed-kante","status":"publish","type":"post","link":"https:\/\/guineechrono.com\/index.php\/un-arbre-pour-lunite-un-espace-citoyen-de-bamako-dedie-a-ahmed-kante\/","title":{"rendered":"Un arbre pour l\u2019unit\u00e9 : un espace citoyen de Bamako d\u00e9di\u00e9 \u00e0 Ahmed Kant\u00e9"},"content":{"rendered":"<p>Dans le quartier de Koural\u00e9, au sud de la capitale malienne, un espace public a \u00e9t\u00e9 baptis\u00e9 au nom d\u2019Ahmed Kant\u00e9, figure guin\u00e9enne de premier plan, ancien ministre des Mines et de la G\u00e9ologie, actuellement \u00e0 la t\u00eate de la soci\u00e9t\u00e9 AGB2A-GIC. La c\u00e9r\u00e9monie, organis\u00e9e les 14 et 15 juin 2025, a rassembl\u00e9 des repr\u00e9sentants d\u2019associations, des citoyens et des invit\u00e9s venus c\u00e9l\u00e9brer un engagement panafricain.<\/p>\n<p><a href=\"https:\/\/guineechrono.com\/wp-content\/uploads\/2025\/06\/IMG-20250617-WA0048.jpg\"><img fetchpriority=\"high\" decoding=\"async\" class=\"alignleft size-medium wp-image-36092\" src=\"https:\/\/guineechrono.com\/wp-content\/uploads\/2025\/06\/IMG-20250617-WA0048-300x200.jpg\" alt=\"\" width=\"300\" height=\"200\" srcset=\"https:\/\/guineechrono.com\/wp-content\/uploads\/2025\/06\/IMG-20250617-WA0048-300x200.jpg 300w, https:\/\/guineechrono.com\/wp-content\/uploads\/2025\/06\/IMG-20250617-WA0048-1024x683.jpg 1024w, https:\/\/guineechrono.com\/wp-content\/uploads\/2025\/06\/IMG-20250617-WA0048-768x512.jpg 768w, https:\/\/guineechrono.com\/wp-content\/uploads\/2025\/06\/IMG-20250617-WA0048-696x464.jpg 696w, https:\/\/guineechrono.com\/wp-content\/uploads\/2025\/06\/IMG-20250617-WA0048-1068x713.jpg 1068w, https:\/\/guineechrono.com\/wp-content\/uploads\/2025\/06\/IMG-20250617-WA0048-630x420.jpg 630w, https:\/\/guineechrono.com\/wp-content\/uploads\/2025\/06\/IMG-20250617-WA0048.jpg 1280w\" sizes=\"(max-width: 300px) 100vw, 300px\" \/><\/a><\/p>\n<p>&nbsp;<\/p>\n<p>&nbsp;<\/p>\n<p>&nbsp;<\/p>\n<p>&nbsp;<\/p>\n<p>Port\u00e9e par des jeunes leaders maliens, cette initiative vise \u00e0 rendre hommage \u00e0 un homme dont l\u2019action d\u00e9passe les fronti\u00e8res nationales. Elle s\u2019inscrit dans un esprit de reconnaissance mutuelle entre le Mali et la Guin\u00e9e, deux pays li\u00e9s par une histoire commune et une proximit\u00e9 culturelle profonde. En donnant \u00e0 cet espace vert le nom d\u2019Ahmed Kant\u00e9, les organisateurs entendent \u00e9galement faire de ce lieu un symbole de l\u2019unit\u00e9 et de l\u2019engagement citoyen au service du continent.<\/p>\n<p><a href=\"https:\/\/guineechrono.com\/wp-content\/uploads\/2025\/06\/IMG-20250617-WA0046.jpg\"><img decoding=\"async\" class=\"alignleft size-medium wp-image-36093\" src=\"https:\/\/guineechrono.com\/wp-content\/uploads\/2025\/06\/IMG-20250617-WA0046-200x300.jpg\" alt=\"\" width=\"200\" height=\"300\" srcset=\"https:\/\/guineechrono.com\/wp-content\/uploads\/2025\/06\/IMG-20250617-WA0046-200x300.jpg 200w, https:\/\/guineechrono.com\/wp-content\/uploads\/2025\/06\/IMG-20250617-WA0046-683x1024.jpg 683w, https:\/\/guineechrono.com\/wp-content\/uploads\/2025\/06\/IMG-20250617-WA0046-696x1044.jpg 696w, https:\/\/guineechrono.com\/wp-content\/uploads\/2025\/06\/IMG-20250617-WA0046-280x420.jpg 280w, https:\/\/guineechrono.com\/wp-content\/uploads\/2025\/06\/IMG-20250617-WA0046.jpg 720w\" sizes=\"(max-width: 200px) 100vw, 200px\" \/><\/a><\/p>\n<p>&nbsp;<\/p>\n<p>&nbsp;<\/p>\n<p>&nbsp;<\/p>\n<p>&nbsp;<\/p>\n<p>&nbsp;<\/p>\n<p>La c\u00e9r\u00e9monie a \u00e9t\u00e9 ponctu\u00e9e par une activit\u00e9 de reboisement, dans le but de faire de cet espace de pr\u00e8s d\u2019un demi-hectare un lieu \u00e9cologique, accessible \u00e0 la population locale. \u00c9taient pr\u00e9sents \u00e0 cette occasion plusieurs personnalit\u00e9s, dont Lalamalan Kant\u00e9, repr\u00e9sentant de l\u2019Union des descendants de Soumaoro Kant\u00e9, et Nicole N\u2019Doubayo de l\u2019organisation Impact Ladies, actrice engag\u00e9e dans la promotion du leadership f\u00e9minin et de la transition \u00e9cologique.<\/p>\n<p><a href=\"https:\/\/guineechrono.com\/wp-content\/uploads\/2025\/06\/IMG-20250617-WA0045.jpg\"><img decoding=\"async\" class=\"alignleft size-medium wp-image-36094\" src=\"https:\/\/guineechrono.com\/wp-content\/uploads\/2025\/06\/IMG-20250617-WA0045-300x294.jpg\" alt=\"\" width=\"300\" height=\"294\" srcset=\"https:\/\/guineechrono.com\/wp-content\/uploads\/2025\/06\/IMG-20250617-WA0045-300x294.jpg 300w, https:\/\/guineechrono.com\/wp-content\/uploads\/2025\/06\/IMG-20250617-WA0045-1024x1005.jpg 1024w, https:\/\/guineechrono.com\/wp-content\/uploads\/2025\/06\/IMG-20250617-WA0045-768x754.jpg 768w, https:\/\/guineechrono.com\/wp-content\/uploads\/2025\/06\/IMG-20250617-WA0045-696x683.jpg 696w, https:\/\/guineechrono.com\/wp-content\/uploads\/2025\/06\/IMG-20250617-WA0045-1068x1048.jpg 1068w, https:\/\/guineechrono.com\/wp-content\/uploads\/2025\/06\/IMG-20250617-WA0045-428x420.jpg 428w, https:\/\/guineechrono.com\/wp-content\/uploads\/2025\/06\/IMG-20250617-WA0045.jpg 1080w\" sizes=\"(max-width: 300px) 100vw, 300px\" \/><\/a><\/p>\n<p>&nbsp;<\/p>\n<p>&nbsp;<\/p>\n<p>&nbsp;<\/p>\n<p>&nbsp;<\/p>\n<p>&nbsp;<\/p>\n<p>Pour Mohamed Keita, enseignant-chercheur et principal initiateur du projet, le choix d\u2019Ahmed Kant\u00e9 s\u2019imposait naturellement. Il souligne que ce dernier incarne des valeurs de service public, de rigueur et de vision pour l\u2019Afrique, mais n\u2019a pas toujours \u00e9t\u00e9 reconnu \u00e0 sa juste valeur dans son pays d\u2019origine. Ce geste se veut donc aussi un appel \u00e0 la m\u00e9moire et \u00e0 la reconnaissance des b\u00e2tisseurs de l\u2019Afrique contemporaine.<\/p>\n<p>Visiblement touch\u00e9, Ahmed Kant\u00e9 a remerci\u00e9 les organisateurs et les participants pour leur accueil et cette marque d\u2019estime. Il a tenu \u00e0 rappeler les liens historiques entre les deux pays, soulignant que la Guin\u00e9e et le Mali, selon les mots de l\u2019ancien pr\u00e9sident malien Moussa Traor\u00e9, sont \u00ab deux poumons d\u2019un m\u00eame c\u0153ur \u00bb. Il a \u00e9galement encourag\u00e9 les jeunes g\u00e9n\u00e9rations \u00e0 porter haut les id\u00e9aux de solidarit\u00e9, de coop\u00e9ration r\u00e9gionale et de progr\u00e8s.<\/p>\n<p>Prenant la parole au nom des participants, Lalamalan Kant\u00e9 a salu\u00e9 une d\u00e9cision symbolique et forte : \u00e0 travers Ahmed Kant\u00e9, c\u2019est la Guin\u00e9e tout enti\u00e8re qui est honor\u00e9e. Ce geste, selon lui, t\u00e9moigne de l\u2019importance de c\u00e9l\u00e9brer les personnalit\u00e9s africaines qui \u0153uvrent dans l\u2019ombre au renforcement de la coh\u00e9sion et du d\u00e9veloppement.<\/p>\n<p><a href=\"https:\/\/guineechrono.com\/wp-content\/uploads\/2025\/06\/IMG-20250617-WA0047.jpg\"><img loading=\"lazy\" decoding=\"async\" class=\"alignleft size-medium wp-image-36095\" src=\"https:\/\/guineechrono.com\/wp-content\/uploads\/2025\/06\/IMG-20250617-WA0047-300x200.jpg\" alt=\"\" width=\"300\" height=\"200\" srcset=\"https:\/\/guineechrono.com\/wp-content\/uploads\/2025\/06\/IMG-20250617-WA0047-300x200.jpg 300w, https:\/\/guineechrono.com\/wp-content\/uploads\/2025\/06\/IMG-20250617-WA0047-1024x683.jpg 1024w, https:\/\/guineechrono.com\/wp-content\/uploads\/2025\/06\/IMG-20250617-WA0047-768x512.jpg 768w, https:\/\/guineechrono.com\/wp-content\/uploads\/2025\/06\/IMG-20250617-WA0047-696x464.jpg 696w, https:\/\/guineechrono.com\/wp-content\/uploads\/2025\/06\/IMG-20250617-WA0047-1068x713.jpg 1068w, https:\/\/guineechrono.com\/wp-content\/uploads\/2025\/06\/IMG-20250617-WA0047-630x420.jpg 630w, https:\/\/guineechrono.com\/wp-content\/uploads\/2025\/06\/IMG-20250617-WA0047.jpg 1280w\" sizes=\"(max-width: 300px) 100vw, 300px\" \/><\/a><\/p>\n<p>&nbsp;<\/p>\n<p>&nbsp;<\/p>\n<p>&nbsp;<\/p>\n<p>&nbsp;<\/p>\n<p>L\u2019\u00e9v\u00e9nement s\u2019est achev\u00e9 par la remise d\u2019un grand chiwara \u00e0 Ahmed Kant\u00e9. Cette distinction traditionnelle malienne, symbole d\u2019excellence, est r\u00e9serv\u00e9e aux personnalit\u00e9s dont l\u2019action b\u00e9n\u00e9ficie \u00e0 la communaut\u00e9. Elle vient consacrer une visite plac\u00e9e sous les signes de l\u2019unit\u00e9 africaine, de la transmission de valeurs et de l\u2019engagement citoyen.<\/p>\n<p><strong>Moussa Ke\u00efta<br \/>\nCorrespondant sp\u00e9cial \u00e0 Bamako<\/strong><\/p>\n<p><strong>\u00a0<\/strong><\/p>\n","protected":false},"excerpt":{"rendered":"<p>Dans le quartier de Koural\u00e9, au sud de la capitale malienne, un espace public a \u00e9t\u00e9 baptis\u00e9 au nom d\u2019Ahmed Kant\u00e9, figure guin\u00e9enne de premier plan, ancien ministre des Mines et de la G\u00e9ologie, actuellement \u00e0 la t\u00eate de la soci\u00e9t\u00e9 AGB2A-GIC. La c\u00e9r\u00e9monie, organis\u00e9e les 14 et 15 juin 2025, a rassembl\u00e9 des repr\u00e9sentants [&hellip;]<\/p>\n","protected":false},"author":2,"featured_media":36091,"comment_status":"open","ping_status":"closed","sticky":false,"template":"","format":"standard","meta":{"buzzeditor_post_format":"","footnotes":""},"categories":[42],"tags":[],"class_list":["post-36090","post","type-post","status-publish","format-standard","has-post-thumbnail","hentry","category-news"],"jetpack_featured_media_url":"https:\/\/guineechrono.com\/wp-content\/uploads\/2025\/06\/IMG-20250617-WA0044.jpg","amp_enabled":true,"_links":{"self":[{"href":"https:\/\/guineechrono.com\/index.php\/wp-json\/wp\/v2\/posts\/36090","targetHints":{"allow":["GET"]}}],"collection":[{"href":"https:\/\/guineechrono.com\/index.php\/wp-json\/wp\/v2\/posts"}],"about":[{"href":"https:\/\/guineechrono.com\/index.php\/wp-json\/wp\/v2\/types\/post"}],"author":[{"embeddable":true,"href":"https:\/\/guineechrono.com\/index.php\/wp-json\/wp\/v2\/users\/2"}],"replies":[{"embeddable":true,"href":"https:\/\/guineechrono.com\/index.php\/wp-json\/wp\/v2\/comments?post=36090"}],"version-history":[{"count":1,"href":"https:\/\/guineechrono.com\/index.php\/wp-json\/wp\/v2\/posts\/36090\/revisions"}],"predecessor-version":[{"id":36096,"href":"https:\/\/guineechrono.com\/index.php\/wp-json\/wp\/v2\/posts\/36090\/revisions\/36096"}],"wp:featuredmedia":[{"embeddable":true,"href":"https:\/\/guineechrono.com\/index.php\/wp-json\/wp\/v2\/media\/36091"}],"wp:attachment":[{"href":"https:\/\/guineechrono.com\/index.php\/wp-json\/wp\/v2\/media?parent=36090"}],"wp:term":[{"taxonomy":"category","embeddable":true,"href":"https:\/\/guineechrono.com\/index.php\/wp-json\/wp\/v2\/categories?post=36090"},{"taxonomy":"post_tag","embeddable":true,"href":"https:\/\/guineechrono.com\/index.php\/wp-json\/wp\/v2\/tags?post=36090"}],"curies":[{"name":"wp","href":"https:\/\/api.w.org\/{rel}","templated":true}]}}