{"id":3614,"date":"2019-04-08T12:53:50","date_gmt":"2019-04-08T11:53:50","guid":{"rendered":"http:\/\/guineechrono.com\/?p=3614"},"modified":"2019-04-08T12:53:50","modified_gmt":"2019-04-08T11:53:50","slug":"mali-ibk-appelle-a-lunion-contre-le-terrorisme","status":"publish","type":"post","link":"https:\/\/guineechrono.com\/index.php\/mali-ibk-appelle-a-lunion-contre-le-terrorisme\/","title":{"rendered":"Mali : IBK appelle \u00e0 l&rsquo;union contre le terrorisme"},"content":{"rendered":"<p><strong>Le pr\u00e9sident malien Ibrahim Boubacar Keita appelle \u00e0 l&rsquo;union sacr\u00e9e contre les terroristes apr\u00e8s la manifestation des religieux vendredi dernier.<\/strong><\/p>\n<p>Certains manifestants avaient appel\u00e9 au d\u00e9part du gouvernement eu \u00e9gard \u00e0 ses efforts jug\u00e9s insuffisants pour mettre un terme \u00e0 l&rsquo;ins\u00e9curit\u00e9 dans le centre dont le l&rsquo;\u00e9pisode le plus embl\u00e9matique reste le massacre de 160 civils \u00e0 Ogossagou le 23 mars derniers.<\/p>\n<p>En rencontrant la ligue des imams du Mali apr\u00e8s la journ\u00e9e de contestation contre son gouvernement, Ibrahim Boubacar Keita s&rsquo;est tout d&rsquo;abord offusqu\u00e9 des slogans hostiles aux forces \u00e9trang\u00e8res que certains manifestants ont lanc\u00e9es lors du meeting.<\/p>\n<p>Le pr\u00e9sident a estim\u00e9 que dans le contexte malien, il faut l&rsquo;union sacr\u00e9e, car d&rsquo;apr\u00e8s lui, les terroristes et leurs alli\u00e9s pourraient tirer profit de ces diff\u00e9rents mouvements.<\/p>\n<p>\u00a0\u00bbNous demandons \u00e0 nos concitoyens de nous faire confiance\u00a0\u00bb a-t-il ajout\u00e9.<\/p>\n<p>Les manifestants exigeaient la d\u00e9mission du premier ministre.<\/p>\n<p>Mais pour le chef de l&rsquo;Etat \u00a0\u00bble chef du gouvernement et lui sont en mission de protection et de d\u00e9fense du pays\u00a0\u00bb.<\/p>\n<p><strong>Bbcafrique.com<\/strong><\/p>\n<p>&nbsp;<\/p>\n","protected":false},"excerpt":{"rendered":"<p>Le pr\u00e9sident malien Ibrahim Boubacar Keita appelle \u00e0 l&rsquo;union sacr\u00e9e contre les terroristes apr\u00e8s la manifestation des religieux vendredi dernier. Certains manifestants avaient appel\u00e9 au d\u00e9part du gouvernement eu \u00e9gard \u00e0 ses efforts jug\u00e9s insuffisants pour mettre un terme \u00e0 l&rsquo;ins\u00e9curit\u00e9 dans le centre dont le l&rsquo;\u00e9pisode le plus embl\u00e9matique reste le massacre de 160 [&hellip;]<\/p>\n","protected":false},"author":2,"featured_media":3615,"comment_status":"open","ping_status":"closed","sticky":false,"template":"","format":"standard","meta":{"buzzeditor_post_format":"","footnotes":""},"categories":[1],"tags":[],"class_list":["post-3614","post","type-post","status-publish","format-standard","has-post-thumbnail","hentry","category-non-classe"],"jetpack_featured_media_url":"https:\/\/guineechrono.com\/wp-content\/uploads\/2019\/04\/mali.jpg","amp_enabled":true,"_links":{"self":[{"href":"https:\/\/guineechrono.com\/index.php\/wp-json\/wp\/v2\/posts\/3614","targetHints":{"allow":["GET"]}}],"collection":[{"href":"https:\/\/guineechrono.com\/index.php\/wp-json\/wp\/v2\/posts"}],"about":[{"href":"https:\/\/guineechrono.com\/index.php\/wp-json\/wp\/v2\/types\/post"}],"author":[{"embeddable":true,"href":"https:\/\/guineechrono.com\/index.php\/wp-json\/wp\/v2\/users\/2"}],"replies":[{"embeddable":true,"href":"https:\/\/guineechrono.com\/index.php\/wp-json\/wp\/v2\/comments?post=3614"}],"version-history":[{"count":0,"href":"https:\/\/guineechrono.com\/index.php\/wp-json\/wp\/v2\/posts\/3614\/revisions"}],"wp:featuredmedia":[{"embeddable":true,"href":"https:\/\/guineechrono.com\/index.php\/wp-json\/wp\/v2\/media\/3615"}],"wp:attachment":[{"href":"https:\/\/guineechrono.com\/index.php\/wp-json\/wp\/v2\/media?parent=3614"}],"wp:term":[{"taxonomy":"category","embeddable":true,"href":"https:\/\/guineechrono.com\/index.php\/wp-json\/wp\/v2\/categories?post=3614"},{"taxonomy":"post_tag","embeddable":true,"href":"https:\/\/guineechrono.com\/index.php\/wp-json\/wp\/v2\/tags?post=3614"}],"curies":[{"name":"wp","href":"https:\/\/api.w.org\/{rel}","templated":true}]}}