{"id":36145,"date":"2025-06-19T10:16:11","date_gmt":"2025-06-19T09:16:11","guid":{"rendered":"https:\/\/guineechrono.com\/?p=36145"},"modified":"2025-06-19T10:16:11","modified_gmt":"2025-06-19T09:16:11","slug":"simic-2025-mohamed-lamine-sy-savane-lexigence-republicaine-au-service-de-la-transformation-nationale","status":"publish","type":"post","link":"https:\/\/guineechrono.com\/index.php\/simic-2025-mohamed-lamine-sy-savane-lexigence-republicaine-au-service-de-la-transformation-nationale\/","title":{"rendered":"SIMIC 2025 : Mohamed Lamine SY SAVAN\u00c9, l\u2019exigence r\u00e9publicaine au service de la transformation nationale"},"content":{"rendered":"<p>Dans le concert des voix gouvernementales qui fa\u00e7onnent le renouveau institutionnel de la R\u00e9publique de Guin\u00e9e sous la transition dirig\u00e9e avec excellence par le G\u00e9n\u00e9ral d&rsquo;Arm\u00e9e Mamadi DOUMBOUYA, Mohamed Lamine SY SAVAN\u00c9, Ministre Directeur de Cabinet de la Primature, s\u2019impose par la rigueur de sa pens\u00e9e, la constance de son engagement et la profondeur de sa vision strat\u00e9gique. \u00c0 la crois\u00e9e de la haute administration, de la diplomatie \u00e9conomique et de la r\u00e9forme de l\u2019\u00c9tat, il incarne une figure de s\u00e9rieux, de loyaut\u00e9 et de lucidit\u00e9 rare.<\/p>\n<p><strong>&#8211; Mohamed Sy SAVAN\u00c9, une parole d&rsquo;\u00c9tat, un appel \u00e0 la responsabilit\u00e9 collective<\/strong><\/p>\n<p>Dans un pays en qu\u00eate d\u2019unit\u00e9, de stabilit\u00e9 et de projection vers l\u2019avenir, la parole publique est un acte de responsabilit\u00e9. Lors du Forum \u00e9conomique Emergence Magazine, Mohamed Lamine SY SAVAN\u00c9 a tenu un discours \u00e0 la fois sobre et fondamental : \u00ab\u00a0Nul ne d\u00e9tient le titre foncier de la Guin\u00e9e. Chaque citoyen doit porter cette Nation comme une mission sacr\u00e9e.\u00a0\u00bb\u00a0 Par cette d\u00e9claration, il rappelle une v\u00e9rit\u00e9 cardinale : la R\u00e9publique est un bien commun, un pacte de solidarit\u00e9, de justice et d\u2019\u00e9quit\u00e9. Pour ce haut fonctionnaire, la paix durable ne peut exister sans justice. Et la justice v\u00e9ritable ne saurait \u00eatre s\u00e9lective ou manipul\u00e9e : elle doit \u00eatre au service de tous, sans distinction d\u2019origine, de fonction ou de pouvoir.<\/p>\n<p><strong>&#8211; Mohamed Sy SAVAN\u00c9, ma\u00eetre d\u2019\u0153uvre discret de la diplomatie \u00e9conomique et institutionnelle<\/strong><\/p>\n<p>Derri\u00e8re les grandes annonces gouvernementales, se d\u00e9ploie le travail minutieux du Cabinet du Premier ministre. \u00c0 ce poste strat\u00e9gique, M. Mohamed Sy SAVAN\u00c9 est un v\u00e9ritable chef d\u2019orchestre de l\u2019action administrative, veillant \u00e0 l\u2019harmonisation des politiques publiques, \u00e0 la coh\u00e9rence des r\u00e9formes et \u00e0 l\u2019alignement des agendas nationaux avec les enjeux globaux. Sa r\u00e9cente rencontre avec une d\u00e9l\u00e9gation sud-cor\u00e9enne dans le cadre du programme Knowledge Sharing Program (KSP) en est une parfaite illustration. Sous son impulsion, les discussions ont port\u00e9 sur :<\/p>\n<p><strong>-l\u2019impl\u00e9mentation de la politique industrielle guin\u00e9enne (PNDIG) ;<\/strong><\/p>\n<p><strong>-le renforcement du contenu local dans les cha\u00eenes de valeur strat\u00e9giques ;<\/strong><\/p>\n<p><strong>-l\u2019optimisation des zones \u00e9conomiques sp\u00e9ciales pour en faire des moteurs de transformation \u00e9conomique.<\/strong><\/p>\n<p>Ces dynamiques s\u2019inscrivent dans l\u2019ambitieux programme Simandou2040, dont M. SY SAVAN\u00c9 est l\u2019un des principaux architectes technocratiques.<\/p>\n<p>Ce qui distingue M. Mohamed Lamine SY SAVAN\u00c9 n\u2019est pas sa recherche de lumi\u00e8re, mais sa culture du devoir. Peu enclin aux effets d\u2019annonce, il privil\u00e9gie le travail de fond, l\u2019\u00e9thique de la m\u00e9thode, et une loyaut\u00e9 sans faille aux institutions r\u00e9publicaines. Il appartient \u00e0 cette g\u00e9n\u00e9ration de serviteurs de l\u2019\u00c9tat qui pensent que la transformation d\u2019un pays passe moins par les slogans que par les actes structurants. Chaque dossier qu\u2019il traite, chaque r\u00e9forme qu\u2019il pilote, chaque mission qu\u2019il engage t\u00e9moigne d\u2019un attachement profond \u00e0 la R\u00e9publique, \u00e0 la discipline administrative et \u00e0 l\u2019excellence de la gouvernance.<\/p>\n<p>Dans cette phase charni\u00e8re de l\u2019histoire de la Guin\u00e9e, marqu\u00e9e par une transition exigeante, Mohamed Lamine SY SAVAN\u00c9 est un rep\u00e8re. Non pas par la m\u00e9diatisation de ses actions, mais par la profondeur de sa vision, la fiabilit\u00e9 de ses convictions et la hauteur de sa mission.<\/p>\n<p>Le peuple de Guin\u00e9e et le Pr\u00e9sident Mamadi\u00a0 DOUMBOUYA a besoin d\u2019hommes et de femmes qui servent, non qui s\u2019imposent. D\u2019esprits strat\u00e8ges, non de postureurs politiques. En cela, le Ministre Directeur de Cabinet incarne une boussole. Une valeur s\u00fbre. Une voix de raison.<\/p>\n<p><a href=\"https:\/\/guineechrono.com\/wp-content\/uploads\/2025\/06\/IMG-20250615-WA0047-2.jpg\"><img fetchpriority=\"high\" decoding=\"async\" class=\"alignleft size-medium wp-image-36147\" src=\"https:\/\/guineechrono.com\/wp-content\/uploads\/2025\/06\/IMG-20250615-WA0047-2-300x300.jpg\" alt=\"\" width=\"300\" height=\"300\" srcset=\"https:\/\/guineechrono.com\/wp-content\/uploads\/2025\/06\/IMG-20250615-WA0047-2-300x300.jpg 300w, https:\/\/guineechrono.com\/wp-content\/uploads\/2025\/06\/IMG-20250615-WA0047-2-1024x1024.jpg 1024w, https:\/\/guineechrono.com\/wp-content\/uploads\/2025\/06\/IMG-20250615-WA0047-2-150x150.jpg 150w, https:\/\/guineechrono.com\/wp-content\/uploads\/2025\/06\/IMG-20250615-WA0047-2-768x768.jpg 768w, https:\/\/guineechrono.com\/wp-content\/uploads\/2025\/06\/IMG-20250615-WA0047-2-696x696.jpg 696w, https:\/\/guineechrono.com\/wp-content\/uploads\/2025\/06\/IMG-20250615-WA0047-2-1068x1068.jpg 1068w, https:\/\/guineechrono.com\/wp-content\/uploads\/2025\/06\/IMG-20250615-WA0047-2-420x420.jpg 420w, https:\/\/guineechrono.com\/wp-content\/uploads\/2025\/06\/IMG-20250615-WA0047-2.jpg 1080w\" sizes=\"(max-width: 300px) 100vw, 300px\" \/><\/a><\/p>\n<p>&nbsp;<\/p>\n<p>&nbsp;<\/p>\n<p>&nbsp;<\/p>\n<p>&nbsp;<\/p>\n<p>&nbsp;<\/p>\n<p>Le Comit\u00e9 d&rsquo;organisation du Salon International des Mines et Carri\u00e8res de Guin\u00e9e (SIMIC 2025), pr\u00e9vu les 20 et 21 Juin 2025 \u00e0 l&rsquo;h\u00f4tel Palm Camayenne de Conakry \u00e0 09h<\/p>\n<p>TEL: 626 31 44 33<\/p>\n<p>SITE INTERNET : <a href=\"http:\/\/www.simicguinee.com\">www.simicguinee.com<\/a><\/p>\n<p>&nbsp;<\/p>\n","protected":false},"excerpt":{"rendered":"<p>Dans le concert des voix gouvernementales qui fa\u00e7onnent le renouveau institutionnel de la R\u00e9publique de Guin\u00e9e sous la transition dirig\u00e9e avec excellence par le G\u00e9n\u00e9ral d&rsquo;Arm\u00e9e Mamadi DOUMBOUYA, Mohamed Lamine SY SAVAN\u00c9, Ministre Directeur de Cabinet de la Primature, s\u2019impose par la rigueur de sa pens\u00e9e, la constance de son engagement et la profondeur de [&hellip;]<\/p>\n","protected":false},"author":2,"featured_media":36146,"comment_status":"open","ping_status":"closed","sticky":false,"template":"","format":"standard","meta":{"buzzeditor_post_format":"","footnotes":""},"categories":[44],"tags":[],"class_list":["post-36145","post","type-post","status-publish","format-standard","has-post-thumbnail","hentry","category-economie"],"jetpack_featured_media_url":"https:\/\/guineechrono.com\/wp-content\/uploads\/2025\/06\/IMG-20250619-WA0010.jpg","amp_enabled":true,"_links":{"self":[{"href":"https:\/\/guineechrono.com\/index.php\/wp-json\/wp\/v2\/posts\/36145","targetHints":{"allow":["GET"]}}],"collection":[{"href":"https:\/\/guineechrono.com\/index.php\/wp-json\/wp\/v2\/posts"}],"about":[{"href":"https:\/\/guineechrono.com\/index.php\/wp-json\/wp\/v2\/types\/post"}],"author":[{"embeddable":true,"href":"https:\/\/guineechrono.com\/index.php\/wp-json\/wp\/v2\/users\/2"}],"replies":[{"embeddable":true,"href":"https:\/\/guineechrono.com\/index.php\/wp-json\/wp\/v2\/comments?post=36145"}],"version-history":[{"count":1,"href":"https:\/\/guineechrono.com\/index.php\/wp-json\/wp\/v2\/posts\/36145\/revisions"}],"predecessor-version":[{"id":36148,"href":"https:\/\/guineechrono.com\/index.php\/wp-json\/wp\/v2\/posts\/36145\/revisions\/36148"}],"wp:featuredmedia":[{"embeddable":true,"href":"https:\/\/guineechrono.com\/index.php\/wp-json\/wp\/v2\/media\/36146"}],"wp:attachment":[{"href":"https:\/\/guineechrono.com\/index.php\/wp-json\/wp\/v2\/media?parent=36145"}],"wp:term":[{"taxonomy":"category","embeddable":true,"href":"https:\/\/guineechrono.com\/index.php\/wp-json\/wp\/v2\/categories?post=36145"},{"taxonomy":"post_tag","embeddable":true,"href":"https:\/\/guineechrono.com\/index.php\/wp-json\/wp\/v2\/tags?post=36145"}],"curies":[{"name":"wp","href":"https:\/\/api.w.org\/{rel}","templated":true}]}}