{"id":36166,"date":"2025-06-20T13:48:53","date_gmt":"2025-06-20T12:48:53","guid":{"rendered":"https:\/\/guineechrono.com\/?p=36166"},"modified":"2025-06-20T13:48:53","modified_gmt":"2025-06-20T12:48:53","slug":"ce-vendredi-20-juin-2025-boucle-mes-12-ans-dengagement-en-communication-technique-et-citoyenne-en-guinee","status":"publish","type":"post","link":"https:\/\/guineechrono.com\/index.php\/ce-vendredi-20-juin-2025-boucle-mes-12-ans-dengagement-en-communication-technique-et-citoyenne-en-guinee\/","title":{"rendered":"CE VENDREDI 20 JUIN 2025 BOUCLE MES 12 ANS D&rsquo;ENGAGEMENT EN COMMUNICATION TECHNIQUE ET CITOYENNE EN GUIN\u00c9E"},"content":{"rendered":"<p>Pour plusieurs raisons, mon r\u00e9confort est immense en ce jour particulier de m\u00e9moire. En effet, je viens d&rsquo;accomplir mes 12 ans de volontariat en communication technique et citoyenne dans le secteur des routes et assimil\u00e9s dans notre pays.<\/p>\n<p>En termes de rappel, deux drames mortels particuli\u00e8rement choquants sur la route ont \u00e9t\u00e9 des gouttes de trop ayant secou\u00e9 ma conscience pour ce volontariat que je m\u00e8ne depuis 12 ans, malgr\u00e9 sa rudesse. Ce sont :<\/p>\n<ul>\n<li>L&rsquo;accident mortel de la route qui a \u00f4t\u00e9 la vie devant moi \u00e0 une fille d&rsquo;environ 8 ans d&rsquo;\u00e2ge en mode pi\u00e9ton, le 20 novembre 1999 \u00e0 Bokariah sur la RN1 Kindia &#8211; Mamou<\/li>\n<li>L&rsquo;accident mortel de la route survenu le 5 mai 2011, entre Kolent\u00e9 et Sougueta sur la RN1 Kindia &#8211; Mamou. Arriv\u00e9 sur le lieu, j&rsquo;avais \u00e9t\u00e9 t\u00e9moin de plusieurs personnes en train de mourir \u00e0 petit feu, coinc\u00e9es dans la coque d&rsquo;un taxi surcharg\u00e9 et caboss\u00e9 avec les quatre roues en l&rsquo;air \u00e0 m\u00eame sur la chauss\u00e9e. Dedans, la voies et d&rsquo;un jeune gar\u00e7on d&rsquo;environ 6 ans d&rsquo;\u00e2ge appelait d\u00e9sesp\u00e9r\u00e9ment au secours.<\/li>\n<\/ul>\n<p>Par la suite, jusqu&rsquo;avant le 20 juin 2013, sans direction pr\u00e9cise \u00e0 mon sursaut, je me limitais \u00e0 quelques sensibilisations sporadiques et restreintes aupr\u00e8s de certains conducteurs et des proches qui me pr\u00eataient leur attention.<\/p>\n<p>L&rsquo;\u00e9tincelle !<\/p>\n<p>Mon d\u00e9volu sur la communication technique et citoyenne est venu de la d\u00e9tection de mon initiative citoyenne par Caleb Lapko Koli\u00e9, patron de Familia fm (104.5), qui avait estim\u00e9 en faire une large diffusion, en m&rsquo;invitant le jeudi 20 juin 2013 dans sa c\u00e9l\u00e8bre \u00e9mission \u00ab\u00a0Soci\u00e9t\u00e9 d\u00e9bat\u00a0\u00bb pour d\u00e9battre de la s\u00e9curit\u00e9 routi\u00e8re en Guin\u00e9e. Depuis, l&rsquo;ensemble de la presse nationale guin\u00e9enne ( publique et priv\u00e9e), sans rien me d\u00e9mander en contrepartie, m&rsquo;a progressivement ouvert avec professionnalisme ses portes jusqu&rsquo;\u00e0 nos jours.<\/p>\n<p>Je glorifie sans cesse notre Cr\u00e9ateur sans qui rien n&rsquo;est possible.<\/p>\n<p>En ce jour de m\u00e9moire et de reconnaissance, je remercie ma famille, mes amis et mes admirateurs. Mon devoir de reconnaissance s&rsquo;adresse toujours \u00e0 l&rsquo;ensemble de la presse guin\u00e9enne et \u00e0 l&rsquo;\u00c9tat guin\u00e9en qui n&rsquo;a jamais fait d&rsquo;objection \u00e0 mon initiative citoyenne pour notre pays.<\/p>\n<p>Mon motif de satisfaction pour ces 12 ann\u00e9es de volontariat est surtout une histoire d&rsquo;hommes et de femmes, de toutes les entit\u00e9s sociales, que je ne cesse d&rsquo;admirer un peu plus tous les jours pour leur disponibilit\u00e9 et leur amour tr\u00e8s fort pour notre pays. De tels engagements ne passent jamais inaper\u00e7us dans la construction d&rsquo;un lendemain meilleur pour un pays, comme\u00a0 la Guin\u00e9e.<\/p>\n<p>Gr\u00e2ce aux encouragements de ces personnes, la communication technique et citoyenne que je m\u00e8ne depuis 12 ans dans les m\u00e9dias et dans les r\u00e9seaux sociaux, est pr\u00e9c\u00e9dente en Guin\u00e9e et quasiment dans la sous-r\u00e9gion aux nombreuses communications similaires qui existent de nos jours.<\/p>\n<p>En d\u00e9pit des nombreuses avanc\u00e9es enregistr\u00e9es dans le secteur routier, les d\u00e9fis demeurent vari\u00e9s et nombreux parce que les ambitions de notre pays sont assez grandes.<\/p>\n<p>Bienvenue \u00e0 l&rsquo;an 13 de notre engagement dans la communication technique et citoyenne, au service du secteur routier guin\u00e9en.<\/p>\n<p>Ensemble, pour le d\u00e9veloppement durable de la Guin\u00e9e.<\/p>\n<p><strong>Balla Moussa Konat\u00e9, Ing\u00e9nieur en ponts et chauss\u00e9es, membre du comit\u00e9 d&rsquo;experts de l&rsquo;AMR.<\/strong><\/p>\n","protected":false},"excerpt":{"rendered":"<p>Pour plusieurs raisons, mon r\u00e9confort est immense en ce jour particulier de m\u00e9moire. En effet, je viens d&rsquo;accomplir mes 12 ans de volontariat en communication technique et citoyenne dans le secteur des routes et assimil\u00e9s dans notre pays. En termes de rappel, deux drames mortels particuli\u00e8rement choquants sur la route ont \u00e9t\u00e9 des gouttes de [&hellip;]<\/p>\n","protected":false},"author":2,"featured_media":36167,"comment_status":"open","ping_status":"closed","sticky":false,"template":"","format":"standard","meta":{"buzzeditor_post_format":"","footnotes":""},"categories":[42],"tags":[],"class_list":["post-36166","post","type-post","status-publish","format-standard","has-post-thumbnail","hentry","category-news"],"jetpack_featured_media_url":"https:\/\/guineechrono.com\/wp-content\/uploads\/2025\/06\/konate.jpg","amp_enabled":true,"_links":{"self":[{"href":"https:\/\/guineechrono.com\/index.php\/wp-json\/wp\/v2\/posts\/36166","targetHints":{"allow":["GET"]}}],"collection":[{"href":"https:\/\/guineechrono.com\/index.php\/wp-json\/wp\/v2\/posts"}],"about":[{"href":"https:\/\/guineechrono.com\/index.php\/wp-json\/wp\/v2\/types\/post"}],"author":[{"embeddable":true,"href":"https:\/\/guineechrono.com\/index.php\/wp-json\/wp\/v2\/users\/2"}],"replies":[{"embeddable":true,"href":"https:\/\/guineechrono.com\/index.php\/wp-json\/wp\/v2\/comments?post=36166"}],"version-history":[{"count":1,"href":"https:\/\/guineechrono.com\/index.php\/wp-json\/wp\/v2\/posts\/36166\/revisions"}],"predecessor-version":[{"id":36168,"href":"https:\/\/guineechrono.com\/index.php\/wp-json\/wp\/v2\/posts\/36166\/revisions\/36168"}],"wp:featuredmedia":[{"embeddable":true,"href":"https:\/\/guineechrono.com\/index.php\/wp-json\/wp\/v2\/media\/36167"}],"wp:attachment":[{"href":"https:\/\/guineechrono.com\/index.php\/wp-json\/wp\/v2\/media?parent=36166"}],"wp:term":[{"taxonomy":"category","embeddable":true,"href":"https:\/\/guineechrono.com\/index.php\/wp-json\/wp\/v2\/categories?post=36166"},{"taxonomy":"post_tag","embeddable":true,"href":"https:\/\/guineechrono.com\/index.php\/wp-json\/wp\/v2\/tags?post=36166"}],"curies":[{"name":"wp","href":"https:\/\/api.w.org\/{rel}","templated":true}]}}