{"id":36172,"date":"2025-06-20T15:18:11","date_gmt":"2025-06-20T14:18:11","guid":{"rendered":"https:\/\/guineechrono.com\/?p=36172"},"modified":"2025-06-20T15:18:11","modified_gmt":"2025-06-20T14:18:11","slug":"conakry-les-travaux-de-la-premiere-edition-du-salon-international-des-mines-et-carrieres-lances","status":"publish","type":"post","link":"https:\/\/guineechrono.com\/index.php\/conakry-les-travaux-de-la-premiere-edition-du-salon-international-des-mines-et-carrieres-lances\/","title":{"rendered":"Conakry : les travaux de  la premi\u00e8re \u00e9dition du salon international des mines et carri\u00e8res lanc\u00e9s"},"content":{"rendered":"<p><strong>Comme pr\u00e9vu, les travaux de la premi\u00e8re \u00e9dition du Salon International des Mines et Carri\u00e8res de Guin\u00e9e (SIMIC-Guin\u00e9e) ont \u00e9t\u00e9 lanc\u00e9s ce vendredi 20 juin 2025 \u00e0 Conakry. C\u2019est une initiative du cabinet Target, une filiale du groupe\u00a0 COPE guin\u00e9e en partenariat avec le minist\u00e8re des mines et de la g\u00e9ologie.<\/strong><\/p>\n<p><img fetchpriority=\"high\" decoding=\"async\" class=\"alignnone size-medium wp-image-8477\" src=\"https:\/\/universnews224.com\/wp-content\/uploads\/2025\/06\/20250620_103034-300x169.jpg\" alt=\"\" width=\"300\" height=\"169\" \/><\/p>\n<p>Dans son discours, Mariama Diallo, porte-parole de TARGET, a d\u00e9clar\u00e9 que le Salon International des Mines et Carri\u00e8res de Guin\u00e9e (SIMIC-GUIN\u00c9E), est \u00e0 sa premi\u00e8re \u00e9dition, \u00ab\u00a0mais nous voulons qu&rsquo;il devienne une tradition pour notre pays pour incarner l\u2019ambition guin\u00e9enne de faire du secteur minier un pilier du d\u00e9veloppement durable, de l\u2019int\u00e9gration r\u00e9gionale et de la transformation structurelle de notre \u00e9conomie\u00a0\u00bb.<\/p>\n<p>Selon elle, la Guin\u00e9e est une terre d\u2019opportunit\u00e9s. \u00ab\u00a0Une terre o\u00f9 l\u2019abondance des ressources naturelles rencontre aujourd\u2019hui une volont\u00e9 politique affirm\u00e9e, une vision claire et des r\u00e9formes structurantes. Nos r\u00e9serves min\u00e9rales en bauxite, fer, or, diamant, lithium, et d\u2019autres ressources strat\u00e9giques, font de notre pays un acteur incontournable dans la g\u00e9opolitique des mati\u00e8res premi\u00e8res\u00a0\u00bb.<\/p>\n<p>Poursuivant, elle a soulign\u00e9 que ce salon est bien plus qu\u2019une simple exposition. \u00ab\u00a0Il est un espace strat\u00e9gique de dialogue, de partage d\u2019expertises, et de construction de partenariats durables. Pendant ces deux journ\u00e9es, nous parlerons du programme SIMANDOU 2040 : Quels leviers et opportunit\u00e9s pour le d\u00e9veloppement local, de l&rsquo;exploitation mini\u00e8re et l&rsquo;impact sur l&rsquo;\u00e9conomie locale, de sant\u00e9-s\u00e9curit\u00e9 dans l&rsquo;industrie mini\u00e8re, de syst\u00e8mes de surveillance via l&rsquo;usage des drones, de contenu local, de transition \u00e9nerg\u00e9tique, digitalisation des op\u00e9rations mini\u00e8res, environnement, inclusion communautaire, sans omettre l&rsquo;industrie p\u00e9troli\u00e8re, gazi\u00e8re et \u00e9nerg\u00e9tique\u00a0\u00bb.<\/p>\n<p><img decoding=\"async\" class=\"size-medium wp-image-25861 aligncenter td-animation-stack-type0-1\" src=\"https:\/\/flammeguinee.com\/wp-content\/uploads\/2025\/06\/20250620_103109-300x135.jpg\" alt=\"\" width=\"300\" height=\"135\" \/><\/p>\n<p>Par ailleurs, elle a mentionn\u00e9 que ce salon s\u2019inscrit dans une dynamique globale. \u00ab\u00a0Faire de la Guin\u00e9e un exemple africain d\u2019exploitation mini\u00e8re responsable, \u00e9thique, inclusive et r\u00e9siliente face aux d\u00e9fis climatiques et g\u00e9opolitiques\u00a0\u00bb.<\/p>\n<p>Elle a enfin pr\u00e9cis\u00e9 que le Salon International des Mines et Carri\u00e8res de Guin\u00e9e (SIMIC GUIN\u00c9E) n\u2019est pas seulement un \u00e9v\u00e8nement. \u00ab\u00a0C\u2019est une d\u00e9claration de vision, de volont\u00e9 et d\u2019ouverture. En joignant vos expertises, vos id\u00e9es, vos technologies et vos capitaux \u00e0 notre potentiel, vous contribuez \u00e0 \u00e9crire une nouvelle page de l\u2019histoire mini\u00e8re de notre pays\u00a0\u00bb.<\/p>\n<p>Au nom du ministre des mines et de la g\u00e9ologie, Ibrahima Traor\u00e9, Directeur G\u00e9n\u00e9ral adjoint des Mines a salu\u00e9 l\u2019initiative. \u00a0\u00ab\u00a0Le SMIC-Guin\u00e9e 2025, n\u2019est pas un simple salon. C\u2019est un espace de dialogue, de vision et d\u2019action sur la th\u00e9matique exploitation mini\u00e8re, quelle strat\u00e9gie pour impacter l\u2019\u00e9conomie au niveau local. Ce qui est d\u2019ailleurs une pr\u00e9occupation majeure pour le gouvernement de la R\u00e9publique de Guin\u00e9e, avec \u00e0 sa t\u00eate le g\u00e9n\u00e9ral Pr\u00e9sident. C\u2019est pourquoi, je tiens \u00e0 saluer les organisateurs de cette initiative ambitieuse\u00a0\u00bb, a-t-il souligne.<\/p>\n<p>A noter que cette premi\u00e8re \u00e9dition a regroup\u00e9 des acteurs \u00e9voluant dans le domaine des mines et carri\u00e8re et elle prend fin demain samedi 21 juin 2025.<\/p>\n<p><strong>Aboubacar Camara <\/strong><\/p>\n<p>&nbsp;<\/p>\n<p>&nbsp;<\/p>\n","protected":false},"excerpt":{"rendered":"<p>Comme pr\u00e9vu, les travaux de la premi\u00e8re \u00e9dition du Salon International des Mines et Carri\u00e8res de Guin\u00e9e (SIMIC-Guin\u00e9e) ont \u00e9t\u00e9 lanc\u00e9s ce vendredi 20 juin 2025 \u00e0 Conakry. C\u2019est une initiative du cabinet Target, une filiale du groupe\u00a0 COPE guin\u00e9e en partenariat avec le minist\u00e8re des mines et de la g\u00e9ologie. Dans son discours, Mariama [&hellip;]<\/p>\n","protected":false},"author":2,"featured_media":36173,"comment_status":"open","ping_status":"closed","sticky":false,"template":"","format":"standard","meta":{"buzzeditor_post_format":"","footnotes":""},"categories":[44],"tags":[],"class_list":["post-36172","post","type-post","status-publish","format-standard","has-post-thumbnail","hentry","category-economie"],"jetpack_featured_media_url":"https:\/\/guineechrono.com\/wp-content\/uploads\/2025\/06\/salonr.jpg","amp_enabled":true,"_links":{"self":[{"href":"https:\/\/guineechrono.com\/index.php\/wp-json\/wp\/v2\/posts\/36172","targetHints":{"allow":["GET"]}}],"collection":[{"href":"https:\/\/guineechrono.com\/index.php\/wp-json\/wp\/v2\/posts"}],"about":[{"href":"https:\/\/guineechrono.com\/index.php\/wp-json\/wp\/v2\/types\/post"}],"author":[{"embeddable":true,"href":"https:\/\/guineechrono.com\/index.php\/wp-json\/wp\/v2\/users\/2"}],"replies":[{"embeddable":true,"href":"https:\/\/guineechrono.com\/index.php\/wp-json\/wp\/v2\/comments?post=36172"}],"version-history":[{"count":1,"href":"https:\/\/guineechrono.com\/index.php\/wp-json\/wp\/v2\/posts\/36172\/revisions"}],"predecessor-version":[{"id":36174,"href":"https:\/\/guineechrono.com\/index.php\/wp-json\/wp\/v2\/posts\/36172\/revisions\/36174"}],"wp:featuredmedia":[{"embeddable":true,"href":"https:\/\/guineechrono.com\/index.php\/wp-json\/wp\/v2\/media\/36173"}],"wp:attachment":[{"href":"https:\/\/guineechrono.com\/index.php\/wp-json\/wp\/v2\/media?parent=36172"}],"wp:term":[{"taxonomy":"category","embeddable":true,"href":"https:\/\/guineechrono.com\/index.php\/wp-json\/wp\/v2\/categories?post=36172"},{"taxonomy":"post_tag","embeddable":true,"href":"https:\/\/guineechrono.com\/index.php\/wp-json\/wp\/v2\/tags?post=36172"}],"curies":[{"name":"wp","href":"https:\/\/api.w.org\/{rel}","templated":true}]}}