{"id":3620,"date":"2019-04-08T16:40:22","date_gmt":"2019-04-08T15:40:22","guid":{"rendered":"http:\/\/guineechrono.com\/?p=3620"},"modified":"2020-05-19T16:29:03","modified_gmt":"2020-05-19T15:29:03","slug":"abidjan-le-reseau-africain-des-femmes-leaders-resafel-officiellement-lance","status":"publish","type":"post","link":"https:\/\/guineechrono.com\/index.php\/abidjan-le-reseau-africain-des-femmes-leaders-resafel-officiellement-lance\/","title":{"rendered":"Abidjan : le R\u00e9seau Africain des Femmes Leaders (RESAFEL) officiellement lanc\u00e9"},"content":{"rendered":"<p><strong>Le R\u00e9seau Africain des Femmes Leaders (RESAFEL) a lanc\u00e9 ses activit\u00e9s, le vendredi 05 avril 2019, dans la salle du Centre National de Mat\u00e9riels Scientifiques \u00e0 Cocody \u2018\u2019Abidjan\u2019\u2019, sous le th\u00e8me\u00a0: \u00ab\u00a0Sensibilisation sur le droit d\u2019acc\u00e8s de la femme \u00e0 la terre en milieu rural en C\u00f4te d\u2019Ivoire\u00a0\u00bb. <\/strong><\/p>\n<p>Une c\u00e9r\u00e9monie pr\u00e9sid\u00e9e par le minist\u00e8re de la Femme, de la Famille et de l\u2019Enfant et sous le parrainage de Mme M\u2019BAHIA BAMABA MAFERIMA, Directrice G\u00e9n\u00e9rale Adjointe des imp\u00f4ts de la C\u00f4te d\u2019Ivoire. En pr\u00e9sence des d\u00e9l\u00e9gations de la Guin\u00e9e, du Burkina, du Togo, du Gabon et du Cameroun.<\/p>\n<p><a href=\"http:\/\/guineechrono.com\/wp-content\/uploads\/2019\/04\/koket-1.jpg\"><img fetchpriority=\"high\" decoding=\"async\" class=\"size-medium wp-image-3624 alignright\" src=\"http:\/\/guineechrono.com\/wp-content\/uploads\/2019\/04\/koket-1-266x300.jpg\" alt=\"\" width=\"266\" height=\"300\" srcset=\"https:\/\/guineechrono.com\/wp-content\/uploads\/2019\/04\/koket-1-266x300.jpg 266w, https:\/\/guineechrono.com\/wp-content\/uploads\/2019\/04\/koket-1-373x420.jpg 373w, https:\/\/guineechrono.com\/wp-content\/uploads\/2019\/04\/koket-1.jpg 480w\" sizes=\"(max-width: 266px) 100vw, 266px\" \/><\/a><\/p>\n<p>&nbsp;<\/p>\n<p>&nbsp;<\/p>\n<p>Cr\u00e9e en 2015, le R\u00e9seau Africain des Femmes Leaders (RESAFEL) est une organisation internationale qui est aujourd\u2019hui repr\u00e9sent\u00e9e sur quelques pays en Afrique notamment\u00a0: en Guin\u00e9en au Burkina, au Gabon et en Cameroun et <strong>\u00a0<\/strong>qui a pour vision de permettre \u00e0 la femme, quelle soit de la ville ou de la campagne, intellectuelle, commer\u00e7ante, paysanne, artisane, d\u2019exceller dans son domaine d\u2019activit\u00e9.<\/p>\n<p>Pour y parvenir, les dames du R\u00e9seau Africain des Femmes Leaders (RESAFEL) comptent sur Mme M\u2019BAHIA BAMABA MAFERIMA, la marraine de la c\u00e9r\u00e9monie officielle de lancement du r\u00e9seau et Directrice G\u00e9n\u00e9rale Adjointe des imp\u00f4ts de la C\u00f4te d\u2019Ivoire.<\/p>\n<p>Selon Mme TOHAN Albertine SEA, Pr\u00e9sidente du RESAFEL a laiss\u00e9 entendre qu\u2019il y a 3 ans que son \u00e9quipe et elle avions pris la direction de cette organisation, succ\u00e9dant au premier bureau. \u00ab\u00a0Cr\u00e9e 1 an avant, ce r\u00e9seau qui a pour vision de permettre \u00e0 la femme, quelle soit de la ville ou de la campagne, intellectuelle, commer\u00e7ante, paysanne, artisane, d\u2019exceller dans son domaine d\u2019activit\u00e9, ce r\u00e9seau qui ne regroupait que quelques personnes, disais-je, avait besoin de mobilisation, de promotion et de positionnement afin d\u2019atteindre ses objectifs\u00a0\u00bb. a-t-elle-ajout\u00e9.<\/p>\n<p><a href=\"http:\/\/guineechrono.com\/wp-content\/uploads\/2019\/04\/koket-2.jpg\"><img decoding=\"async\" class=\"alignnone size-medium wp-image-3625\" src=\"http:\/\/guineechrono.com\/wp-content\/uploads\/2019\/04\/koket-2-300x150.jpg\" alt=\"\" width=\"300\" height=\"150\" srcset=\"https:\/\/guineechrono.com\/wp-content\/uploads\/2019\/04\/koket-2-300x150.jpg 300w, https:\/\/guineechrono.com\/wp-content\/uploads\/2019\/04\/koket-2-768x384.jpg 768w, https:\/\/guineechrono.com\/wp-content\/uploads\/2019\/04\/koket-2-696x348.jpg 696w, https:\/\/guineechrono.com\/wp-content\/uploads\/2019\/04\/koket-2-840x420.jpg 840w, https:\/\/guineechrono.com\/wp-content\/uploads\/2019\/04\/koket-2.jpg 960w\" sizes=\"(max-width: 300px) 100vw, 300px\" \/><\/a><\/p>\n<p>Par ailleurs, elle a soulign\u00e9 que c\u2019est suite \u00e0 3 ans de travail acharn\u00e9, elles sont \u00e0 une trentaine d\u2019organisations avec \u00e0 peu pr\u00e8s 1000 membres au niveau de la C\u00f4te d\u2019Ivoire, au plan international, elles se pr\u00e9parent \u00e0 l\u2019investiture de la section Guin\u00e9enne dont la pr\u00e9sidente Hadja Aminata SOUMAH accompagn\u00e9e d\u2019une forte d\u00e9l\u00e9gation ont pris part \u00e0 la c\u00e9r\u00e9monie de lancement.<\/p>\n<p>Selon Mme TOHAN Albertine, les sections du Burkina Faso, du B\u00e9nin, des deux Congo et du S\u00e9n\u00e9gal sont entrain de s\u2019organiser. \u00ab\u00a0 Nous avons \u00e9tabli des contacts avec certaines de nos s\u0153urs du Maghreb en vue de collaborer, convaincues qu\u2019ensemble nous irons plus loin. Notre ambition est de faire le maillage de tout le continent afin de mutualiser nos efforts tout en partageant nos exp\u00e9riences\u00a0\u00bb, a-t-elle-indiqu\u00e9.<\/p>\n<p>Mme CAMARA Hadja Aminata SOUMAH, pr\u00e9sidente du RESAFEL Section Guin\u00e9e, pr\u00e9sente \u00e0 cette c\u00e9r\u00e9monie de lancement, a d\u00e9clar\u00e9 que l\u2019occasion est humble par son caract\u00e8re solennel, marqu\u00e9 d\u2019un signe de confiance en sa modeste personne ayant \u00e9t\u00e9 d\u00e9sign\u00e9e pour repr\u00e9senter les associations et ONG de la R\u00e9publique de Guin\u00e9e \u00e0 la grande marche du RESAFEL.<\/p>\n<p>La pr\u00e9sidente du RESAFEL Guin\u00e9e, Mme CAMARA Hadja Aminata a expliqu\u00e9 qu\u2019au-del\u00e0 de cette volont\u00e9 naturelle de la femme \u00e0 prot\u00e9ger le monde par son travail, celle de la R\u00e9publique de Guin\u00e9e a \u00e9t\u00e9 plus rassur\u00e9e par la volont\u00e9 politique dont elle tire les avantages de cette initiative d\u2019autonomisation gr\u00e2ce au soutien de son gouvernement et de l\u2019assistance des bailleurs de fonds telles que les banques de la place de son pays.<\/p>\n<p>\u00ab\u00a0Face \u00e0 la mondialisation et ses contraintes, les d\u00e9fis sont grands pour les femmes africaines investies sur le terrain du d\u00e9veloppement durable.<\/p>\n<p>Des d\u00e9fis\u00a0 \u00e9normes mais pas impossible \u00e0 transformer en opportunit\u00e9s comme aime \u00e0 le dire le pr\u00e9sident Alpha CONDE qui a d\u2019ailleurs d\u00e9di\u00e9 son mandat aux femmes et aux jeunes. Pour ma part, je voudrais vous rassurer que la Guin\u00e9e est sur le bon chemin.<\/p>\n<p>Mon pays est un r\u00e9servoir de potentiels agricole, animal et de tous les autres produits dont a besoin l\u2019agro-industrie, le march\u00e9 et que sais-je\u00a0?<\/p>\n<p>Il suffit de trouver des initiatives de formation, de renforcement de capacit\u00e9s et des opportunit\u00e9s d\u2019\u00e9changes pour que la guin\u00e9enne puisse tenir la comp\u00e9tition au plan international et tirer les dividendes de son effort d\u2019actrice de d\u00e9veloppement.<\/p>\n<p><a href=\"http:\/\/guineechrono.com\/wp-content\/uploads\/2019\/04\/koket-3.jpg\"><img decoding=\"async\" class=\"alignnone size-medium wp-image-3626\" src=\"http:\/\/guineechrono.com\/wp-content\/uploads\/2019\/04\/koket-3-211x300.jpg\" alt=\"\" width=\"211\" height=\"300\" srcset=\"https:\/\/guineechrono.com\/wp-content\/uploads\/2019\/04\/koket-3-211x300.jpg 211w, https:\/\/guineechrono.com\/wp-content\/uploads\/2019\/04\/koket-3.jpg 240w\" sizes=\"(max-width: 211px) 100vw, 211px\" \/><\/a><\/p>\n<p>Mon propos est ici \u00e0 la fois un engagement de r\u00e9pondre aux attentes du RESAFEL mais aussi un plaidoyer pour de nouvelles perspectives de collaboration entre ONG, Associations , d\u2019une part, les Etats et les r\u00e9seau avec les investisseurs du monde entier d\u2019autre part.<\/p>\n<p>Apparemment, tous les pays \u00e9mergents ont les m\u00eames difficult\u00e9s mais comme le dirait l\u2019autre, citation\u00a0: \u2018\u2019si on se contemple, on se d\u00e9sole, si on se compare on se r\u00e9jouit \u2018\u2019 fin de citations.<\/p>\n<p>La Guin\u00e9e a des atouts en ressources humaines parmi la gente f\u00e9minine, nous demandons juste votre soutien\u00a0 et vos b\u00e9n\u00e9dictions\u00a0\u00bb, a laiss\u00e9 entendre ceci.<\/p>\n<p><strong>Alseny CAMARA depuis Abidjan <\/strong><\/p>\n","protected":false},"excerpt":{"rendered":"<p>Le R\u00e9seau Africain des Femmes Leaders (RESAFEL) a lanc\u00e9 ses activit\u00e9s, le vendredi 05 avril 2019, dans la salle du Centre National de Mat\u00e9riels Scientifiques \u00e0 Cocody \u2018\u2019Abidjan\u2019\u2019, sous le th\u00e8me\u00a0: \u00ab\u00a0Sensibilisation sur le droit d\u2019acc\u00e8s de la femme \u00e0 la terre en milieu rural en C\u00f4te d\u2019Ivoire\u00a0\u00bb. Une c\u00e9r\u00e9monie pr\u00e9sid\u00e9e par le minist\u00e8re de [&hellip;]<\/p>\n","protected":false},"author":2,"featured_media":3621,"comment_status":"open","ping_status":"closed","sticky":false,"template":"","format":"standard","meta":{"buzzeditor_post_format":"","footnotes":""},"categories":[1,31],"tags":[],"class_list":["post-3620","post","type-post","status-publish","format-standard","has-post-thumbnail","hentry","category-non-classe","category-reportage"],"jetpack_featured_media_url":"https:\/\/guineechrono.com\/wp-content\/uploads\/2019\/04\/koket.jpg","amp_enabled":true,"_links":{"self":[{"href":"https:\/\/guineechrono.com\/index.php\/wp-json\/wp\/v2\/posts\/3620","targetHints":{"allow":["GET"]}}],"collection":[{"href":"https:\/\/guineechrono.com\/index.php\/wp-json\/wp\/v2\/posts"}],"about":[{"href":"https:\/\/guineechrono.com\/index.php\/wp-json\/wp\/v2\/types\/post"}],"author":[{"embeddable":true,"href":"https:\/\/guineechrono.com\/index.php\/wp-json\/wp\/v2\/users\/2"}],"replies":[{"embeddable":true,"href":"https:\/\/guineechrono.com\/index.php\/wp-json\/wp\/v2\/comments?post=3620"}],"version-history":[{"count":0,"href":"https:\/\/guineechrono.com\/index.php\/wp-json\/wp\/v2\/posts\/3620\/revisions"}],"wp:featuredmedia":[{"embeddable":true,"href":"https:\/\/guineechrono.com\/index.php\/wp-json\/wp\/v2\/media\/3621"}],"wp:attachment":[{"href":"https:\/\/guineechrono.com\/index.php\/wp-json\/wp\/v2\/media?parent=3620"}],"wp:term":[{"taxonomy":"category","embeddable":true,"href":"https:\/\/guineechrono.com\/index.php\/wp-json\/wp\/v2\/categories?post=3620"},{"taxonomy":"post_tag","embeddable":true,"href":"https:\/\/guineechrono.com\/index.php\/wp-json\/wp\/v2\/tags?post=3620"}],"curies":[{"name":"wp","href":"https:\/\/api.w.org\/{rel}","templated":true}]}}