{"id":36240,"date":"2025-06-23T17:38:41","date_gmt":"2025-06-23T16:38:41","guid":{"rendered":"https:\/\/guineechrono.com\/?p=36240"},"modified":"2025-06-23T17:38:41","modified_gmt":"2025-06-23T16:38:41","slug":"mohamed-traore-apres-son-enlevement-jai-compris-que-je-mettais-en-danger-mes-enfants","status":"publish","type":"post","link":"https:\/\/guineechrono.com\/index.php\/mohamed-traore-apres-son-enlevement-jai-compris-que-je-mettais-en-danger-mes-enfants\/","title":{"rendered":"Mohamed Traor\u00e9 apr\u00e8s son enl\u00e8vement: \u00abj\u2019ai compris que je mettais en danger mes enfants \u00bb"},"content":{"rendered":"<p><strong>Apr\u00e8s son enl\u00e8vement samedi dernier \u00e0 son domicile par des inconnus, Me Mohamed Traor\u00e9, ancien b\u00e2tonnier, a annonc\u00e9 ce lundi 23 juin 2025 \u00a0dans un message sur Facebook faire \u00ab une pause par respect pour ma famille et mes amis qui insistent pour que je fasse comme tout le monde \u00bb. <\/strong><\/p>\n<p>Cher.\u00e8.s tous et toutes<\/p>\n<p>Je voudrais vous remercier tr\u00e8s sinc\u00e8rement, en mon nom et au nom de ma famille, pour vos tr\u00e8s nombreux t\u00e9moignages de compassion \u00e0 travers vos visites \u00e0 mon domicile, les appels t\u00e9l\u00e9phoniques et autres. En d\u00e9pit des s\u00e9vices que j\u2019ai subis, je parviens \u00e0 recouvrer ma sant\u00e9 gr\u00e2ce \u00e0 mes m\u00e9decins et surtout gr\u00e2ce \u00e0 votre soutien moral. J\u2019ai compris que ma famille et moi ne sommes pas seuls dans cette \u00e9preuve.<\/p>\n<p>Comme je l\u2019ai dit \u00e0 mes confr\u00e8res, je peux m\u2019estimer heureux car j\u2019aurais pu conna\u00eetre un sort bien plus triste au regard de ce qui est arriv\u00e9 \u00e0 d\u2019autres compatriotes.<\/p>\n<p>Je reste convaincu cependant que \u00ab rien ne nous atteindra sauf ce que Allah a prescrit pour nous. Il est notre Ma\u00eetre. C\u2019est en Allah que les croyants mettre leur confiance\u00a0\u00bb.<\/p>\n<p>Je reste convaincu aussi qu\u2019il n\u2019y a de force et de puissance qu\u2019en Allah.<\/p>\n<p>Ceux qui ont agi ont voulu non seulement me faire du mal mais aussi et surtout me briser moralement. Je savais que j\u2019\u00e9tais dans la ligne de mire de certains \u00e0 cause de mes prises de position. Mais au fond de moi, je ne pensais commettre aucun crime en m\u2019exprimant sur la conduite des affaires de mon pays comme cela est permis \u00e0 tout citoyen. C\u2019est pourquoi, j\u2019ai continu\u00e9 \u00e0 m\u2019exprimer en d\u00e9pit des conseils qui m\u2019ont \u00e9t\u00e9 prodigu\u00e9s par mes parents et mes amis. Je vois que ce sont eux qui avaient raison.<\/p>\n<p>Mais une chose reste claire, le destin de l\u2019Homme n\u2019appartient qu\u2019\u00e0 Dieu.<\/p>\n<p>Je voudrais donc faire une pause \u2013 j\u2019insiste sur le mot pause \u2013 par respect pour ma famille et mes amis qui insistent pour que je fasse comme tout le monde. En voyant mes enfants pleurer et ma fille a\u00een\u00e9e gifl\u00e9e par un de mes ravisseurs qui n\u2019a pas pens\u00e9 un seul instant qu\u2019il pouvait avoir une fille du m\u00eame \u00e2ge, j\u2019ai compris que je les mettais en danger sans qu\u2019ils n\u2019aient eux-m\u00eames cherch\u00e9 cela.<br \/>\nIls ne sont m\u00eame pas au courant de ce que je dis ou \u00e9crit. Ils ne savent absolument rien de mon enfant. Ils ne devraient donc pas en subir les cons\u00e9quences.<\/p>\n<p>Je remercie et rend hommage \u00e0 mon \u00e9pouse qui, pendant ces instants de brutalit\u00e9 et de frayeur, a fait preuve d\u2019une s\u00e9r\u00e9nit\u00e9 incroyable pour g\u00e9rer la situation et a m\u00eame eu le temps de faire deux rak\u2019at pour implorer la protection divine car en ce moment Seul Dieu pouvait nous prot\u00e9ger.<\/p>\n<p>Encore une fois, merci \u00e0 toutes et \u00e0 tous.<\/p>\n<p>&nbsp;<\/p>\n","protected":false},"excerpt":{"rendered":"<p>Apr\u00e8s son enl\u00e8vement samedi dernier \u00e0 son domicile par des inconnus, Me Mohamed Traor\u00e9, ancien b\u00e2tonnier, a annonc\u00e9 ce lundi 23 juin 2025 \u00a0dans un message sur Facebook faire \u00ab une pause par respect pour ma famille et mes amis qui insistent pour que je fasse comme tout le monde \u00bb. Cher.\u00e8.s tous et toutes [&hellip;]<\/p>\n","protected":false},"author":2,"featured_media":36241,"comment_status":"open","ping_status":"closed","sticky":false,"template":"","format":"standard","meta":{"buzzeditor_post_format":"","footnotes":""},"categories":[42],"tags":[],"class_list":["post-36240","post","type-post","status-publish","format-standard","has-post-thumbnail","hentry","category-news"],"jetpack_featured_media_url":"https:\/\/guineechrono.com\/wp-content\/uploads\/2025\/06\/maitre-traoree.jpg","amp_enabled":true,"_links":{"self":[{"href":"https:\/\/guineechrono.com\/index.php\/wp-json\/wp\/v2\/posts\/36240","targetHints":{"allow":["GET"]}}],"collection":[{"href":"https:\/\/guineechrono.com\/index.php\/wp-json\/wp\/v2\/posts"}],"about":[{"href":"https:\/\/guineechrono.com\/index.php\/wp-json\/wp\/v2\/types\/post"}],"author":[{"embeddable":true,"href":"https:\/\/guineechrono.com\/index.php\/wp-json\/wp\/v2\/users\/2"}],"replies":[{"embeddable":true,"href":"https:\/\/guineechrono.com\/index.php\/wp-json\/wp\/v2\/comments?post=36240"}],"version-history":[{"count":2,"href":"https:\/\/guineechrono.com\/index.php\/wp-json\/wp\/v2\/posts\/36240\/revisions"}],"predecessor-version":[{"id":36243,"href":"https:\/\/guineechrono.com\/index.php\/wp-json\/wp\/v2\/posts\/36240\/revisions\/36243"}],"wp:featuredmedia":[{"embeddable":true,"href":"https:\/\/guineechrono.com\/index.php\/wp-json\/wp\/v2\/media\/36241"}],"wp:attachment":[{"href":"https:\/\/guineechrono.com\/index.php\/wp-json\/wp\/v2\/media?parent=36240"}],"wp:term":[{"taxonomy":"category","embeddable":true,"href":"https:\/\/guineechrono.com\/index.php\/wp-json\/wp\/v2\/categories?post=36240"},{"taxonomy":"post_tag","embeddable":true,"href":"https:\/\/guineechrono.com\/index.php\/wp-json\/wp\/v2\/tags?post=36240"}],"curies":[{"name":"wp","href":"https:\/\/api.w.org\/{rel}","templated":true}]}}