{"id":36254,"date":"2025-06-24T16:09:56","date_gmt":"2025-06-24T15:09:56","guid":{"rendered":"https:\/\/guineechrono.com\/?p=36254"},"modified":"2025-06-24T16:09:56","modified_gmt":"2025-06-24T15:09:56","slug":"culture-ahmed-kante-en-visite-a-bamako-renforce-les-liens-culturels-entre-la-guinee-et-le-mali","status":"publish","type":"post","link":"https:\/\/guineechrono.com\/index.php\/culture-ahmed-kante-en-visite-a-bamako-renforce-les-liens-culturels-entre-la-guinee-et-le-mali\/","title":{"rendered":"CULTURE: Ahmed Kant\u00e9 en visite \u00e0 Bamako renforce les liens culturels entre la Guin\u00e9e et le Mali"},"content":{"rendered":"<p>En d\u00e9placement \u00e0 Bamako, Ahmed Kant\u00e9, ancien ministre guin\u00e9en des Mines et de la G\u00e9ologie, a rencontr\u00e9 le parolier malien Bourama Soumano. Cette initiative, men\u00e9e avec Lalamalan Kant\u00e9, vice-pr\u00e9sident de l\u2019Association des Descendants du Sosso Soumahoro Kant\u00e9 (ADSK), s\u2019inscrit dans une volont\u00e9 claire de raviver les liens culturels entre les deux pays.<\/p>\n<p><a href=\"https:\/\/guineechrono.com\/wp-content\/uploads\/2025\/06\/cull.jpg\"><img fetchpriority=\"high\" decoding=\"async\" class=\"alignleft size-medium wp-image-36261\" src=\"https:\/\/guineechrono.com\/wp-content\/uploads\/2025\/06\/cull-300x300.jpg\" alt=\"\" width=\"300\" height=\"300\" srcset=\"https:\/\/guineechrono.com\/wp-content\/uploads\/2025\/06\/cull-300x300.jpg 300w, https:\/\/guineechrono.com\/wp-content\/uploads\/2025\/06\/cull-150x150.jpg 150w, https:\/\/guineechrono.com\/wp-content\/uploads\/2025\/06\/cull.jpg 418w\" sizes=\"(max-width: 300px) 100vw, 300px\" \/><\/a><\/p>\n<p>&nbsp;<\/p>\n<p>&nbsp;<\/p>\n<p>&nbsp;<\/p>\n<p>&nbsp;<\/p>\n<p>&nbsp;<\/p>\n<p>La rencontre, \u00e0 la fois sobre et significative, a permis un \u00e9change direct avec l\u2019un des piliers de la tradition orale malienne. Bourama Soumano a salu\u00e9 la d\u00e9marche en la d\u00e9crivant comme un acte d\u2019humanit\u00e9, soulignant la n\u00e9cessit\u00e9 de continuer \u00e0 apprendre, quels que soient l\u2019\u00e2ge ou le statut. Il a rappel\u00e9 que les v\u00e9ritables rep\u00e8res \u00e9ducatifs ne se trouvent pas uniquement dans les dipl\u00f4mes, mais dans la transmission des valeurs fondatrices de la soci\u00e9t\u00e9.<\/p>\n<p><a href=\"https:\/\/guineechrono.com\/wp-content\/uploads\/2025\/06\/culll.jpg\"><img decoding=\"async\" class=\"alignleft size-medium wp-image-36262\" src=\"https:\/\/guineechrono.com\/wp-content\/uploads\/2025\/06\/culll-300x200.jpg\" alt=\"\" width=\"300\" height=\"200\" srcset=\"https:\/\/guineechrono.com\/wp-content\/uploads\/2025\/06\/culll-300x200.jpg 300w, https:\/\/guineechrono.com\/wp-content\/uploads\/2025\/06\/culll.jpg 630w\" sizes=\"(max-width: 300px) 100vw, 300px\" \/><\/a><\/p>\n<p>&nbsp;<\/p>\n<p>&nbsp;<\/p>\n<p>&nbsp;<\/p>\n<p>&nbsp;<\/p>\n<p>Ahmed Kant\u00e9 a exprim\u00e9 son respect pour Bourama Soumano, qu\u2019il d\u00e9crit comme un acteur majeur de la m\u00e9moire collective et un passeur de savoirs enracin\u00e9s. Il a insist\u00e9 sur l\u2019importance d\u2019\u00e9couter ces voix, qui peuvent \u00e9clairer les choix de soci\u00e9t\u00e9 \u00e0 travers une lecture enracin\u00e9e de l\u2019histoire. \u00c0 ses yeux, la parole traditionnelle reste une ressource strat\u00e9gique n\u00e9glig\u00e9e dans les approches actuelles de gouvernance.<\/p>\n<p>Il a \u00e9galement regrett\u00e9 la faible attention accord\u00e9e aux d\u00e9tenteurs du savoir oral dans l\u2019espace public, en comparaison avec la place occup\u00e9e par les discours m\u00e9diatiques internationaux. Pour lui, r\u00e9\u00e9quilibrer cette \u00e9coute permettrait d\u2019acc\u00e9der \u00e0 une compr\u00e9hension plus juste et plus profonde des r\u00e9alit\u00e9s locales.<\/p>\n<p>Au-del\u00e0 de son aspect symbolique, cette visite marque une reconnaissance du r\u00f4le central que jouent les paroliers dans la pr\u00e9servation de la coh\u00e9sion sociale. En rendant hommage \u00e0 Bourama Soumano, Ahmed Kant\u00e9 r\u00e9affirme l\u2019importance de s\u2019appuyer sur les gardiens de la m\u00e9moire pour penser l\u2019avenir, dans un dialogue entre la tradition et les enjeux contemporains, entre la Guin\u00e9e et le Mali.<\/p>\n<p><strong>Abdoulaye Diaby<\/strong><\/p>\n<p>&nbsp;<\/p>\n","protected":false},"excerpt":{"rendered":"<p>En d\u00e9placement \u00e0 Bamako, Ahmed Kant\u00e9, ancien ministre guin\u00e9en des Mines et de la G\u00e9ologie, a rencontr\u00e9 le parolier malien Bourama Soumano. Cette initiative, men\u00e9e avec Lalamalan Kant\u00e9, vice-pr\u00e9sident de l\u2019Association des Descendants du Sosso Soumahoro Kant\u00e9 (ADSK), s\u2019inscrit dans une volont\u00e9 claire de raviver les liens culturels entre les deux pays. &nbsp; &nbsp; &nbsp; [&hellip;]<\/p>\n","protected":false},"author":2,"featured_media":36260,"comment_status":"open","ping_status":"closed","sticky":false,"template":"","format":"standard","meta":{"buzzeditor_post_format":"","footnotes":""},"categories":[47],"tags":[],"class_list":["post-36254","post","type-post","status-publish","format-standard","has-post-thumbnail","hentry","category-culture"],"jetpack_featured_media_url":"https:\/\/guineechrono.com\/wp-content\/uploads\/2025\/06\/maliss.jpg","amp_enabled":true,"_links":{"self":[{"href":"https:\/\/guineechrono.com\/index.php\/wp-json\/wp\/v2\/posts\/36254","targetHints":{"allow":["GET"]}}],"collection":[{"href":"https:\/\/guineechrono.com\/index.php\/wp-json\/wp\/v2\/posts"}],"about":[{"href":"https:\/\/guineechrono.com\/index.php\/wp-json\/wp\/v2\/types\/post"}],"author":[{"embeddable":true,"href":"https:\/\/guineechrono.com\/index.php\/wp-json\/wp\/v2\/users\/2"}],"replies":[{"embeddable":true,"href":"https:\/\/guineechrono.com\/index.php\/wp-json\/wp\/v2\/comments?post=36254"}],"version-history":[{"count":1,"href":"https:\/\/guineechrono.com\/index.php\/wp-json\/wp\/v2\/posts\/36254\/revisions"}],"predecessor-version":[{"id":36263,"href":"https:\/\/guineechrono.com\/index.php\/wp-json\/wp\/v2\/posts\/36254\/revisions\/36263"}],"wp:featuredmedia":[{"embeddable":true,"href":"https:\/\/guineechrono.com\/index.php\/wp-json\/wp\/v2\/media\/36260"}],"wp:attachment":[{"href":"https:\/\/guineechrono.com\/index.php\/wp-json\/wp\/v2\/media?parent=36254"}],"wp:term":[{"taxonomy":"category","embeddable":true,"href":"https:\/\/guineechrono.com\/index.php\/wp-json\/wp\/v2\/categories?post=36254"},{"taxonomy":"post_tag","embeddable":true,"href":"https:\/\/guineechrono.com\/index.php\/wp-json\/wp\/v2\/tags?post=36254"}],"curies":[{"name":"wp","href":"https:\/\/api.w.org\/{rel}","templated":true}]}}