{"id":36271,"date":"2025-06-25T19:46:28","date_gmt":"2025-06-25T18:46:28","guid":{"rendered":"https:\/\/guineechrono.com\/?p=36271"},"modified":"2025-06-25T19:46:28","modified_gmt":"2025-06-25T18:46:28","slug":"guinee-tenue-de-la-premiere-edition-des-journees-de-la-planification-et-de-la-cooperation-internationale-jpci","status":"publish","type":"post","link":"https:\/\/guineechrono.com\/index.php\/guinee-tenue-de-la-premiere-edition-des-journees-de-la-planification-et-de-la-cooperation-internationale-jpci\/","title":{"rendered":"Guin\u00e9e: Tenue de la premi\u00e8re \u00e9dition des Journ\u00e9es de la Planification et de la Coop\u00e9ration Internationale (JPCI)"},"content":{"rendered":"<p>Le Premier ministre, Chef du Gouvernement, a pr\u00e9sid\u00e9 la c\u00e9r\u00e9monie d\u2019ouverture de la premi\u00e8re \u00e9dition des Journ\u00e9es de la Planification et de la Coop\u00e9ration Internationale (JPCI), qui s\u2019\u00e9tend sur deux jours dans un complexe h\u00f4telier.<\/p>\n<p>Plac\u00e9e sous le th\u00e8me \u00ab R\u00e9inventer la planification et la coop\u00e9ration pour une Guin\u00e9e \u00e9mergente, inclusive et r\u00e9siliente \u00bb, cette initiative vise \u00e0 faire conna\u00eetre et valoriser, aupr\u00e8s du public, le r\u00f4le strat\u00e9gique du Minist\u00e8re du Plan et de la Coop\u00e9ration Internationale dans la planification du d\u00e9veloppement et la mobilisation des ressources ext\u00e9rieures.<\/p>\n<p>Du 25 au 26 juin 2025, plusieurs protocoles d\u2019accord seront sign\u00e9s, et deux panels majeurs seront anim\u00e9s autour des th\u00e9matiques suivantes :<br \/>\n\u2013 le r\u00f4le de la planification strat\u00e9gique dans le d\u00e9veloppement \u00e9conomique<br \/>\nsocial\u00a0et Coop\u00e9ration internationale ;<br \/>\n\u2013 la mobilisation des ressources dans le nouveau contexte mondial .<\/p>\n<p>Selon la Coordinatrice r\u00e9sidente du Syst\u00e8me des Nations Unies en Guin\u00e9e Mme Christel YOUNES, ces journ\u00e9es ne sont pas seulement une rencontre d\u2019experts. Elles constituent une d\u00e9claration d\u2019intention, t\u00e9moignant de la volont\u00e9 de la Guin\u00e9e de penser son avenir, de le planifier, de le financer et de le b\u00e2tir dans un esprit de coop\u00e9ration et pour cela ajoute-t-elle \u00ab\u00a0Vous pouvez compter sur le Syst\u00e8me des Nations Unies et ses partenaires\u00a0\u00bb.<\/p>\n<p>Le ministre du Plan et de la Coop\u00e9ration internationale, M. Isma\u00ebl NABE, a soulign\u00e9 que ces journ\u00e9es sont plac\u00e9es sous le signe de l\u2019espoir, de la rigueur et de l\u2019engagement collectif. Elles permettront d\u2019aborder la planification non pas comme un simple exercice technique enferm\u00e9 dans des rapports, mais comme un acte de foi en l\u2019avenir : \u00ab\u00a0une planification rigoureuse, inclusive et en phase avec les r\u00e9alit\u00e9s de nos territoires\u00a0\u00bb.<\/p>\n<p>Le Premier ministre a indiqu\u00e9 que cette rencontre est l\u2019opportunit\u00e9 de rappeler que la Guin\u00e9e poss\u00e8de, sur plusieurs plans, des exp\u00e9riences qui m\u00e9ritent d\u2019\u00eatre approfondies et \u00e9tudi\u00e9es. Il en a aussi profit\u00e9 pour rappeler : \u00ab Certains n\u2019imaginaient pas que la Guin\u00e9e pourrait, en si peu de temps, concr\u00e9tiser un chantier aussi structurant. Au-del\u00e0 du retour \u00e0 l\u2019ordre constitutionnel, il s\u2019agit du socle d\u2019un \u00c9tat moderne, capable de piloter, avec rigueur, sa gouvernance sociale et \u00e9conomique.<br \/>\nAinsi, il est imp\u00e9ratif de parler d\u00e9sormais de la planification. Mais cela demande des instruments permettant des mesures d\u2019impact, d\u2019abord quantitatives, puis qualitatives, en privil\u00e9giant ce que nous voulons et comment y parvenir, \u00e0 travers la structuration de l\u2019action publique. \u00bb<\/p>\n<p>Pour finir, le Chef du Gouvernement a fait une petite mise au point sur le programme Simandou : \u00ab Le programme Simandou est crucial. Il ne doit pas \u00eatre uniquement un projet minier, mais plut\u00f4t un programme national de d\u00e9veloppement \u00e0 l\u2019horizon 2040. \u00bb<\/p>\n<p>\u00c0 cet effet, il a invit\u00e9 le minist\u00e8re du Plan et de la Coop\u00e9ration \u00e0 veiller \u00e0 ce que ce programme soit porteur d\u2019une planification efficace, d\u2019anticipation, et d\u2019une r\u00e9elle prise en compte des r\u00e9alit\u00e9s sociales en Guin\u00e9e.<\/p>\n<p><strong>Avec CCG<\/strong><\/p>\n<p>&nbsp;<\/p>\n","protected":false},"excerpt":{"rendered":"<p>Le Premier ministre, Chef du Gouvernement, a pr\u00e9sid\u00e9 la c\u00e9r\u00e9monie d\u2019ouverture de la premi\u00e8re \u00e9dition des Journ\u00e9es de la Planification et de la Coop\u00e9ration Internationale (JPCI), qui s\u2019\u00e9tend sur deux jours dans un complexe h\u00f4telier. Plac\u00e9e sous le th\u00e8me \u00ab R\u00e9inventer la planification et la coop\u00e9ration pour une Guin\u00e9e \u00e9mergente, inclusive et r\u00e9siliente \u00bb, cette [&hellip;]<\/p>\n","protected":false},"author":2,"featured_media":36272,"comment_status":"open","ping_status":"closed","sticky":false,"template":"","format":"standard","meta":{"buzzeditor_post_format":"","footnotes":""},"categories":[42],"tags":[],"class_list":["post-36271","post","type-post","status-publish","format-standard","has-post-thumbnail","hentry","category-news"],"jetpack_featured_media_url":"https:\/\/guineechrono.com\/wp-content\/uploads\/2025\/06\/cooperation.jpg","amp_enabled":true,"_links":{"self":[{"href":"https:\/\/guineechrono.com\/index.php\/wp-json\/wp\/v2\/posts\/36271","targetHints":{"allow":["GET"]}}],"collection":[{"href":"https:\/\/guineechrono.com\/index.php\/wp-json\/wp\/v2\/posts"}],"about":[{"href":"https:\/\/guineechrono.com\/index.php\/wp-json\/wp\/v2\/types\/post"}],"author":[{"embeddable":true,"href":"https:\/\/guineechrono.com\/index.php\/wp-json\/wp\/v2\/users\/2"}],"replies":[{"embeddable":true,"href":"https:\/\/guineechrono.com\/index.php\/wp-json\/wp\/v2\/comments?post=36271"}],"version-history":[{"count":1,"href":"https:\/\/guineechrono.com\/index.php\/wp-json\/wp\/v2\/posts\/36271\/revisions"}],"predecessor-version":[{"id":36273,"href":"https:\/\/guineechrono.com\/index.php\/wp-json\/wp\/v2\/posts\/36271\/revisions\/36273"}],"wp:featuredmedia":[{"embeddable":true,"href":"https:\/\/guineechrono.com\/index.php\/wp-json\/wp\/v2\/media\/36272"}],"wp:attachment":[{"href":"https:\/\/guineechrono.com\/index.php\/wp-json\/wp\/v2\/media?parent=36271"}],"wp:term":[{"taxonomy":"category","embeddable":true,"href":"https:\/\/guineechrono.com\/index.php\/wp-json\/wp\/v2\/categories?post=36271"},{"taxonomy":"post_tag","embeddable":true,"href":"https:\/\/guineechrono.com\/index.php\/wp-json\/wp\/v2\/tags?post=36271"}],"curies":[{"name":"wp","href":"https:\/\/api.w.org\/{rel}","templated":true}]}}