{"id":36274,"date":"2025-06-25T20:15:24","date_gmt":"2025-06-25T19:15:24","guid":{"rendered":"https:\/\/guineechrono.com\/?p=36274"},"modified":"2025-06-25T20:15:24","modified_gmt":"2025-06-25T19:15:24","slug":"medias-les-organisateurs-annoncent-les-couleurs-de-la-1ere-edition-de-la-rencontre-des-journalistes-africains-de-conakry-rejac","status":"publish","type":"post","link":"https:\/\/guineechrono.com\/index.php\/medias-les-organisateurs-annoncent-les-couleurs-de-la-1ere-edition-de-la-rencontre-des-journalistes-africains-de-conakry-rejac\/","title":{"rendered":"M\u00e9dias : les organisateurs annoncent les couleurs de la 1\u00e8re \u00e9dition de la rencontre des journalistes africains de Conakry (REJAC)"},"content":{"rendered":"<p><strong>Les organisateurs de la Rencontre des Journalistes Africains de Conakry (REJAC) ont anim\u00e9 une conf\u00e9rence de presse ce vendredi 27 juin 2025. L\u2019objectif \u00e9tait d\u2019annoncer les couleurs de la premi\u00e8re \u00e9dition de l\u2019\u00e9v\u00e8nement.<\/strong><\/p>\n<p>C\u2019est un \u00e9v\u00e8nement que regroupera \u00e0 l\u2019h\u00f4tel Kaloum des journalistes venus de plusieurs pays africains autour de th\u00e9matiques au c\u0153ur des mutations du m\u00e9tier. \u2018\u2019Intelligence artificielle, crise de la presse \u00e9crite, manipulation de l\u2019information : autant de sujets qui figureront au menu des panels annonc\u00e9s\u2019\u2019.<\/p>\n<p>Dans sa communication, Isma\u00ebl Camara, coordonnateur g\u00e9n\u00e9ral de REJAC a rassur\u00e9 l\u2019opinion pour la tenue de \u00a0cet \u00e9v\u00e9nement. \u00a0\u00ab\u00a0L\u2019\u00e9v\u00e9nement aura bel et bien lieu le vendredi 27 juin. C\u2019est la Rencontre des Journalistes Africains de Conakry. On en avait parl\u00e9 il y a quelques semaines ou mois, aujourd\u2019hui c\u2019est pour confirmer sa tenue et inviter l\u2019ensemble des journalistes, en particulier nos confr\u00e8res guin\u00e9ens\u00a0<em>\u00bb.<\/em><\/p>\n<p>Selon lui, les \u00e9changes porteront notamment sur les risques li\u00e9s \u00e0 l\u2019int\u00e9gration de l\u2019intelligence artificielle dans la pratique journalistique. \u00a0\u00ab Nous avons voulu susciter des d\u00e9bats autour de ces probl\u00e9matiques avec l\u2019espoir de d\u00e9gager des pistes de r\u00e9flexion et de solutions pour aider la presse \u00e9crite \u00e0 se relever <strong>\u00bb, <\/strong>a confi\u00e9 M. Camara, tout en soulignant que <strong>\u00ab<\/strong> le risque de manipulation<em> [\u2026] <\/em>concerne tous les journalistes, quel que soit leur support \u00bb.<\/p>\n<p>Par ailleurs, il a rappel\u00e9 le but de cette organisation. \u00ab\u00a0Le but, c\u2019est que les citoyens puissent b\u00e9n\u00e9ficier d\u2019une information plurielle, v\u00e9rifi\u00e9e et objective\u00a0<em>\u00bb.<\/em><\/p>\n<p><strong>R\u00e9daction <\/strong><\/p>\n<p>&nbsp;<\/p>\n","protected":false},"excerpt":{"rendered":"<p>Les organisateurs de la Rencontre des Journalistes Africains de Conakry (REJAC) ont anim\u00e9 une conf\u00e9rence de presse ce vendredi 27 juin 2025. L\u2019objectif \u00e9tait d\u2019annoncer les couleurs de la premi\u00e8re \u00e9dition de l\u2019\u00e9v\u00e8nement. C\u2019est un \u00e9v\u00e8nement que regroupera \u00e0 l\u2019h\u00f4tel Kaloum des journalistes venus de plusieurs pays africains autour de th\u00e9matiques au c\u0153ur des mutations [&hellip;]<\/p>\n","protected":false},"author":2,"featured_media":36275,"comment_status":"open","ping_status":"closed","sticky":false,"template":"","format":"standard","meta":{"buzzeditor_post_format":"","footnotes":""},"categories":[42],"tags":[],"class_list":["post-36274","post","type-post","status-publish","format-standard","has-post-thumbnail","hentry","category-news"],"jetpack_featured_media_url":"https:\/\/guineechrono.com\/wp-content\/uploads\/2025\/06\/Mangnouma.webp","amp_enabled":true,"_links":{"self":[{"href":"https:\/\/guineechrono.com\/index.php\/wp-json\/wp\/v2\/posts\/36274","targetHints":{"allow":["GET"]}}],"collection":[{"href":"https:\/\/guineechrono.com\/index.php\/wp-json\/wp\/v2\/posts"}],"about":[{"href":"https:\/\/guineechrono.com\/index.php\/wp-json\/wp\/v2\/types\/post"}],"author":[{"embeddable":true,"href":"https:\/\/guineechrono.com\/index.php\/wp-json\/wp\/v2\/users\/2"}],"replies":[{"embeddable":true,"href":"https:\/\/guineechrono.com\/index.php\/wp-json\/wp\/v2\/comments?post=36274"}],"version-history":[{"count":1,"href":"https:\/\/guineechrono.com\/index.php\/wp-json\/wp\/v2\/posts\/36274\/revisions"}],"predecessor-version":[{"id":36276,"href":"https:\/\/guineechrono.com\/index.php\/wp-json\/wp\/v2\/posts\/36274\/revisions\/36276"}],"wp:featuredmedia":[{"embeddable":true,"href":"https:\/\/guineechrono.com\/index.php\/wp-json\/wp\/v2\/media\/36275"}],"wp:attachment":[{"href":"https:\/\/guineechrono.com\/index.php\/wp-json\/wp\/v2\/media?parent=36274"}],"wp:term":[{"taxonomy":"category","embeddable":true,"href":"https:\/\/guineechrono.com\/index.php\/wp-json\/wp\/v2\/categories?post=36274"},{"taxonomy":"post_tag","embeddable":true,"href":"https:\/\/guineechrono.com\/index.php\/wp-json\/wp\/v2\/tags?post=36274"}],"curies":[{"name":"wp","href":"https:\/\/api.w.org\/{rel}","templated":true}]}}