{"id":36294,"date":"2025-06-27T22:07:51","date_gmt":"2025-06-27T21:07:51","guid":{"rendered":"https:\/\/guineechrono.com\/?p=36294"},"modified":"2025-06-28T15:08:31","modified_gmt":"2025-06-28T14:08:31","slug":"justice-et-droit-maitre-mohamed-mouctar-sylla-secretaire-general-de-lunion-africaine-des-huissiers-de-justice-et-officiers-judiciaires","status":"publish","type":"post","link":"https:\/\/guineechrono.com\/index.php\/justice-et-droit-maitre-mohamed-mouctar-sylla-secretaire-general-de-lunion-africaine-des-huissiers-de-justice-et-officiers-judiciaires\/","title":{"rendered":"Justice et Droit : Maitre Mohamed Mouctar SYLLA, Secr\u00e9taire g\u00e9n\u00e9ral de l\u2019Union Africaine des Huissiers de Justice et Officiers Judiciaires"},"content":{"rendered":"<p><strong>Les 26 et 27 juin 2025 s\u2019est tenu, au Palais de Congr\u00e8s \u00e0 Yaound\u00e9 (R\u00e9publique du Cameroun), le deuxi\u00e8me congr\u00e8s panafricain des huissiers de justice. Ce congr\u00e8s est plac\u00e9 sous le th\u00e8me : l\u2019huissier de justice entre souverainet\u00e9 nationale et supranationalit\u00e9 juridique.<\/strong><\/p>\n<p>Jusque-l\u00e0 secr\u00e9taire g\u00e9n\u00e9ral adjoint de ladite Union depuis le 31 janvier 2020 au conseil de direction de Casablanca (Royaume du Maroc) et confirm\u00e9 au m\u00eame poste le 29 septembre 2022 au conseil de direction d\u2019Alger (R\u00e9publique Alg\u00e9rienne), Ma\u00eetre Mohamed Mouctar Sylla s\u2019est fonci\u00e8rement inscrit \u00e0 forger l\u2019image de la R\u00e9publique de Guin\u00e9e par son dynamisme et sa disponibilit\u00e9. Il a contribu\u00e9 \u00e0 l\u2019administration de l\u2019Union, la traduction des actes, la r\u00e9daction des documents, l\u2019archivage, la mobilisation et la r\u00e9alisation des activit\u00e9s. Parmi ces activit\u00e9s, on peut citer le colloque panafricain des huissiers de justice \u00e0 Conakry, les 27 au 29 septembre 2023 \u00e0 l\u2019h\u00f4tel NOOM sous le haut parrainage du Chef de l\u2019Etat, Pr\u00e9sident de la transition, Chef supr\u00eame des arm\u00e9es, Son Excellence G\u00e9n\u00e9ral Mamadi Doumbouya. Ce colloque \u00e0 la particularit\u00e9 d\u2019avoir connu la mobilisation des membres du gouvernement \u00e0 sa t\u00eate le Premier Ministre ainsi que sept autres ministres des officiels.<\/p>\n<p><a href=\"https:\/\/guineechrono.com\/wp-content\/uploads\/2025\/06\/IMG-20250627-WA03801.jpg\"><img fetchpriority=\"high\" decoding=\"async\" class=\"alignleft size-medium wp-image-36296\" src=\"https:\/\/guineechrono.com\/wp-content\/uploads\/2025\/06\/IMG-20250627-WA03801-300x198.jpg\" alt=\"\" width=\"300\" height=\"198\" srcset=\"https:\/\/guineechrono.com\/wp-content\/uploads\/2025\/06\/IMG-20250627-WA03801-300x198.jpg 300w, https:\/\/guineechrono.com\/wp-content\/uploads\/2025\/06\/IMG-20250627-WA03801-1024x675.jpg 1024w, https:\/\/guineechrono.com\/wp-content\/uploads\/2025\/06\/IMG-20250627-WA03801-768x506.jpg 768w, https:\/\/guineechrono.com\/wp-content\/uploads\/2025\/06\/IMG-20250627-WA03801-696x459.jpg 696w, https:\/\/guineechrono.com\/wp-content\/uploads\/2025\/06\/IMG-20250627-WA03801-741x486.jpg 741w, https:\/\/guineechrono.com\/wp-content\/uploads\/2025\/06\/IMG-20250627-WA03801-1068x704.jpg 1068w, https:\/\/guineechrono.com\/wp-content\/uploads\/2025\/06\/IMG-20250627-WA03801-637x420.jpg 637w, https:\/\/guineechrono.com\/wp-content\/uploads\/2025\/06\/IMG-20250627-WA03801.jpg 1080w\" sizes=\"(max-width: 300px) 100vw, 300px\" \/><\/a><\/p>\n<p>&nbsp;<\/p>\n<p>&nbsp;<\/p>\n<p>&nbsp;<\/p>\n<p>&nbsp;<\/p>\n<p>Au congr\u00e8s ordinaire panafricain des huissiers de justice qui s\u2019est tenu ce 27 juin 2025, les 24 d\u00e9l\u00e9gations des pays membres pr\u00e9sents et repr\u00e9sent\u00e9s lui ont port\u00e9 leur confiance en l\u2019\u00e9lisant au prestigieux poste de secr\u00e9taire g\u00e9n\u00e9ral de l\u2019Union Africaine des huissiers de justice et officiers judiciaires. Le Bureau Ex\u00e9cutif \u00e9lu comprend sept membres dont la Pr\u00e9sidente : Me Rosine Bogor\u00e9 Zongo (Burkina Faso) ; 4 Vice-pr\u00e9sidents : Me Mark Morgan (Afrique du Sud), Me Abdelaziz Foughanni (Maroc), Me Brian Kanyesigye (Ouganda) et Me Samuel Ename Nkawn\u00e9 (Cameroun) ; Secr\u00e9taire G\u00e9n\u00e9ral : Me Mohamed Mouctar Sylla (Guin\u00e9e) et Tr\u00e9sorier : Me Brice-Martial Baidou (Centrafrique). \u00c9lu pour un mandat de trois ans, les membres du Bureau Ex\u00e9cutif devront assurer la repr\u00e9sentation de la profession d\u2019huissier de justice sur le continent et mobilisation autour des bonnes pratiques professionnelles.<\/p>\n<p>Fra\u00eechement port\u00e9 par ses pairs huissiers du continent, Ma\u00eetre Mohamed Mouctar Sylla, tout nouveau secr\u00e9taire g\u00e9n\u00e9ral exprime sa gratitude au Chef de l\u2019Etat, Son Excellence le General Mamadi Doumbouya, pour son soutien inoubliable depuis la mobilisation exceptionnelle au colloque de 2023, \u00e0 la Chambre Nationale des Huissiers de justice de Guin\u00e9e, \u00e0 sa t\u00eate Me Aboubacar Camara et tous les autres confr\u00e8res africains. Il entend diriger redorer le blason de l\u2019administration de l\u2019Union et rester actif aupr\u00e8s du Bureau ex\u00e9cutif \u00e9lu, sans occulter les huissiers de justice guin\u00e9ens aupr\u00e8s desquels son engagement demeure infaillible tant sur le plan de formation que des opportunit\u00e9s en termes d\u2019innovations.<\/p>\n<p><strong>Par Bernard Leno<\/strong><\/p>\n","protected":false},"excerpt":{"rendered":"<p>Les 26 et 27 juin 2025 s\u2019est tenu, au Palais de Congr\u00e8s \u00e0 Yaound\u00e9 (R\u00e9publique du Cameroun), le deuxi\u00e8me congr\u00e8s panafricain des huissiers de justice. Ce congr\u00e8s est plac\u00e9 sous le th\u00e8me : l\u2019huissier de justice entre souverainet\u00e9 nationale et supranationalit\u00e9 juridique. Jusque-l\u00e0 secr\u00e9taire g\u00e9n\u00e9ral adjoint de ladite Union depuis le 31 janvier 2020 au [&hellip;]<\/p>\n","protected":false},"author":2,"featured_media":36295,"comment_status":"open","ping_status":"closed","sticky":false,"template":"","format":"standard","meta":{"buzzeditor_post_format":"","footnotes":""},"categories":[42],"tags":[],"class_list":["post-36294","post","type-post","status-publish","format-standard","has-post-thumbnail","hentry","category-news"],"jetpack_featured_media_url":"https:\/\/guineechrono.com\/wp-content\/uploads\/2025\/06\/IMG-20250627-WA03791.jpg","amp_enabled":true,"_links":{"self":[{"href":"https:\/\/guineechrono.com\/index.php\/wp-json\/wp\/v2\/posts\/36294","targetHints":{"allow":["GET"]}}],"collection":[{"href":"https:\/\/guineechrono.com\/index.php\/wp-json\/wp\/v2\/posts"}],"about":[{"href":"https:\/\/guineechrono.com\/index.php\/wp-json\/wp\/v2\/types\/post"}],"author":[{"embeddable":true,"href":"https:\/\/guineechrono.com\/index.php\/wp-json\/wp\/v2\/users\/2"}],"replies":[{"embeddable":true,"href":"https:\/\/guineechrono.com\/index.php\/wp-json\/wp\/v2\/comments?post=36294"}],"version-history":[{"count":1,"href":"https:\/\/guineechrono.com\/index.php\/wp-json\/wp\/v2\/posts\/36294\/revisions"}],"predecessor-version":[{"id":36297,"href":"https:\/\/guineechrono.com\/index.php\/wp-json\/wp\/v2\/posts\/36294\/revisions\/36297"}],"wp:featuredmedia":[{"embeddable":true,"href":"https:\/\/guineechrono.com\/index.php\/wp-json\/wp\/v2\/media\/36295"}],"wp:attachment":[{"href":"https:\/\/guineechrono.com\/index.php\/wp-json\/wp\/v2\/media?parent=36294"}],"wp:term":[{"taxonomy":"category","embeddable":true,"href":"https:\/\/guineechrono.com\/index.php\/wp-json\/wp\/v2\/categories?post=36294"},{"taxonomy":"post_tag","embeddable":true,"href":"https:\/\/guineechrono.com\/index.php\/wp-json\/wp\/v2\/tags?post=36294"}],"curies":[{"name":"wp","href":"https:\/\/api.w.org\/{rel}","templated":true}]}}