{"id":36298,"date":"2025-06-28T15:15:48","date_gmt":"2025-06-28T14:15:48","guid":{"rendered":"https:\/\/guineechrono.com\/?p=36298"},"modified":"2025-06-28T15:15:48","modified_gmt":"2025-06-28T14:15:48","slug":"djenabou-toure-camara-larchitecte-de-la-revolution-electorale-en-guinee","status":"publish","type":"post","link":"https:\/\/guineechrono.com\/index.php\/djenabou-toure-camara-larchitecte-de-la-revolution-electorale-en-guinee\/","title":{"rendered":"Djenabou Tour\u00e9 Camara : L\u2019Architecte de la R\u00e9volution \u00c9lectorale en Guin\u00e9e"},"content":{"rendered":"<p>Dans un monde politique longtemps domin\u00e9 par les hommes, Djenabou Tour\u00e9 Camara s\u2019impose comme une pionni\u00e8re audacieuse, une strat\u00e8ge de la gouvernance \u00e9lectorale et une voix incontournable de la transition d\u00e9mocratique en Guin\u00e9e. De ses d\u00e9buts modestes \u00e0 son r\u00f4le central dans la r\u00e9forme de l\u2019\u00e9tat civil et de l\u2019identification biom\u00e9trique, son parcours exemplaire incarne le leadership transformationnel au f\u00e9minin. \u00c0 l\u2019occasion de la Journ\u00e9e internationale des droits des femmes, retour sur l\u2019itin\u00e9raire exceptionnel de cette figure embl\u00e9matique qui red\u00e9finit les contours de la d\u00e9mocratie guin\u00e9enne.<\/p>\n<p><strong>Djenabou Tour\u00e9 Camara : une force tranquille au c\u0153ur des r\u00e9formes \u00e9lectorales<\/strong><\/p>\n<p>Alors que la Guin\u00e9e traverse une phase d\u00e9cisive de refondation institutionnelle, un nom \u00e9merge avec constance lorsqu\u2019il est question de transparence, de rigueur et d\u2019innovation dans le domaine \u00e9lectoral : celui de Mme Djenabou Tour\u00e9 Camara. Figure respect\u00e9e et voix influente des processus d\u00e9mocratiques, elle incarne un leadership f\u00e9minin rare, forg\u00e9 dans l\u2019expertise, le d\u00e9vouement et la vision.<\/p>\n<p>Son aventure professionnelle d\u00e9bute en 1998 au sein du Haut Conseil aux Affaires \u00c9lectorales. Tr\u00e8s vite, sa comp\u00e9tence la propulse \u00e0 la Commission \u00c9lectorale Nationale Ind\u00e9pendante (CENI) en tant que conseill\u00e8re nationale en 2002. Trois ans plus tard, elle devient membre de plein droit, avant de gravir progressivement les \u00e9chelons jusqu\u2019\u00e0 occuper des fonctions cl\u00e9s : vice-pr\u00e9sidente de la Commission Technique \u00c9lectorale en 2010, Directrice nationale adjointe de l\u2019administration \u00e9lectorale, Directrice adjointe du d\u00e9partement planification, puis Directrice du fichier \u00e9lectoral.<\/p>\n<p><strong>Une vision au-del\u00e0 des fronti\u00e8res<\/strong><\/p>\n<p>Ce parcours, aussi riche que rigoureux, a fa\u00e7onn\u00e9 une experte de haut niveau qui d\u00e9passe le cadre national. En effet, Mme Tour\u00e9 Camara a repr\u00e9sent\u00e9 la Guin\u00e9e dans de nombreuses missions internationales d\u2019observation \u00e9lectorale, renfor\u00e7ant ainsi sa l\u00e9gitimit\u00e9 sur la sc\u00e8ne africaine. Formatrice reconnue en leadership transformationnel et facilitatrice internationale d\u2019ateliers, elle \u0153uvre aussi \u00e0 transmettre son savoir aux nouvelles g\u00e9n\u00e9rations, b\u00e2tissant une rel\u00e8ve f\u00e9minine engag\u00e9e dans la gouvernance.<\/p>\n<p><strong>Actrice centrale de la transition d\u00e9mocratique<\/strong><\/p>\n<p>En juin 2022, le g\u00e9n\u00e9ral Mamadi Doumbouya lui confie l\u2019un des postes les plus sensibles du pays : Directrice nationale des affaires politiques et de l\u2019administration \u00e9lectorale au Minist\u00e8re de l\u2019Administration du Territoire et de la D\u00e9centralisation. Une nomination qui consacre son expertise mais surtout sa capacit\u00e9 \u00e0 piloter des r\u00e9formes d\u2019envergure, dans un contexte de transition politique exigeant clart\u00e9, efficacit\u00e9 et confiance.<\/p>\n<p><strong>La technologie au service de la d\u00e9mocratie<\/strong><\/p>\n<p>Parall\u00e8lement \u00e0 ses responsabilit\u00e9s \u00e9lectorales, Mme Tour\u00e9 Camara coordonne un projet crucial : la mise en place du syst\u00e8me d\u2019identification biom\u00e9trique en Guin\u00e9e. Un d\u00e9fi de taille qu\u2019elle rel\u00e8ve avec pragmatisme et m\u00e9thode, dans le but de doter le pays d\u2019un fichier \u00e9lectoral fiable, inclusif et s\u00e9curis\u00e9. Sa contribution \u00e0 la modernisation de l\u2019\u00e9tat civil est salu\u00e9e comme un levier essentiel pour garantir des \u00e9lections transparentes et cr\u00e9dibles.<\/p>\n<p><strong>Une source d\u2019inspiration pour les g\u00e9n\u00e9rations futures<\/strong><\/p>\n<p>Derri\u00e8re le titre et les fonctions, c\u2019est une femme de caract\u00e8re, de conviction et d\u2019action. Djenabou Tour\u00e9 Camara est aujourd\u2019hui un mod\u00e8le pour des milliers de jeunes femmes guin\u00e9ennes et africaines qui voient en elle la preuve que les femmes peuvent et doivent occuper des postes strat\u00e9giques dans les institutions. Son combat d\u00e9passe la question du genre ; il s\u2019inscrit dans une dynamique de justice, d\u2019\u00e9quit\u00e9 et de progr\u00e8s d\u00e9mocratique.<\/p>\n<p><strong>Conclusion<\/strong><\/p>\n<p>Le nom de Djenabou Tour\u00e9 Camara restera associ\u00e9 \u00e0 une \u00e9poque de transformation profonde en Guin\u00e9e. Femme de dossiers, femme d\u2019influence, mais surtout femme de terrain, elle incarne une nouvelle \u00e8re de leadership fond\u00e9e sur l\u2019int\u00e9grit\u00e9, l\u2019innovation et le courage. En cette Journ\u00e9e internationale des droits des femmes, il est juste et essentiel de c\u00e9l\u00e9brer cette b\u00e2tisseuse de d\u00e9mocratie, dont le parcours est un phare pour toute une nation.<\/p>\n<p><strong>Alseny Camara<\/strong><\/p>\n<p>&nbsp;<\/p>\n","protected":false},"excerpt":{"rendered":"<p>Dans un monde politique longtemps domin\u00e9 par les hommes, Djenabou Tour\u00e9 Camara s\u2019impose comme une pionni\u00e8re audacieuse, une strat\u00e8ge de la gouvernance \u00e9lectorale et une voix incontournable de la transition d\u00e9mocratique en Guin\u00e9e. De ses d\u00e9buts modestes \u00e0 son r\u00f4le central dans la r\u00e9forme de l\u2019\u00e9tat civil et de l\u2019identification biom\u00e9trique, son parcours exemplaire incarne [&hellip;]<\/p>\n","protected":false},"author":2,"featured_media":36299,"comment_status":"open","ping_status":"closed","sticky":false,"template":"","format":"standard","meta":{"buzzeditor_post_format":"","footnotes":""},"categories":[42],"tags":[],"class_list":["post-36298","post","type-post","status-publish","format-standard","has-post-thumbnail","hentry","category-news"],"jetpack_featured_media_url":"https:\/\/guineechrono.com\/wp-content\/uploads\/2025\/06\/IMG-20250627-WA0073.jpg","amp_enabled":true,"_links":{"self":[{"href":"https:\/\/guineechrono.com\/index.php\/wp-json\/wp\/v2\/posts\/36298","targetHints":{"allow":["GET"]}}],"collection":[{"href":"https:\/\/guineechrono.com\/index.php\/wp-json\/wp\/v2\/posts"}],"about":[{"href":"https:\/\/guineechrono.com\/index.php\/wp-json\/wp\/v2\/types\/post"}],"author":[{"embeddable":true,"href":"https:\/\/guineechrono.com\/index.php\/wp-json\/wp\/v2\/users\/2"}],"replies":[{"embeddable":true,"href":"https:\/\/guineechrono.com\/index.php\/wp-json\/wp\/v2\/comments?post=36298"}],"version-history":[{"count":1,"href":"https:\/\/guineechrono.com\/index.php\/wp-json\/wp\/v2\/posts\/36298\/revisions"}],"predecessor-version":[{"id":36300,"href":"https:\/\/guineechrono.com\/index.php\/wp-json\/wp\/v2\/posts\/36298\/revisions\/36300"}],"wp:featuredmedia":[{"embeddable":true,"href":"https:\/\/guineechrono.com\/index.php\/wp-json\/wp\/v2\/media\/36299"}],"wp:attachment":[{"href":"https:\/\/guineechrono.com\/index.php\/wp-json\/wp\/v2\/media?parent=36298"}],"wp:term":[{"taxonomy":"category","embeddable":true,"href":"https:\/\/guineechrono.com\/index.php\/wp-json\/wp\/v2\/categories?post=36298"},{"taxonomy":"post_tag","embeddable":true,"href":"https:\/\/guineechrono.com\/index.php\/wp-json\/wp\/v2\/tags?post=36298"}],"curies":[{"name":"wp","href":"https:\/\/api.w.org\/{rel}","templated":true}]}}