{"id":36338,"date":"2025-07-03T16:22:34","date_gmt":"2025-07-03T15:22:34","guid":{"rendered":"https:\/\/guineechrono.com\/?p=36338"},"modified":"2025-07-03T16:22:34","modified_gmt":"2025-07-03T15:22:34","slug":"contenu-local-dans-les-mines-ahmed-kante-appelle-a-une-application-stricte-de-la-reglementation","status":"publish","type":"post","link":"https:\/\/guineechrono.com\/index.php\/contenu-local-dans-les-mines-ahmed-kante-appelle-a-une-application-stricte-de-la-reglementation\/","title":{"rendered":"Contenu local dans les mines : Ahmed Kant\u00e9 appelle \u00e0 une application stricte de la r\u00e9glementation"},"content":{"rendered":"<p>La Banque mondiale et le minist\u00e8re guin\u00e9en de l\u2019\u00c9conomie et des Finances ont organis\u00e9 ce mardi \u00e0 Conakry la deuxi\u00e8me \u00e9dition de l\u2019atelier de diss\u00e9mination du Rapport de Suivi de la Situation \u00c9conomique de la Guin\u00e9e. Plac\u00e9e sous le th\u00e8me <em>\u00ab Mobilisation et gestion des ressources int\u00e9rieures pour un d\u00e9veloppement inclusif et durable \u00bb<\/em>, la rencontre a r\u00e9uni d\u00e9cideurs publics, experts \u00e9conomiques, bailleurs de fonds et repr\u00e9sentants du secteur priv\u00e9.<\/p>\n<p><a href=\"https:\/\/guineechrono.com\/wp-content\/uploads\/2025\/07\/IMG-20250703-WA0014.jpg\"><img fetchpriority=\"high\" decoding=\"async\" class=\"alignleft size-medium wp-image-36340\" src=\"https:\/\/guineechrono.com\/wp-content\/uploads\/2025\/07\/IMG-20250703-WA0014-300x200.jpg\" alt=\"\" width=\"300\" height=\"200\" srcset=\"https:\/\/guineechrono.com\/wp-content\/uploads\/2025\/07\/IMG-20250703-WA0014-300x200.jpg 300w, https:\/\/guineechrono.com\/wp-content\/uploads\/2025\/07\/IMG-20250703-WA0014-1024x683.jpg 1024w, https:\/\/guineechrono.com\/wp-content\/uploads\/2025\/07\/IMG-20250703-WA0014-768x512.jpg 768w, https:\/\/guineechrono.com\/wp-content\/uploads\/2025\/07\/IMG-20250703-WA0014-696x464.jpg 696w, https:\/\/guineechrono.com\/wp-content\/uploads\/2025\/07\/IMG-20250703-WA0014-1068x713.jpg 1068w, https:\/\/guineechrono.com\/wp-content\/uploads\/2025\/07\/IMG-20250703-WA0014-630x420.jpg 630w, https:\/\/guineechrono.com\/wp-content\/uploads\/2025\/07\/IMG-20250703-WA0014.jpg 1280w\" sizes=\"(max-width: 300px) 100vw, 300px\" \/><\/a><\/p>\n<p>&nbsp;<\/p>\n<p>&nbsp;<\/p>\n<p>&nbsp;<\/p>\n<p>&nbsp;<\/p>\n<p>Le rapport pr\u00e9voit une croissance \u00e9conomique soutenue : 5,7 % en 2024, 6,5 % en 2025, et une moyenne de 10 % entre 2026 et 2027, principalement port\u00e9e par le secteur minier et l\u2019exploitation \u00e0 venir du gisement de Simandou. Toutefois, plus de la moiti\u00e9 de la population guin\u00e9enne vit encore sous le seuil de pauvret\u00e9, faute de d\u00e9veloppement des secteurs hors mines.<\/p>\n<p>Dans ce contexte, l\u2019intervention d\u2019Ahmed Kant\u00e9, ancien ministre des Mines et repr\u00e9sentant de la CGE-Gui, a marqu\u00e9 les \u00e9changes. Il a d\u00e9nonc\u00e9 le faible impact local de la croissance mini\u00e8re et insist\u00e9 sur la n\u00e9cessit\u00e9 d\u2019une transformation structurelle de l\u2019\u00e9conomie.<\/p>\n<p><a href=\"https:\/\/guineechrono.com\/wp-content\/uploads\/2025\/07\/IMG-20250703-WA0015.jpg\"><img decoding=\"async\" class=\"alignleft size-medium wp-image-36341\" src=\"https:\/\/guineechrono.com\/wp-content\/uploads\/2025\/07\/IMG-20250703-WA0015-300x200.jpg\" alt=\"\" width=\"300\" height=\"200\" srcset=\"https:\/\/guineechrono.com\/wp-content\/uploads\/2025\/07\/IMG-20250703-WA0015-300x200.jpg 300w, https:\/\/guineechrono.com\/wp-content\/uploads\/2025\/07\/IMG-20250703-WA0015-1024x683.jpg 1024w, https:\/\/guineechrono.com\/wp-content\/uploads\/2025\/07\/IMG-20250703-WA0015-768x512.jpg 768w, https:\/\/guineechrono.com\/wp-content\/uploads\/2025\/07\/IMG-20250703-WA0015-696x464.jpg 696w, https:\/\/guineechrono.com\/wp-content\/uploads\/2025\/07\/IMG-20250703-WA0015-1068x713.jpg 1068w, https:\/\/guineechrono.com\/wp-content\/uploads\/2025\/07\/IMG-20250703-WA0015-630x420.jpg 630w, https:\/\/guineechrono.com\/wp-content\/uploads\/2025\/07\/IMG-20250703-WA0015.jpg 1280w\" sizes=\"(max-width: 300px) 100vw, 300px\" \/><\/a><\/p>\n<p>&nbsp;<\/p>\n<p>&nbsp;<\/p>\n<p>&nbsp;<\/p>\n<p>&nbsp;<\/p>\n<p>Il a rappel\u00e9 que la loi impose aux entreprises mini\u00e8res de r\u00e9server 40 % des investissements aux soci\u00e9t\u00e9s locales. Pour lui, cette exigence reste largement inapplicable en l\u2019absence de r\u00e9gulation ferme et de m\u00e9canismes de suivi transparents. Il propose une mont\u00e9e progressive vers cet objectif, avec une tol\u00e9rance initiale, mais une obligation d\u2019atteindre ce seuil dans un d\u00e9lai de cinq ans, sous peine de sanctions.<\/p>\n<p>Ahmed Kant\u00e9 a \u00e9galement insist\u00e9 sur le r\u00f4le des trois parties prenantes : l\u2019\u00c9tat, garant de la r\u00e9glementation ; les investisseurs, responsables de l\u2019int\u00e9gration du contenu local ; et la CGE-Gui, repr\u00e9sentante du secteur priv\u00e9. Il a exhort\u00e9 les partenaires techniques et les soci\u00e9t\u00e9s mini\u00e8res \u00e0 participer activement \u00e0 la mont\u00e9e en comp\u00e9tence des entreprises locales.<\/p>\n<p>Selon lui, une politique de contenu local cr\u00e9dible repose sur une volont\u00e9 politique claire et une application stricte des r\u00e8gles existantes. Sans cela, la croissance mini\u00e8re restera d\u00e9connect\u00e9e des enjeux sociaux et \u00e9conomiques du pays.<\/p>\n<p><a href=\"https:\/\/guineechrono.com\/wp-content\/uploads\/2025\/07\/IMG-20250703-WA0013.jpg\"><img decoding=\"async\" class=\"alignleft size-medium wp-image-36342\" src=\"https:\/\/guineechrono.com\/wp-content\/uploads\/2025\/07\/IMG-20250703-WA0013-300x200.jpg\" alt=\"\" width=\"300\" height=\"200\" srcset=\"https:\/\/guineechrono.com\/wp-content\/uploads\/2025\/07\/IMG-20250703-WA0013-300x200.jpg 300w, https:\/\/guineechrono.com\/wp-content\/uploads\/2025\/07\/IMG-20250703-WA0013-1024x683.jpg 1024w, https:\/\/guineechrono.com\/wp-content\/uploads\/2025\/07\/IMG-20250703-WA0013-768x512.jpg 768w, https:\/\/guineechrono.com\/wp-content\/uploads\/2025\/07\/IMG-20250703-WA0013-696x464.jpg 696w, https:\/\/guineechrono.com\/wp-content\/uploads\/2025\/07\/IMG-20250703-WA0013-1068x713.jpg 1068w, https:\/\/guineechrono.com\/wp-content\/uploads\/2025\/07\/IMG-20250703-WA0013-630x420.jpg 630w, https:\/\/guineechrono.com\/wp-content\/uploads\/2025\/07\/IMG-20250703-WA0013.jpg 1280w\" sizes=\"(max-width: 300px) 100vw, 300px\" \/><\/a><\/p>\n<p>&nbsp;<\/p>\n<p>&nbsp;<\/p>\n<p>&nbsp;<\/p>\n<p>&nbsp;<\/p>\n<p>Cette rencontre a rappel\u00e9 qu\u2019aucune croissance ne peut \u00eatre qualifi\u00e9e d\u2019inclusive si elle ne repose pas sur l\u2019implication du tissu \u00e9conomique national. Le d\u00e9fi demeure dans l\u2019ex\u00e9cution efficace des engagements pris.<\/p>\n<p><strong>A\u00efcha Konat\u00e9<\/strong><\/p>\n<p>&nbsp;<\/p>\n","protected":false},"excerpt":{"rendered":"<p>La Banque mondiale et le minist\u00e8re guin\u00e9en de l\u2019\u00c9conomie et des Finances ont organis\u00e9 ce mardi \u00e0 Conakry la deuxi\u00e8me \u00e9dition de l\u2019atelier de diss\u00e9mination du Rapport de Suivi de la Situation \u00c9conomique de la Guin\u00e9e. Plac\u00e9e sous le th\u00e8me \u00ab Mobilisation et gestion des ressources int\u00e9rieures pour un d\u00e9veloppement inclusif et durable \u00bb, la [&hellip;]<\/p>\n","protected":false},"author":2,"featured_media":36339,"comment_status":"open","ping_status":"closed","sticky":false,"template":"","format":"standard","meta":{"buzzeditor_post_format":"","footnotes":""},"categories":[44],"tags":[],"class_list":["post-36338","post","type-post","status-publish","format-standard","has-post-thumbnail","hentry","category-economie"],"jetpack_featured_media_url":"https:\/\/guineechrono.com\/wp-content\/uploads\/2025\/07\/IMG-20250703-WA0016.jpg","amp_enabled":true,"_links":{"self":[{"href":"https:\/\/guineechrono.com\/index.php\/wp-json\/wp\/v2\/posts\/36338","targetHints":{"allow":["GET"]}}],"collection":[{"href":"https:\/\/guineechrono.com\/index.php\/wp-json\/wp\/v2\/posts"}],"about":[{"href":"https:\/\/guineechrono.com\/index.php\/wp-json\/wp\/v2\/types\/post"}],"author":[{"embeddable":true,"href":"https:\/\/guineechrono.com\/index.php\/wp-json\/wp\/v2\/users\/2"}],"replies":[{"embeddable":true,"href":"https:\/\/guineechrono.com\/index.php\/wp-json\/wp\/v2\/comments?post=36338"}],"version-history":[{"count":1,"href":"https:\/\/guineechrono.com\/index.php\/wp-json\/wp\/v2\/posts\/36338\/revisions"}],"predecessor-version":[{"id":36343,"href":"https:\/\/guineechrono.com\/index.php\/wp-json\/wp\/v2\/posts\/36338\/revisions\/36343"}],"wp:featuredmedia":[{"embeddable":true,"href":"https:\/\/guineechrono.com\/index.php\/wp-json\/wp\/v2\/media\/36339"}],"wp:attachment":[{"href":"https:\/\/guineechrono.com\/index.php\/wp-json\/wp\/v2\/media?parent=36338"}],"wp:term":[{"taxonomy":"category","embeddable":true,"href":"https:\/\/guineechrono.com\/index.php\/wp-json\/wp\/v2\/categories?post=36338"},{"taxonomy":"post_tag","embeddable":true,"href":"https:\/\/guineechrono.com\/index.php\/wp-json\/wp\/v2\/tags?post=36338"}],"curies":[{"name":"wp","href":"https:\/\/api.w.org\/{rel}","templated":true}]}}