{"id":36384,"date":"2025-07-09T18:50:51","date_gmt":"2025-07-09T17:50:51","guid":{"rendered":"https:\/\/guineechrono.com\/?p=36384"},"modified":"2025-07-09T18:50:51","modified_gmt":"2025-07-09T17:50:51","slug":"un-an-apres-le-kidnapping-de-fonike-mengue-et-de-billo-hadjass-en-guinee-une-souffrance-extreme-pour-leurs-familles-et-proches","status":"publish","type":"post","link":"https:\/\/guineechrono.com\/index.php\/un-an-apres-le-kidnapping-de-fonike-mengue-et-de-billo-hadjass-en-guinee-une-souffrance-extreme-pour-leurs-familles-et-proches\/","title":{"rendered":"Un An apr\u00e8s le Kidnapping de Fonik\u00e9 Mengu\u00e8 et de Billo Hadjass en Guin\u00e9e : une souffrance extr\u00eame pour leurs familles et proches."},"content":{"rendered":"<p>La nuit du silence et de la peur continue de s\u2019\u00e9paissir en Guin\u00e9e, alors que des figures embl\u00e9matiques de la soci\u00e9t\u00e9 civile, Oumar Sylla alias Fonik\u00e9 Mengu\u00e8 et Billo Bah, demeurent introuvables depuis leur enl\u00e8vement dans des circonstances troubles et alarmantes. Ces disparitions ne sont pas seulement des violations des droits humains fondamentaux, elles sont aussi des atteintes graves \u00e0 la dignit\u00e9 des familles et \u00e0 l\u2019\u00e9quilibre psychologique de leurs proches.<\/p>\n<p>&nbsp;<\/p>\n<p>Avant d\u2019\u00eatre victimes de cette disparition forc\u00e9e Fonik\u00e9 Mengu\u00e8 et Billo Bah \u00e9taient avant tout des citoyens engag\u00e9s, porteurs d\u2019un combat l\u00e9gitime, pacifique et citoyen au au sein de la Dynamique des Organisations de la Soci\u00e9t\u00e9 civile contre la fermeture des M\u00e9dias et la chert\u00e9 de la Vie.<\/p>\n<p>Les objectifs visaient essentiellement :<\/p>\n<ul>\n<li>La lib\u00e9ration des m\u00e9dias notamment Espace, Djoma et FIM ;<\/li>\n<li>L\u2019am\u00e9lioration des conditions de vie des Guin\u00e9ens, notamment: La desserte r\u00e9guli\u00e8re en \u00e9lectricit\u00e9 dans les foyers, la r\u00e9duction des prix des denr\u00e9es de premi\u00e8re n\u00e9cessit\u00e9, dans un pays o\u00f9 le panier de la m\u00e9nag\u00e8re devient de plus en plus inaccessible.<\/li>\n<\/ul>\n<p>&nbsp;<\/p>\n<p>Ces revendications, profond\u00e9ment sociales et non politiques ou violentes, incarnaient les espoirs d\u2019une jeunesse consciente, d\u00e9termin\u00e9e \u00e0 faire entendre la voix des sans-voix.<\/p>\n<p>&nbsp;<\/p>\n<p>Les cons\u00e9quences\u00a0 des disparitions forc\u00e9es sont dramatiques. Le kidnapping de ces deux acteurs de la soci\u00e9t\u00e9 civile s\u2019inscrit dans une pratique ill\u00e9gale et inhumaine : la disparition forc\u00e9e, qui est d\u00e9finie par le droit international comme l\u2019arrestation, la d\u00e9tention ou l\u2019enl\u00e8vement d\u2019une personne par des agents de l\u2019\u00c9tat, suivie du refus de reconna\u00eetre cette privation de libert\u00e9 ou de r\u00e9v\u00e9ler le sort qui lui est r\u00e9serv\u00e9.<\/p>\n<p>Ces actes sont formellement interdits par :<\/p>\n<ul>\n<li>La Convention internationale pour la protection de toutes les personnes contre les disparitions forc\u00e9es ;<\/li>\n<li>La Charte africaine des droits de l\u2019Homme et des peuples ;<\/li>\n<li>Le code P\u00e9nal Guin\u00e9en ;<\/li>\n<li>Et constituent des crimes contre l\u2019humanit\u00e9 lorsqu\u2019ils sont pratiqu\u00e9s de mani\u00e8re syst\u00e9matique.<\/li>\n<\/ul>\n<p>Les auteurs de telles violations s\u2019exposent \u00e0 des sanctions p\u00e9nales internationales, ind\u00e9pendamment de leur position ou de leur autorit\u00e9 au moment des faits.<\/p>\n<p>&nbsp;<\/p>\n<p>En qu\u2019Acteur de la soci\u00e9t\u00e9 civile guin\u00e9enne et soucieux de la paix et de la stabilit\u00e9 de notre pays dans un contexte de transition, je plaide aux pr\u00e8s des autorit\u00e9s la lib\u00e9ration imm\u00e9diate et sans condition de Fonik\u00e9 Mengu\u00e8 et de Billo Bah. Leur d\u00e9tention constitue une menace r\u00e9elle et\u00a0 grave pour la stabilit\u00e9 sociale, la paix et la coh\u00e9sion nationale.<\/p>\n<p>&nbsp;<\/p>\n<p>J\u2019appelle \u00e0 une mobilisation nationale et internationale pour la lib\u00e9ration de ces deux acteurs ainsi que tous les disparus, car la libert\u00e9 d\u2019expression et la d\u00e9fense des droits sociaux ne doivent jamais \u00eatre criminalis\u00e9es.<\/p>\n<p>&nbsp;<\/p>\n<p>Je recommande au gouvernement guin\u00e9en, sous la conduite du Pr\u00e9sident le G\u00e9n\u00e9ral Mamady Doumbouya de :<\/p>\n<ul>\n<li>Lib\u00e9rer imm\u00e9diatement Fonik\u00e9 Mengu\u00e8 et Billo Bah ou, \u00e0 d\u00e9faut, r\u00e9v\u00e9ler sans d\u00e9lai leur lieu de d\u00e9tention.<\/li>\n<li>Mettre fin aux arrestations arbitraires et aux disparitions forc\u00e9es.<\/li>\n<li>Ouvrir une enqu\u00eate ind\u00e9pendante pour identifier les responsables de ces disparitions.<\/li>\n<li>Mettre en place un cadre de dialogue afin de discuter des actions concr\u00e8tes pour le retour \u00e0 l\u2019ordre constitutionnel ;<\/li>\n<li>Faciliter le retour des exiles politiques ;<\/li>\n<\/ul>\n<p>&nbsp;<\/p>\n<p>\u00c0 la communaut\u00e9 internationale :<\/p>\n<ul>\n<li>Condamner fermement ces actes et activer une diplomatie au pr\u00e8s des autorit\u00e9s ;<\/li>\n<li>Soutenir les familles des disparus dans leur qu\u00eate de survie, de v\u00e9rit\u00e9 et de justice.<\/li>\n<li>Activer les m\u00e9canismes internationaux de protection des droits humains, notamment ceux des Nations Unies.<\/li>\n<\/ul>\n<p>&nbsp;<\/p>\n<p>\u00c0 la soci\u00e9t\u00e9 civile et aux m\u00e9dias :<\/p>\n<ul>\n<li>Agir ensemble pour prot\u00e9ger les libert\u00e9s fondamentales et soutenir tous les d\u00e9fenseurs des droits de l\u2019homme sans exception.<\/li>\n<\/ul>\n<p>&nbsp;<\/p>\n<p>Au-del\u00e0 de l\u2019\u00e9motion et de l\u2019indignation l\u00e9gitime que suscitent ces disparitions, il est urgent que tous les acteurs sociopolitiques guin\u00e9ens fassent preuve de responsabilit\u00e9, de retenue et de lucidit\u00e9. La Guin\u00e9e a d\u00e9j\u00e0 trop souffert de crises, de divisions et d\u2019injustices. Il est temps d\u2019engager un v\u00e9ritable sursaut collectif.<\/p>\n<p>Je lance un appel solennel \u00e0 toutes les forces vives \u00e0 \u0153uvrer\u00a0 ensemble \u00e0 la pr\u00e9servation de la paix, \u00e0 la promotion de l\u2019entente et \u00e0 la consolidation de l\u2019harmonie sociale.<\/p>\n<p>Le vivre-ensemble ne se d\u00e9cr\u00e8te pas, il se construit chaque jour, par le respect des droits de chacun, par la reconnaissance de la dignit\u00e9 humaine, et par la mise en place d\u2019un dialogue inclusif et sinc\u00e8re. C\u2019est \u00e0 ce prix que nous pourrons \u00e9viter le cycle de violence et offrir aux g\u00e9n\u00e9rations futures une Guin\u00e9e libre, juste et fraternelle.<\/p>\n<p>Alpha BAYO<\/p>\n<p>Acteur de la soci\u00e9t\u00e9 Civile<\/p>\n<p>D\u00e9fenseur des Droits de l\u2019Homme<\/p>\n<p>Dakar le 09 Juillet 2025<\/p>\n<p>&nbsp;<\/p>\n","protected":false},"excerpt":{"rendered":"<p>La nuit du silence et de la peur continue de s\u2019\u00e9paissir en Guin\u00e9e, alors que des figures embl\u00e9matiques de la soci\u00e9t\u00e9 civile, Oumar Sylla alias Fonik\u00e9 Mengu\u00e8 et Billo Bah, demeurent introuvables depuis leur enl\u00e8vement dans des circonstances troubles et alarmantes. Ces disparitions ne sont pas seulement des violations des droits humains fondamentaux, elles sont [&hellip;]<\/p>\n","protected":false},"author":2,"featured_media":36385,"comment_status":"open","ping_status":"closed","sticky":false,"template":"","format":"standard","meta":{"buzzeditor_post_format":"","footnotes":""},"categories":[42],"tags":[],"class_list":["post-36384","post","type-post","status-publish","format-standard","has-post-thumbnail","hentry","category-news"],"jetpack_featured_media_url":"https:\/\/guineechrono.com\/wp-content\/uploads\/2025\/07\/bayo-alpha.jpg","amp_enabled":true,"_links":{"self":[{"href":"https:\/\/guineechrono.com\/index.php\/wp-json\/wp\/v2\/posts\/36384","targetHints":{"allow":["GET"]}}],"collection":[{"href":"https:\/\/guineechrono.com\/index.php\/wp-json\/wp\/v2\/posts"}],"about":[{"href":"https:\/\/guineechrono.com\/index.php\/wp-json\/wp\/v2\/types\/post"}],"author":[{"embeddable":true,"href":"https:\/\/guineechrono.com\/index.php\/wp-json\/wp\/v2\/users\/2"}],"replies":[{"embeddable":true,"href":"https:\/\/guineechrono.com\/index.php\/wp-json\/wp\/v2\/comments?post=36384"}],"version-history":[{"count":1,"href":"https:\/\/guineechrono.com\/index.php\/wp-json\/wp\/v2\/posts\/36384\/revisions"}],"predecessor-version":[{"id":36386,"href":"https:\/\/guineechrono.com\/index.php\/wp-json\/wp\/v2\/posts\/36384\/revisions\/36386"}],"wp:featuredmedia":[{"embeddable":true,"href":"https:\/\/guineechrono.com\/index.php\/wp-json\/wp\/v2\/media\/36385"}],"wp:attachment":[{"href":"https:\/\/guineechrono.com\/index.php\/wp-json\/wp\/v2\/media?parent=36384"}],"wp:term":[{"taxonomy":"category","embeddable":true,"href":"https:\/\/guineechrono.com\/index.php\/wp-json\/wp\/v2\/categories?post=36384"},{"taxonomy":"post_tag","embeddable":true,"href":"https:\/\/guineechrono.com\/index.php\/wp-json\/wp\/v2\/tags?post=36384"}],"curies":[{"name":"wp","href":"https:\/\/api.w.org\/{rel}","templated":true}]}}