{"id":36413,"date":"2025-07-11T23:01:37","date_gmt":"2025-07-11T22:01:37","guid":{"rendered":"https:\/\/guineechrono.com\/?p=36413"},"modified":"2025-07-11T23:19:24","modified_gmt":"2025-07-11T22:19:24","slug":"visite-detat-historique-chez-joseprod-lengagement-presidentiel-envers-lindustrie-culturelle-guineenne-mis-en-lumiere","status":"publish","type":"post","link":"https:\/\/guineechrono.com\/index.php\/visite-detat-historique-chez-joseprod-lengagement-presidentiel-envers-lindustrie-culturelle-guineenne-mis-en-lumiere\/","title":{"rendered":"Visite d\u2019\u00c9tat historique chez Joseprod : L\u2019engagement pr\u00e9sidentiel envers l\u2019industrie culturelle guin\u00e9enne mis en lumi\u00e8re"},"content":{"rendered":"<p><b>Visite d\u2019\u00c9tat historique chez Joseprod : L\u2019engagement pr\u00e9sidentiel envers l\u2019industrie culturelle guin\u00e9enne mis en lumi\u00e8re.<\/b><\/p>\n<p>Ce vendredi 11 juillet 2025, la maison de production audiovisuelle, de communication et \u00e9v\u00e9nementielle Joseprod a eu l\u2019insigne honneur d\u2019accueillir une d\u00e9l\u00e9gation gouvernementale de tr\u00e8s haut niveau, marquant un moment d\u00e9cisif pour l\u2019industrie culturelle guin\u00e9enne. Cette visite souligne l\u2019engagement ferme de l\u2019\u00c9tat \u00e0 soutenir et \u00e0 d\u00e9velopper le secteur culturel, un pilier du Programme de D\u00e9veloppement Simandou 2040 initi\u00e9 par <b>le Pr\u00e9sident de la R\u00e9publique, le G\u00e9n\u00e9ral Mamadi Doumbouya<\/b>.<\/p>\n<p><a href=\"https:\/\/guineechrono.com\/wp-content\/uploads\/2025\/07\/IMG-20250711-WA0022-768x512-1.jpg\"><img fetchpriority=\"high\" decoding=\"async\" class=\"alignleft size-medium wp-image-36414\" src=\"https:\/\/guineechrono.com\/wp-content\/uploads\/2025\/07\/IMG-20250711-WA0022-768x512-1-300x200.jpg\" alt=\"\" width=\"300\" height=\"200\" srcset=\"https:\/\/guineechrono.com\/wp-content\/uploads\/2025\/07\/IMG-20250711-WA0022-768x512-1-300x200.jpg 300w, https:\/\/guineechrono.com\/wp-content\/uploads\/2025\/07\/IMG-20250711-WA0022-768x512-1-696x464.jpg 696w, https:\/\/guineechrono.com\/wp-content\/uploads\/2025\/07\/IMG-20250711-WA0022-768x512-1-630x420.jpg 630w, https:\/\/guineechrono.com\/wp-content\/uploads\/2025\/07\/IMG-20250711-WA0022-768x512-1.jpg 768w\" sizes=\"(max-width: 300px) 100vw, 300px\" \/><\/a><\/p>\n<p>La d\u00e9l\u00e9gation \u00e9tait compos\u00e9e de personnalit\u00e9s influentes, t\u00e9moignant de l\u2019importance accord\u00e9e \u00e0 cette rencontre :<br \/>\n<b>Le G\u00e9n\u00e9ral Amara Camara<\/b>, Ministre Secr\u00e9taire G\u00e9n\u00e9ral de la Pr\u00e9sidence, figure cl\u00e9 de l\u2019administration pr\u00e9sidentielle.<\/p>\n<p><b>Monsieur Djiba Diakit\u00e9,<\/b>\u00a0Ministre Directeur de Cabinet de la Pr\u00e9sidence, dont la pr\u00e9sence souligne la volont\u00e9 pr\u00e9sidentielle.<\/p>\n<p><b>Monsieur Mahamadou Abdoulaye Diallo, <\/b>Ministre des Infrastructures et des Travaux Publics, indiquant l\u2019int\u00e9r\u00eat pour les infrastructures de soutien \u00e0 la culture.<\/p>\n<p>Ces \u00e9minents repr\u00e9sentants de l\u2019\u00c9tat ont eu l\u2019opportunit\u00e9 de s\u2019immerger dans l\u2019univers de Joseprod, d\u00e9couvrant avec un vif int\u00e9r\u00eat ses installations de pointe, ses \u00e9quipes dynamiques et son impressionnant portefeuille de r\u00e9alisations audiovisuelles et \u00e9v\u00e9nementielles en Guin\u00e9e. Ils ont unanimement salu\u00e9 le professionnalisme exemplaire de l\u2019agence, reconnaissant son r\u00f4le crucial dans la structuration et la professionnalisation de l\u2019industrie culturelle guin\u00e9enne.<br \/>\nJose prod c\u2019est 50 emplois directs et plus de 150 emplois indirects \u00e0 travers ses branches logistique \u00c9vent et les Studios MoryDjeli.<\/p>\n<p><a href=\"https:\/\/guineechrono.com\/wp-content\/uploads\/2025\/07\/IMG-20250711-WA0024-768x512-1.jpg\"><img decoding=\"async\" class=\"alignleft size-medium wp-image-36415\" src=\"https:\/\/guineechrono.com\/wp-content\/uploads\/2025\/07\/IMG-20250711-WA0024-768x512-1-300x200.jpg\" alt=\"\" width=\"300\" height=\"200\" srcset=\"https:\/\/guineechrono.com\/wp-content\/uploads\/2025\/07\/IMG-20250711-WA0024-768x512-1-300x200.jpg 300w, https:\/\/guineechrono.com\/wp-content\/uploads\/2025\/07\/IMG-20250711-WA0024-768x512-1-696x464.jpg 696w, https:\/\/guineechrono.com\/wp-content\/uploads\/2025\/07\/IMG-20250711-WA0024-768x512-1-630x420.jpg 630w, https:\/\/guineechrono.com\/wp-content\/uploads\/2025\/07\/IMG-20250711-WA0024-768x512-1.jpg 768w\" sizes=\"(max-width: 300px) 100vw, 300px\" \/><\/a><\/p>\n<p>Joseprod repositionne le secteur de l\u2019\u00e9v\u00e9nementiel guin\u00e9en avec des investissements de qualit\u00e9 en chapiteaux mobiles de plus de 10.000m2, sonorisation, \u00e9crans et lumi\u00e8res\u2026<\/p>\n<p>Cette visite s\u2019inscrit pleinement dans la vision du Pr\u00e9sident de la R\u00e9publique, G\u00e9n\u00e9ral Mamadi Doumbouya, qui a \u00e9rig\u00e9 la culture, la jeunesse et l\u2019innovation en priorit\u00e9s strat\u00e9giques nationales. L\u2019objectif est clair : forger une Guin\u00e9e plus cr\u00e9ative, plus ind\u00e9pendante et dont le rayonnement culturel s\u2019\u00e9tend bien au-del\u00e0 de ses fronti\u00e8res.<\/p>\n<p><a href=\"https:\/\/guineechrono.com\/wp-content\/uploads\/2025\/07\/IMG-20250711-WA0025-768x628-1.jpg\"><img decoding=\"async\" class=\"alignleft size-medium wp-image-36416\" src=\"https:\/\/guineechrono.com\/wp-content\/uploads\/2025\/07\/IMG-20250711-WA0025-768x628-1-300x245.jpg\" alt=\"\" width=\"300\" height=\"245\" srcset=\"https:\/\/guineechrono.com\/wp-content\/uploads\/2025\/07\/IMG-20250711-WA0025-768x628-1-300x245.jpg 300w, https:\/\/guineechrono.com\/wp-content\/uploads\/2025\/07\/IMG-20250711-WA0025-768x628-1-696x569.jpg 696w, https:\/\/guineechrono.com\/wp-content\/uploads\/2025\/07\/IMG-20250711-WA0025-768x628-1-514x420.jpg 514w, https:\/\/guineechrono.com\/wp-content\/uploads\/2025\/07\/IMG-20250711-WA0025-768x628-1.jpg 768w\" sizes=\"(max-width: 300px) 100vw, 300px\" \/><\/a><\/p>\n<p>Joseprod, fid\u00e8le \u00e0 sa devise \u00ab Oser produire \u00bb, r\u00e9affirme avec force son engagement ind\u00e9fectible \u00e0 accompagner cette vision ambitieuse. La maison de production audiovisuelle et \u00e9v\u00e9nementielle continuera d\u2019\u0153uvrer pour l\u2019\u00e9mergence d\u2019une sc\u00e8ne culturelle guin\u00e9enne robuste et influente, contribuant activement au d\u00e9veloppement socio-\u00e9conomique du pays.<\/p>\n<p>La maison Joseprod a adress\u00e9 ses sinc\u00e8res remerciements \u00e0 la d\u00e9l\u00e9gation pr\u00e9sidentielle pour cette visite exceptionnelle, leur engagement et leur soutien ind\u00e9fectible \u00e0 la promotion du contenu local.<\/p>\n<div style=\"width: 1280px;\" class=\"wp-video\"><!--[if lt IE 9]><script>document.createElement('video');<\/script><![endif]-->\n<video class=\"wp-video-shortcode\" id=\"video-36413-1\" width=\"1280\" height=\"720\" preload=\"metadata\" controls=\"controls\"><source type=\"video\/mp4\" src=\"https:\/\/guineechrono.com\/wp-content\/uploads\/2025\/07\/Joseprod-20250711-WA0029-1.mp4?_=1\" \/><a href=\"https:\/\/guineechrono.com\/wp-content\/uploads\/2025\/07\/Joseprod-20250711-WA0029-1.mp4\">https:\/\/guineechrono.com\/wp-content\/uploads\/2025\/07\/Joseprod-20250711-WA0029-1.mp4<\/a><\/video><\/div>\n<p><b>Contact Joseprod :<\/b><br \/>\n<b>Email<\/b>\u00a0: contact@joseprod.com<br \/>\n<b>T\u00e9l\u00e9phone<\/b>\u00a0: +224 666 29 11 22<br \/>\n<b>Agence de communication, de production audiovisuelle et \u00e9v\u00e9nementielle.<\/b><br \/>\n<!--\/data\/user\/0\/com.samsung.android.app.notes\/files\/clipdata\/clipdata_bodytext_250711_215305_140.sdocx--><\/p>\n","protected":false},"excerpt":{"rendered":"<p>Visite d\u2019\u00c9tat historique chez Joseprod : L\u2019engagement pr\u00e9sidentiel envers l\u2019industrie culturelle guin\u00e9enne mis en lumi\u00e8re. Ce vendredi 11 juillet 2025, la maison de production audiovisuelle, de communication et \u00e9v\u00e9nementielle Joseprod a eu l\u2019insigne honneur d\u2019accueillir une d\u00e9l\u00e9gation gouvernementale de tr\u00e8s haut niveau, marquant un moment d\u00e9cisif pour l\u2019industrie culturelle guin\u00e9enne. Cette visite souligne l\u2019engagement ferme [&hellip;]<\/p>\n","protected":false},"author":2,"featured_media":36417,"comment_status":"open","ping_status":"closed","sticky":false,"template":"","format":"standard","meta":{"buzzeditor_post_format":"","footnotes":""},"categories":[47,2,42],"tags":[],"class_list":["post-36413","post","type-post","status-publish","format-standard","has-post-thumbnail","hentry","category-culture","category-featured","category-news"],"jetpack_featured_media_url":"https:\/\/guineechrono.com\/wp-content\/uploads\/2025\/07\/IMG-20250711-WA0023-768x512-1.jpg","amp_enabled":true,"_links":{"self":[{"href":"https:\/\/guineechrono.com\/index.php\/wp-json\/wp\/v2\/posts\/36413","targetHints":{"allow":["GET"]}}],"collection":[{"href":"https:\/\/guineechrono.com\/index.php\/wp-json\/wp\/v2\/posts"}],"about":[{"href":"https:\/\/guineechrono.com\/index.php\/wp-json\/wp\/v2\/types\/post"}],"author":[{"embeddable":true,"href":"https:\/\/guineechrono.com\/index.php\/wp-json\/wp\/v2\/users\/2"}],"replies":[{"embeddable":true,"href":"https:\/\/guineechrono.com\/index.php\/wp-json\/wp\/v2\/comments?post=36413"}],"version-history":[{"count":3,"href":"https:\/\/guineechrono.com\/index.php\/wp-json\/wp\/v2\/posts\/36413\/revisions"}],"predecessor-version":[{"id":36421,"href":"https:\/\/guineechrono.com\/index.php\/wp-json\/wp\/v2\/posts\/36413\/revisions\/36421"}],"wp:featuredmedia":[{"embeddable":true,"href":"https:\/\/guineechrono.com\/index.php\/wp-json\/wp\/v2\/media\/36417"}],"wp:attachment":[{"href":"https:\/\/guineechrono.com\/index.php\/wp-json\/wp\/v2\/media?parent=36413"}],"wp:term":[{"taxonomy":"category","embeddable":true,"href":"https:\/\/guineechrono.com\/index.php\/wp-json\/wp\/v2\/categories?post=36413"},{"taxonomy":"post_tag","embeddable":true,"href":"https:\/\/guineechrono.com\/index.php\/wp-json\/wp\/v2\/tags?post=36413"}],"curies":[{"name":"wp","href":"https:\/\/api.w.org\/{rel}","templated":true}]}}