{"id":36440,"date":"2025-07-14T15:46:52","date_gmt":"2025-07-14T14:46:52","guid":{"rendered":"https:\/\/guineechrono.com\/?p=36440"},"modified":"2025-07-14T15:46:52","modified_gmt":"2025-07-14T14:46:52","slug":"amara-dabo-un-cadre-chevronne-a-la-tete-de-la-direction-des-affaires-administratives-et-financieres-du-medd","status":"publish","type":"post","link":"https:\/\/guineechrono.com\/index.php\/amara-dabo-un-cadre-chevronne-a-la-tete-de-la-direction-des-affaires-administratives-et-financieres-du-medd\/","title":{"rendered":"Amara Dabo, un cadre chevronn\u00e9 \u00e0 la t\u00eate de la Direction des Affaires Administratives et Financi\u00e8res du MEDD"},"content":{"rendered":"<p><strong>Tout r\u00e9cemment nomm\u00e9 \u00e0 la t\u00eate de la Direction des Affaires Administratives et Financi\u00e8res du Minist\u00e8re de l\u2019Environnement et du D\u00e9veloppement Durable (MEDD), Amara Dabo suscite de grandes attentes. <\/strong><\/p>\n<p>Cependant, ceux qui connaissent son parcours saluent sa rigueur, son professionnalisme et son efficacit\u00e9 dans les diff\u00e9rents services qu\u2019il a d\u00e9j\u00e0 dirig\u00e9s. Des qualit\u00e9s qui ne laissent aucun doute sur sa capacit\u00e9 \u00e0 relever ce nouveau d\u00e9fi.<\/p>\n<p>Fort de son exp\u00e9rience, il saura pleinement accompagner Madame la Ministre Djami Diallo dans la mise en \u0153uvre de sa vision et dans l\u2019atteinte des objectifs strat\u00e9giques du minist\u00e8re. Son sens de l\u2019organisation et sa ma\u00eetrise des enjeux administratifs et financiers constituent un atout certain pour renforcer l\u2019action du MEDD au service du d\u00e9veloppement durable.<\/p>\n<p><strong>Amadou Labaya Camara <\/strong><br \/>\n<strong>624 85 46 56<\/strong><\/p>\n","protected":false},"excerpt":{"rendered":"<p>Tout r\u00e9cemment nomm\u00e9 \u00e0 la t\u00eate de la Direction des Affaires Administratives et Financi\u00e8res du Minist\u00e8re de l\u2019Environnement et du D\u00e9veloppement Durable (MEDD), Amara Dabo suscite de grandes attentes. Cependant, ceux qui connaissent son parcours saluent sa rigueur, son professionnalisme et son efficacit\u00e9 dans les diff\u00e9rents services qu\u2019il a d\u00e9j\u00e0 dirig\u00e9s. Des qualit\u00e9s qui ne [&hellip;]<\/p>\n","protected":false},"author":2,"featured_media":36441,"comment_status":"open","ping_status":"closed","sticky":false,"template":"","format":"standard","meta":{"buzzeditor_post_format":"","footnotes":""},"categories":[2,42],"tags":[],"class_list":["post-36440","post","type-post","status-publish","format-standard","has-post-thumbnail","hentry","category-featured","category-news"],"jetpack_featured_media_url":"https:\/\/guineechrono.com\/wp-content\/uploads\/2025\/07\/IMG-20250714-WA0052.jpg","amp_enabled":true,"_links":{"self":[{"href":"https:\/\/guineechrono.com\/index.php\/wp-json\/wp\/v2\/posts\/36440","targetHints":{"allow":["GET"]}}],"collection":[{"href":"https:\/\/guineechrono.com\/index.php\/wp-json\/wp\/v2\/posts"}],"about":[{"href":"https:\/\/guineechrono.com\/index.php\/wp-json\/wp\/v2\/types\/post"}],"author":[{"embeddable":true,"href":"https:\/\/guineechrono.com\/index.php\/wp-json\/wp\/v2\/users\/2"}],"replies":[{"embeddable":true,"href":"https:\/\/guineechrono.com\/index.php\/wp-json\/wp\/v2\/comments?post=36440"}],"version-history":[{"count":1,"href":"https:\/\/guineechrono.com\/index.php\/wp-json\/wp\/v2\/posts\/36440\/revisions"}],"predecessor-version":[{"id":36442,"href":"https:\/\/guineechrono.com\/index.php\/wp-json\/wp\/v2\/posts\/36440\/revisions\/36442"}],"wp:featuredmedia":[{"embeddable":true,"href":"https:\/\/guineechrono.com\/index.php\/wp-json\/wp\/v2\/media\/36441"}],"wp:attachment":[{"href":"https:\/\/guineechrono.com\/index.php\/wp-json\/wp\/v2\/media?parent=36440"}],"wp:term":[{"taxonomy":"category","embeddable":true,"href":"https:\/\/guineechrono.com\/index.php\/wp-json\/wp\/v2\/categories?post=36440"},{"taxonomy":"post_tag","embeddable":true,"href":"https:\/\/guineechrono.com\/index.php\/wp-json\/wp\/v2\/tags?post=36440"}],"curies":[{"name":"wp","href":"https:\/\/api.w.org\/{rel}","templated":true}]}}