{"id":36484,"date":"2025-07-19T18:02:58","date_gmt":"2025-07-19T17:02:58","guid":{"rendered":"https:\/\/guineechrono.com\/?p=36484"},"modified":"2025-07-19T18:50:46","modified_gmt":"2025-07-19T17:50:46","slug":"crise-a-lisfad-les-etudiants-de-2023-reclament-leurs-diplomes-menacent-de-manifester","status":"publish","type":"post","link":"https:\/\/guineechrono.com\/index.php\/crise-a-lisfad-les-etudiants-de-2023-reclament-leurs-diplomes-menacent-de-manifester\/","title":{"rendered":"Crise \u00e0 l\u2019ISFAD : les \u00e9tudiants de la promotion 2023 r\u00e9clament leurs dipl\u00f4mes, menacent de manifester"},"content":{"rendered":"<p><strong>Ce samedi 19 juillet 2025, le Collectif des \u00c9tudiants de l\u2019Institut Sup\u00e9rieur de Formation \u00e0 Distance (ISFAD) a tenu une conf\u00e9rence de presse \u00e0 la Maison de la presse de Conakry. Objectif : d\u00e9noncer le retard injustifi\u00e9 dans la remise de leurs dipl\u00f4mes, plus de deux ans apr\u00e8s la fin de leur formation.<\/strong><\/p>\n<p>Face aux journalistes, le porte-parole du collectif, Albert Siba Touama Gu\u00e9mou, a exprim\u00e9 l\u2019amertume et la frustration des \u00e9tudiants :<\/p>\n<p>\u00ab L\u2019ISFAD a \u00e9t\u00e9 cr\u00e9\u00e9 en 2004 pour permettre aux cadres en activit\u00e9 et aux \u00e9tudiants de suivre des cours \u00e0 distance. Nous avons rempli toutes les conditions : suivi les cours, valid\u00e9 les mati\u00e8res, et soutenu nos m\u00e9moires. Pourtant, depuis la fin de notre formation en 2023, nous n\u2019avons re\u00e7u aucun dipl\u00f4me. \u00bb<\/p>\n<p>Selon lui, cette situation emp\u00eache les dipl\u00f4m\u00e9s d\u2019acc\u00e9der au march\u00e9 du travail ou de poursuivre leurs \u00e9tudes sup\u00e9rieures.<\/p>\n<p>\u00ab Dans le monde professionnel, on nous refuse l\u2019acc\u00e8s parce que nous n\u2019avons pas de dipl\u00f4me. M\u00eame les attestations de fin de formation d\u00e9livr\u00e9es par l\u2019ISFAD, d\u00fbment l\u00e9galis\u00e9es, ne sont pas accept\u00e9es dans les concours ou les universit\u00e9s. \u00bb<\/p>\n<p>Le collectif affirme avoir men\u00e9 de nombreuses d\u00e9marches aupr\u00e8s de la direction de l\u2019ISFAD, du minist\u00e8re de l\u2019Enseignement sup\u00e9rieur et d\u2019autres autorit\u00e9s concern\u00e9es, sans succ\u00e8s. Pire, ils d\u00e9noncent l\u2019attitude de la directrice g\u00e9n\u00e9rale de l\u2019ISFAD, jug\u00e9e \u00ab hostile et m\u00e9prisante \u00bb \u00e0 leur \u00e9gard.<\/p>\n<p>L\u2019un des points de tension \u00e9voqu\u00e9s par la direction serait la pr\u00e9sence de fausses attestations de baccalaur\u00e9at parmi les dossiers. Une accusation que les \u00e9tudiants jugent collective et injuste :<\/p>\n<p>\u00ab On ne peut pas bloquer toute une promotion pour des cas isol\u00e9s. Nous demandons une enqu\u00eate administrative, mais aussi que les autres \u00e9tudiants, qui sont en r\u00e8gle, obtiennent leurs dipl\u00f4mes sans d\u00e9lai. \u00bb<\/p>\n<p>Tr\u00e8s remont\u00e9s, Mr Bah, membres du collectif lancent un ultimatum aux autorit\u00e9s.<\/p>\n<p>\u00ab Si les dipl\u00f4mes ne sont pas remis d\u2019ici la fin du mois d\u2019ao\u00fbt, nous organiserons des manifestations pacifiques devant les directions de l\u2019ISFAD \u00e0 Conakry et \u00e0 l\u2019int\u00e9rieur du pays. \u00bb<\/p>\n<p>Le collectif appelle \u00e9galement \u00e0 la mobilisation de tous les \u00e9tudiants de l\u2019ISFAD, qu\u2019ils soient dipl\u00f4m\u00e9s ou encore en formation, estimant que \u00ab l\u2019injustice d\u2019aujourd\u2019hui pourrait devenir leur r\u00e9alit\u00e9 de demain. \u00bb<\/p>\n<p>\u00ab Ce que nous demandons n\u2019est pas un privil\u00e8ge, mais un droit. Ces dipl\u00f4mes, c\u2019est notre avenir, notre carri\u00e8re. Trop, c\u2019est trop. Deux ans d\u2019attente, c\u2019est inacceptable. \u00bb<\/p>\n<p>En attendant une r\u00e9ponse concr\u00e8te des autorit\u00e9s, le Collectif reste ouvert au dialogue, mais exige des actes urgents et responsables.<\/p>\n<p>&nbsp;<\/p>\n<p><strong>Bolokada Sano<\/strong><\/p>\n<p><strong>626641732<\/strong><\/p>\n","protected":false},"excerpt":{"rendered":"<p>Ce samedi 19 juillet 2025, le Collectif des \u00c9tudiants de l\u2019Institut Sup\u00e9rieur de Formation \u00e0 Distance (ISFAD) a tenu une conf\u00e9rence de presse \u00e0 la Maison de la presse de Conakry. Objectif : d\u00e9noncer le retard injustifi\u00e9 dans la remise de leurs dipl\u00f4mes, plus de deux ans apr\u00e8s la fin de leur formation. Face aux [&hellip;]<\/p>\n","protected":false},"author":2,"featured_media":36485,"comment_status":"open","ping_status":"closed","sticky":false,"template":"","format":"standard","meta":{"buzzeditor_post_format":"","footnotes":""},"categories":[2,42],"tags":[],"class_list":["post-36484","post","type-post","status-publish","format-standard","has-post-thumbnail","hentry","category-featured","category-news"],"jetpack_featured_media_url":"https:\/\/guineechrono.com\/wp-content\/uploads\/2025\/07\/20250719_150511.jpg","amp_enabled":true,"_links":{"self":[{"href":"https:\/\/guineechrono.com\/index.php\/wp-json\/wp\/v2\/posts\/36484","targetHints":{"allow":["GET"]}}],"collection":[{"href":"https:\/\/guineechrono.com\/index.php\/wp-json\/wp\/v2\/posts"}],"about":[{"href":"https:\/\/guineechrono.com\/index.php\/wp-json\/wp\/v2\/types\/post"}],"author":[{"embeddable":true,"href":"https:\/\/guineechrono.com\/index.php\/wp-json\/wp\/v2\/users\/2"}],"replies":[{"embeddable":true,"href":"https:\/\/guineechrono.com\/index.php\/wp-json\/wp\/v2\/comments?post=36484"}],"version-history":[{"count":4,"href":"https:\/\/guineechrono.com\/index.php\/wp-json\/wp\/v2\/posts\/36484\/revisions"}],"predecessor-version":[{"id":36494,"href":"https:\/\/guineechrono.com\/index.php\/wp-json\/wp\/v2\/posts\/36484\/revisions\/36494"}],"wp:featuredmedia":[{"embeddable":true,"href":"https:\/\/guineechrono.com\/index.php\/wp-json\/wp\/v2\/media\/36485"}],"wp:attachment":[{"href":"https:\/\/guineechrono.com\/index.php\/wp-json\/wp\/v2\/media?parent=36484"}],"wp:term":[{"taxonomy":"category","embeddable":true,"href":"https:\/\/guineechrono.com\/index.php\/wp-json\/wp\/v2\/categories?post=36484"},{"taxonomy":"post_tag","embeddable":true,"href":"https:\/\/guineechrono.com\/index.php\/wp-json\/wp\/v2\/tags?post=36484"}],"curies":[{"name":"wp","href":"https:\/\/api.w.org\/{rel}","templated":true}]}}