{"id":36495,"date":"2025-07-19T19:44:02","date_gmt":"2025-07-19T18:44:02","guid":{"rendered":"https:\/\/guineechrono.com\/?p=36495"},"modified":"2025-07-19T19:44:02","modified_gmt":"2025-07-19T18:44:02","slug":"proposition-pour-un-portefeuille-ministeriel-lhonorable-cheick-traore-un-atout-majeur-pour-la-guinee","status":"publish","type":"post","link":"https:\/\/guineechrono.com\/index.php\/proposition-pour-un-portefeuille-ministeriel-lhonorable-cheick-traore-un-atout-majeur-pour-la-guinee\/","title":{"rendered":"Proposition pour un portefeuille minist\u00e9riel : L\u2019Honorable Cheick Traor\u00e9, un atout majeur pour la Guin\u00e9e"},"content":{"rendered":"<p>La Guin\u00e9e se trouve \u00e0 un carrefour crucial de son d\u00e9veloppement, exigeant des leaders visionnaires et int\u00e8gres pour b\u00e2tir un avenir prosp\u00e8re. Dans ce contexte, la nomination de Cheick Traor\u00e9 \u00e0 la t\u00eate d\u2019un d\u00e9partement minist\u00e9riel en R\u00e9publique de Guin\u00e9e serait une d\u00e9cision strat\u00e9gique. Il insufflerait un dynamisme nouveau et une rigueur indispensable \u00e0 la gestion des affaires publiques.<\/p>\n<p>Ancien sous-pr\u00e9fet de Kassa, commune qu\u2019il a contribu\u00e9 \u00e0 transformer, Cheick Traor\u00e9 poss\u00e8de une exp\u00e9rience av\u00e9r\u00e9e et une connaissance approfondie de la gestion publique. Sa carri\u00e8re est marqu\u00e9e par une exigence de transparence et une lutte acharn\u00e9e contre la gabegie, t\u00e9moignant d\u2019un engagement ind\u00e9fectible pour l\u2019int\u00e9r\u00eat g\u00e9n\u00e9ral. Sous sa direction, Kassa a connu des avanc\u00e9es significatives, renfor\u00e7ant la confiance des partenaires et assainissant les pratiques.<\/p>\n<p>Comp\u00e9tences techniques et vision \u00e9conomique.<\/p>\n<p>Ses comp\u00e9tences techniques sont ind\u00e9niables. Sa capacit\u00e9 \u00e0 analyser des situations complexes, \u00e0 identifier les d\u00e9fis et \u00e0 proposer des solutions pragmatiques serait un atout majeur pour tout d\u00e9partement minist\u00e9riel. Un tel d\u00e9partement pourrait servir de tremplin pour attirer les investissements et cr\u00e9er des emplois, vitaux pour le d\u00e9veloppement \u00e9conomique du pays.<\/p>\n<p>Au-del\u00e0 de ses capacit\u00e9s intellectuelles remarquables, il incarne les valeurs d\u2019int\u00e9grit\u00e9, de rigueur et de d\u00e9vouement. Sa probit\u00e9 n\u2019a jamais \u00e9t\u00e9 remise en question, un atout pr\u00e9cieux dans un environnement o\u00f9 la confiance est primordiale. Sa nomination enverrait un signal fort, tant au niveau national qu\u2019international, de la volont\u00e9 de la Guin\u00e9e d\u2019opter pour une gouvernance exemplaire et ax\u00e9e sur la performance.<\/p>\n<p>Confier un portefeuille minist\u00e9riel \u00e0 Cheick Traor\u00e9, c\u2019est choisir un homme de terrain, un r\u00e9formateur et un b\u00e2tisseur. C\u2019est donner \u00e0 la Guin\u00e9e les moyens de ses ambitions, en s\u2019appuyant sur une expertise reconnue et une \u00e9thique irr\u00e9prochable.<\/p>\n<p>La Guin\u00e9e a besoin de leaders de la trempe de l\u2019Honorable Cheick Traor\u00e9. Sa nomination serait une \u00e9tape d\u00e9cisive vers une gestion plus saine et plus efficace, au b\u00e9n\u00e9fice de tous les Guin\u00e9ens.<\/p>\n<p><strong>Un texte des Jeunes Leaders Engag\u00e9s pour la R\u00e9ussite de la Transition \u00ab\u00a0AJLERT\u00a0\u00bb<\/strong><\/p>\n<p>&nbsp;<\/p>\n","protected":false},"excerpt":{"rendered":"<p>La Guin\u00e9e se trouve \u00e0 un carrefour crucial de son d\u00e9veloppement, exigeant des leaders visionnaires et int\u00e8gres pour b\u00e2tir un avenir prosp\u00e8re. Dans ce contexte, la nomination de Cheick Traor\u00e9 \u00e0 la t\u00eate d\u2019un d\u00e9partement minist\u00e9riel en R\u00e9publique de Guin\u00e9e serait une d\u00e9cision strat\u00e9gique. Il insufflerait un dynamisme nouveau et une rigueur indispensable \u00e0 la [&hellip;]<\/p>\n","protected":false},"author":2,"featured_media":36496,"comment_status":"open","ping_status":"closed","sticky":false,"template":"","format":"standard","meta":{"buzzeditor_post_format":"","footnotes":""},"categories":[42],"tags":[],"class_list":["post-36495","post","type-post","status-publish","format-standard","has-post-thumbnail","hentry","category-news"],"jetpack_featured_media_url":"https:\/\/guineechrono.com\/wp-content\/uploads\/2025\/07\/IMG-20250719-WA0043.jpg","amp_enabled":true,"_links":{"self":[{"href":"https:\/\/guineechrono.com\/index.php\/wp-json\/wp\/v2\/posts\/36495","targetHints":{"allow":["GET"]}}],"collection":[{"href":"https:\/\/guineechrono.com\/index.php\/wp-json\/wp\/v2\/posts"}],"about":[{"href":"https:\/\/guineechrono.com\/index.php\/wp-json\/wp\/v2\/types\/post"}],"author":[{"embeddable":true,"href":"https:\/\/guineechrono.com\/index.php\/wp-json\/wp\/v2\/users\/2"}],"replies":[{"embeddable":true,"href":"https:\/\/guineechrono.com\/index.php\/wp-json\/wp\/v2\/comments?post=36495"}],"version-history":[{"count":1,"href":"https:\/\/guineechrono.com\/index.php\/wp-json\/wp\/v2\/posts\/36495\/revisions"}],"predecessor-version":[{"id":36497,"href":"https:\/\/guineechrono.com\/index.php\/wp-json\/wp\/v2\/posts\/36495\/revisions\/36497"}],"wp:featuredmedia":[{"embeddable":true,"href":"https:\/\/guineechrono.com\/index.php\/wp-json\/wp\/v2\/media\/36496"}],"wp:attachment":[{"href":"https:\/\/guineechrono.com\/index.php\/wp-json\/wp\/v2\/media?parent=36495"}],"wp:term":[{"taxonomy":"category","embeddable":true,"href":"https:\/\/guineechrono.com\/index.php\/wp-json\/wp\/v2\/categories?post=36495"},{"taxonomy":"post_tag","embeddable":true,"href":"https:\/\/guineechrono.com\/index.php\/wp-json\/wp\/v2\/tags?post=36495"}],"curies":[{"name":"wp","href":"https:\/\/api.w.org\/{rel}","templated":true}]}}