{"id":3650,"date":"2019-04-09T16:30:41","date_gmt":"2019-04-09T15:30:41","guid":{"rendered":"http:\/\/guineechrono.com\/?p=3650"},"modified":"2020-05-19T16:34:41","modified_gmt":"2020-05-19T15:34:41","slug":"algerie-abdelkader-bensalah-president-par-interim-malgre-lopposition-de-la-rue","status":"publish","type":"post","link":"https:\/\/guineechrono.com\/index.php\/algerie-abdelkader-bensalah-president-par-interim-malgre-lopposition-de-la-rue\/","title":{"rendered":"Alg\u00e9rie: Abdelkader Bensalah pr\u00e9sident par int\u00e9rim malgr\u00e9 l&rsquo;opposition de la rue"},"content":{"rendered":"<p><strong>Une semaine jour pour jour apr\u00e8s la d\u00e9mission d\u2019Abdelaziz Bouteflika, le Parlement alg\u00e9rien officialise la vacance d\u00e9finitive du pouvoir. \u00c0 ce titre, conform\u00e9ment \u00e0 la Constitution, le pr\u00e9sident du Conseil de la nation, la chambre haute alg\u00e9rienne, a \u00e9t\u00e9 nomm\u00e9 pr\u00e9sident par int\u00e9rim du pays ce mardi 9 avril.<\/strong><\/p>\n<p>La c\u00e9r\u00e9monie de nomination d&rsquo;<a href=\"http:\/\/www.rfi.fr\/afrique\/20190403-algerie-portrait-bensalah-interim-transition-bouteflika\">Abdelkader Bensalah<strong>\u00a0<\/strong><\/a>aura \u00e9t\u00e9 exp\u00e9ditive\u00a0: une demi-heure \u00e0 peine. R\u00e9citation de quelques versets du Coran, hymne national, lecture d\u2019un communiqu\u00e9 et voil\u00e0 le pr\u00e9sident du Conseil de la nation nomm\u00e9 pr\u00e9sident par int\u00e9rim, en l&rsquo;absence de l&rsquo;opposition, qui a boycott\u00e9 la r\u00e9union du Parlement.<\/p>\n<p>Un pr\u00e9sident aux pr\u00e9rogatives limit\u00e9es. Il n\u2019a pas le droit de modifier la Constitution ni d\u2019op\u00e9rer un remaniement gouvernemental et encore moins de d\u00e9cider par d\u00e9cret.<\/p>\n<p>Un pr\u00e9sident, aussi, qui n&rsquo;a que 90 jours pour organiser une \u00e9lection pr\u00e9sidentielle. Mais, qui a bon espoir\u00a0: \u00ab\u00a0<em>Nous ferons le n\u00e9cessaire afin que cette courte p\u00e9riode, qui s\u2019ouvre devant nous, permette \u00e0 la nation d\u2019entrer dans une nouvelle \u00e8re. Une \u00e8re durant laquelle le peuple alg\u00e9rien sera ma\u00eetre de son destin. Il choisira ses futurs dirigeants en toute libert\u00e9 et d\u00e9mocratie<\/em>\u00a0\u00bb, a-t-il affirm\u00e9.<\/p>\n<p>Comme pr\u00e9vu, la rue rejette cette d\u00e9cision. Elle ne veut pas que l&rsquo;un des trois \u00ab\u00a0B\u00a0\u00bb &#8211;\u00a0avec le Premier ministre, Nourredine Bedoui et le pr\u00e9sident du Conseil constitutionnel, Tayeb Belaiz\u00a0-reste au pouvoir. En effet, avec ses cheveux gris, ses fines lunettes et son visage souvent ferm\u00e9, Abdelkader Bensalah est un fid\u00e8le d&rsquo;Abdelaziz Bouteflika, qui a servi le syst\u00e8me durant quarante ans. Journaliste dans la presse d&rsquo;\u00c9tat, cet homme discret, r\u00e9serv\u00e9, a \u00e9t\u00e9 successivement d\u00e9put\u00e9, haut fonctionnaire, puis pr\u00e9sident de l&rsquo;Assembl\u00e9e, avant d&rsquo;\u00eatre d\u00e9sign\u00e9 pr\u00e9sident du Conseil de la nation, poste qu&rsquo;il occupe depuis dix-sept ans.<\/p>\n<p>Ces derni\u00e8res ann\u00e9es, quand Abdelaziz Bouteflika ne pouvait plus se d\u00e9placer ni appara\u00eetre en public, c&rsquo;est lui qui le repr\u00e9sentait, notamment lors des grands rendez-vous diplomatiques \u00e0 l&rsquo;\u00e9tranger. Un int\u00e9rim qui ne disait pas son nom et qui p\u00e8se lourd aujourd&rsquo;hui sur son CV. D&rsquo;autant que le nouveau pr\u00e9sident par int\u00e9rim est aussi un des co-fondateurs du RND, deuxi\u00e8me parti du Parlement et alli\u00e9 indefectible de la majorit\u00e9.<\/p>\n<p>Les \u00e9tudiants ont \u00e9t\u00e9 les premiers \u00e0 se mobiliser dans le centre d&rsquo;Alger. La police a tir\u00e9 des gaz lacrymog\u00e8nes et emp\u00each\u00e9 leur rassemblement.<\/p>\n<p><strong>Rfi.fr<\/strong><\/p>\n<p>&nbsp;<\/p>\n","protected":false},"excerpt":{"rendered":"<p>Une semaine jour pour jour apr\u00e8s la d\u00e9mission d\u2019Abdelaziz Bouteflika, le Parlement alg\u00e9rien officialise la vacance d\u00e9finitive du pouvoir. \u00c0 ce titre, conform\u00e9ment \u00e0 la Constitution, le pr\u00e9sident du Conseil de la nation, la chambre haute alg\u00e9rienne, a \u00e9t\u00e9 nomm\u00e9 pr\u00e9sident par int\u00e9rim du pays ce mardi 9 avril. La c\u00e9r\u00e9monie de nomination d&rsquo;Abdelkader Bensalah\u00a0aura [&hellip;]<\/p>\n","protected":false},"author":2,"featured_media":3651,"comment_status":"open","ping_status":"closed","sticky":false,"template":"","format":"standard","meta":{"buzzeditor_post_format":"","footnotes":""},"categories":[1,43],"tags":[],"class_list":["post-3650","post","type-post","status-publish","format-standard","has-post-thumbnail","hentry","category-non-classe","category-politique"],"jetpack_featured_media_url":"https:\/\/guineechrono.com\/wp-content\/uploads\/2019\/04\/foule.jpg","amp_enabled":true,"_links":{"self":[{"href":"https:\/\/guineechrono.com\/index.php\/wp-json\/wp\/v2\/posts\/3650","targetHints":{"allow":["GET"]}}],"collection":[{"href":"https:\/\/guineechrono.com\/index.php\/wp-json\/wp\/v2\/posts"}],"about":[{"href":"https:\/\/guineechrono.com\/index.php\/wp-json\/wp\/v2\/types\/post"}],"author":[{"embeddable":true,"href":"https:\/\/guineechrono.com\/index.php\/wp-json\/wp\/v2\/users\/2"}],"replies":[{"embeddable":true,"href":"https:\/\/guineechrono.com\/index.php\/wp-json\/wp\/v2\/comments?post=3650"}],"version-history":[{"count":0,"href":"https:\/\/guineechrono.com\/index.php\/wp-json\/wp\/v2\/posts\/3650\/revisions"}],"wp:featuredmedia":[{"embeddable":true,"href":"https:\/\/guineechrono.com\/index.php\/wp-json\/wp\/v2\/media\/3651"}],"wp:attachment":[{"href":"https:\/\/guineechrono.com\/index.php\/wp-json\/wp\/v2\/media?parent=3650"}],"wp:term":[{"taxonomy":"category","embeddable":true,"href":"https:\/\/guineechrono.com\/index.php\/wp-json\/wp\/v2\/categories?post=3650"},{"taxonomy":"post_tag","embeddable":true,"href":"https:\/\/guineechrono.com\/index.php\/wp-json\/wp\/v2\/tags?post=3650"}],"curies":[{"name":"wp","href":"https:\/\/api.w.org\/{rel}","templated":true}]}}