{"id":36511,"date":"2025-07-21T17:06:58","date_gmt":"2025-07-21T16:06:58","guid":{"rendered":"https:\/\/guineechrono.com\/?p=36511"},"modified":"2025-07-21T17:38:19","modified_gmt":"2025-07-21T16:38:19","slug":"conakry-le-bureau-regional-de-labesanyi-caladeska-valide","status":"publish","type":"post","link":"https:\/\/guineechrono.com\/index.php\/conakry-le-bureau-regional-de-labesanyi-caladeska-valide\/","title":{"rendered":"Conakry : le bureau r\u00e9gional de Lab\u00e9sanyi-CALADESKA valid\u00e9"},"content":{"rendered":"<p><strong>Sous l\u2019autorit\u00e9 du Kountiguigb\u00e9 de la Basse-Guin\u00e9e, Lab\u00e9sanyi-CALADESKA a proc\u00e9d\u00e9 ce dimanche 20 juillet 2025 au stade de Bonfi \u00e0\u00a0 l&rsquo;installation officiel de son bureau r\u00e9gional. <\/strong><\/p>\n<p>Ce Bureau R\u00e9gional est compos\u00e9 \u00a0d\u2019un bureau central, un bureau des femmes et un bureau de la jeunesse.<\/p>\n<p>Prenant la parole, honorable Ibrahima Bangoura, pr\u00e9sident de Lab\u00e9sanyi-Caladeska a d\u00e9clar\u00e9 que cette datte marque une \u00e9tape importante pour les fils et filles de cette structure avant de rappeler la mission de ces bureaux. \u00abJe voudrais d\u2019ores et d\u00e9j\u00e0 vous rassurer que ces diff\u00e9rents bureaux auront pour mission de b\u00e2tir quelque chose de s\u00e9rieux et de durable. Nous attendons de l\u2019engagement, de la rigueur et de l\u2019exemplarit\u00e9. Leur t\u00e2che est lourde mais noble : porter la voix des populations, promouvoir l\u2019unit\u00e9, saisir les opportunit\u00e9s de formation et d\u2019emploi des jeunes, valoriser les m\u00e9tiers, promouvoir les femmes, pour ainsi faire de LABESANYI-CALADESKA une force constructive en faveur de la fraternit\u00e9\u00a0\u00bb.<\/p>\n<p><img fetchpriority=\"high\" decoding=\"async\" class=\"alignnone size-full wp-image-4028 td-animation-stack-type0-2\" src=\"https:\/\/ledenonciateur224.com\/wp-content\/uploads\/2025\/07\/img-20250720-wa0167.jpg\" alt=\"\" width=\"1020\" height=\"459\" \/><\/p>\n<p>Il a ensuite, annonc\u00e9 des actions concr\u00e8tes dans les jours avenir sur le terrain apr\u00e8s la validation de ces bureaux.<\/p>\n<p>\u00ab\u2026nous nous tournons d\u00e9sormais vers l\u2019action concr\u00e8te sur le terrain. Cette action repose sur les bureaux de quartiers, les bureaux de zones et les bureaux communaux, dont la mission sera cruciale dans l\u2019animation de la vie sociale, la sensibilisation \u00e0 nos valeurs communes et la construction d\u2019une dynamique populaire forte, sinc\u00e8re et continue.<\/p>\n<p>Ces structures locales sont les bases de notre organisation. C\u2019est par elles que nous serons \u00e0 l\u2019\u00e9coute des pr\u00e9occupations de nos populations. C\u2019est par elles que les actions prendront leur sens, car elles porteront la voix des familles, des jeunes, des sages, des femmes et de toutes les composantes de nos communaut\u00e9s \u00bb.<\/p>\n<p><img decoding=\"async\" class=\"alignnone size-full wp-image-4029 td-animation-stack-type0-2\" src=\"https:\/\/ledenonciateur224.com\/wp-content\/uploads\/2025\/07\/20250720-172905-scaled.jpg\" alt=\"\" width=\"2560\" height=\"1440\" \/><\/p>\n<p>Pour finir, il a annonc\u00e9 la tenue du forum de Friguiagb\u00e9 pr\u00e9vu en 2026. \u00abNotre ambition ne s\u2019arr\u00eate pas l\u00e0, l\u2019un des moments phares de notre d\u00e9marche est \u00e0 l\u2019horizon. C\u2019est le grand forum de Friguiagb\u00e9 pr\u00e9vu en 2026. Ce forum ne sera pas un simple rassemblement des peuples de LABESANYI-CALADESKA. Non, il porte une vocation nationale, celle de rassembler toutes les populations qui composent la Guin\u00e9e. Car notre histoire, nos traditions et notre r\u00e9alit\u00e9 quotidienne nous montrent que nous sommes un seul peuple aux multiples visages. Les liens de parent\u00e9 ne se limite pas au sang, le voisin a autant de droit que le fr\u00e8re, dit notre sagesse populaire. Et dans nos foyers, les mariages entre populations de diff\u00e9rentes origines ont construit des familles qui d\u00e9passent les barri\u00e8res linguistiques et culturelles, c\u2019est la Guin\u00e9e fraternelle que nous voulons\u00a0\u00bb.<\/p>\n<p>Selon lui,\u00a0 ce forum de 2026, sera organis\u00e9 avec toutes les populations issues de l\u2019Empire Sosso de Kand\u00e8 Galimangu\u00e8 Soumahoro KANTE.<\/p>\n<p><strong>Mohamed Lamine Dram\u00e9<\/strong><\/p>\n<p>&nbsp;<\/p>\n<p>&nbsp;<\/p>\n<p>&nbsp;<\/p>\n<p>&nbsp;<\/p>\n","protected":false},"excerpt":{"rendered":"<p>Sous l\u2019autorit\u00e9 du Kountiguigb\u00e9 de la Basse-Guin\u00e9e, Lab\u00e9sanyi-CALADESKA a proc\u00e9d\u00e9 ce dimanche 20 juillet 2025 au stade de Bonfi \u00e0\u00a0 l&rsquo;installation officiel de son bureau r\u00e9gional. Ce Bureau R\u00e9gional est compos\u00e9 \u00a0d\u2019un bureau central, un bureau des femmes et un bureau de la jeunesse. Prenant la parole, honorable Ibrahima Bangoura, pr\u00e9sident de Lab\u00e9sanyi-Caladeska a d\u00e9clar\u00e9 [&hellip;]<\/p>\n","protected":false},"author":2,"featured_media":36512,"comment_status":"open","ping_status":"closed","sticky":false,"template":"","format":"standard","meta":{"buzzeditor_post_format":"","footnotes":""},"categories":[47],"tags":[],"class_list":["post-36511","post","type-post","status-publish","format-standard","has-post-thumbnail","hentry","category-culture"],"jetpack_featured_media_url":"https:\/\/guineechrono.com\/wp-content\/uploads\/2025\/07\/bureauu.jpg","amp_enabled":true,"_links":{"self":[{"href":"https:\/\/guineechrono.com\/index.php\/wp-json\/wp\/v2\/posts\/36511","targetHints":{"allow":["GET"]}}],"collection":[{"href":"https:\/\/guineechrono.com\/index.php\/wp-json\/wp\/v2\/posts"}],"about":[{"href":"https:\/\/guineechrono.com\/index.php\/wp-json\/wp\/v2\/types\/post"}],"author":[{"embeddable":true,"href":"https:\/\/guineechrono.com\/index.php\/wp-json\/wp\/v2\/users\/2"}],"replies":[{"embeddable":true,"href":"https:\/\/guineechrono.com\/index.php\/wp-json\/wp\/v2\/comments?post=36511"}],"version-history":[{"count":4,"href":"https:\/\/guineechrono.com\/index.php\/wp-json\/wp\/v2\/posts\/36511\/revisions"}],"predecessor-version":[{"id":36516,"href":"https:\/\/guineechrono.com\/index.php\/wp-json\/wp\/v2\/posts\/36511\/revisions\/36516"}],"wp:featuredmedia":[{"embeddable":true,"href":"https:\/\/guineechrono.com\/index.php\/wp-json\/wp\/v2\/media\/36512"}],"wp:attachment":[{"href":"https:\/\/guineechrono.com\/index.php\/wp-json\/wp\/v2\/media?parent=36511"}],"wp:term":[{"taxonomy":"category","embeddable":true,"href":"https:\/\/guineechrono.com\/index.php\/wp-json\/wp\/v2\/categories?post=36511"},{"taxonomy":"post_tag","embeddable":true,"href":"https:\/\/guineechrono.com\/index.php\/wp-json\/wp\/v2\/tags?post=36511"}],"curies":[{"name":"wp","href":"https:\/\/api.w.org\/{rel}","templated":true}]}}