{"id":36521,"date":"2025-07-22T19:02:22","date_gmt":"2025-07-22T18:02:22","guid":{"rendered":"https:\/\/guineechrono.com\/?p=36521"},"modified":"2025-07-24T10:34:44","modified_gmt":"2025-07-24T09:34:44","slug":"forum-du-dialogue-citoyen-les-travaux-de-la-2eme-edition-lances-a-conakry","status":"publish","type":"post","link":"https:\/\/guineechrono.com\/index.php\/forum-du-dialogue-citoyen-les-travaux-de-la-2eme-edition-lances-a-conakry\/","title":{"rendered":"Forum du dialogue citoyen : les travaux de la 2\u00e8me \u00e9dition lanc\u00e9s \u00e0 Conakry"},"content":{"rendered":"<p><strong>Ce mardi 22 juillet 2025 \u00e0 Conakry, les travaux de la deuxi\u00e8me \u00e9dition du forum du dialogue citoyen ont \u00e9t\u00e9 lanc\u00e9s sous le th\u00e8me\u00a0: \u2018\u2019Leadership F\u00e9minin et Responsabilit\u00e9 Citoyenne\u00a0\u00bb.<\/strong><\/p>\n<p>Cette rencontre de deux jours a regroup\u00e9 des femmes leaders des deux g\u00e9n\u00e9rations jeunes et moins jeunes afin de r\u00e9fl\u00e9chir sur les questions li\u00e9es \u00e0 la paix, la coh\u00e9sion sociale et le dialogue inclusif en R\u00e9publique de Guin\u00e9e.<\/p>\n<p>Dans sa communication, Dr S\u00e9kou Koureissy Cond\u00e9, coordinateur national du dialogue citoyen, est revenu sur le th\u00e8me principal de cette deuxi\u00e8me \u00e9dition. \u00ab Nous sommes l\u00e0 aujourd\u2019hui,\u00a0 pour c\u00e9l\u00e9brer\u00a0 le leadership f\u00e9minin, qui pour\u00a0 nous, est un acte moral, sociologique et historique \u00bb.<\/p>\n<p>Selon lui, le leadership f\u00e9minin commence dans la famille, dans le groupe d\u2019\u00e2ge et au sein de la communaut\u00e9. \u00ab Si on\u00a0 ne reconna\u00eet pas la capacit\u00e9\u00a0 des femmes qui se d\u00e9marquent positivement, la vitesse du d\u00e9veloppement sera toujours au ralenti \u00bb, dit-il.<\/p>\n<p>Dans la m\u00eame logique, il a interpell\u00e9 l\u2019Etat et la soci\u00e9t\u00e9 globale \u00e0 donner plus d\u2019importance \u00e0 la place et au r\u00f4le des femmes dans notre soci\u00e9t\u00e9. Il s\u2019agit de reconnaissance des capacit\u00e9s de patience,d&rsquo;endurance et des qualit\u00e9s de travail, de soutien et de d\u00e9passement.<\/p>\n<p>Le Forum du Dialogue Citoyen n\u2019est pas un espace politique ni \u00e9tatique, c\u2019est espace de convergence et de manifestation de la citoyennet\u00e9 \u00bb.<\/p>\n<p>Pour Dr Koureissy Cond\u00e9, l\u2019id\u00e9e de ce forum,\u00a0 c\u2019est de r\u00e9unir l\u2019ensemble\u00a0 des guin\u00e9ennes des atouts sociaux. \u00ab Les femmes leaders doivent \u00eatres associer au processus de d\u00e9veloppement \u00e9conomique et social de notre pays \u00bb, a-t-il ajout\u00e9.<\/p>\n<p>Prenant la parole, Dr Fatou Sikh\u00e9 Camara, porte-parole du GFAG et Synergie des femmes cadres a salu\u00e9 et f\u00e9licit\u00e9 l\u2019initiative de ce Forum du dialogue citoyen.<\/p>\n<p>Selon elle, le choix\u00a0 de la th\u00e9matique de cette deuxi\u00e8me \u00e9dition est d\u2019honorer la cause f\u00e9minine. \u00ab Les femmes\u00a0 qui se battent tous\u00a0 les jours pour la famille,\u00a0 les proches, la communaut\u00e9 et le pays. Le GFAG et la\u00a0 SYNERGIE des Femmes Cadres est\u00a0 \u00e0 sa 38 ann\u00e9es d\u2019existence. Cela veut dire que nous avons de l\u2019exp\u00e9rience et la conviction patriotique et nous\u00a0 devrons continuer \u00e0 contribuer au d\u00e9veloppement socio-\u00e9conomique\u00a0 de ce pays.\u00a0 Aujourd\u2019hui, pour que le pays progresse, on n\u2019a besoin de la participation des femmes guin\u00e9ennes qui ont toujours jou\u00e9 un r\u00f4le d\u00e9terminant dans la consolidation de la paix travers le dialogue \u00bb.<\/p>\n<p><img fetchpriority=\"high\" decoding=\"async\" class=\"attachment-jnews-750x375 size-jnews-750x375 wp-post-image lazyautosizes lazyloaded \" src=\"https:\/\/i0.wp.com\/infochrono.org\/wp-content\/uploads\/2025\/07\/5132ecd7-5f30-4141-bb8b-81920be993af.jpeg?resize=750%2C375&amp;ssl=1\" alt=\"Forum du Dialogue Citoyen : Le leadership f\u00e9minin au c\u0153ur de la coh\u00e9sion sociale en Guin\u00e9e\" width=\"750\" height=\"375\" data-src=\"https:\/\/i0.wp.com\/infochrono.org\/wp-content\/uploads\/2025\/07\/5132ecd7-5f30-4141-bb8b-81920be993af.jpeg?resize=750%2C375&amp;ssl=1\" data-srcset=\"https:\/\/i0.wp.com\/infochrono.org\/wp-content\/uploads\/2025\/07\/5132ecd7-5f30-4141-bb8b-81920be993af.jpeg?resize=360%2C180&amp;ssl=1 360w, https:\/\/i0.wp.com\/infochrono.org\/wp-content\/uploads\/2025\/07\/5132ecd7-5f30-4141-bb8b-81920be993af.jpeg?resize=750%2C375&amp;ssl=1 750w\" data-sizes=\"auto\" data-expand=\"700\" \/><\/p>\n<p>Pour finir,\u00a0 l\u2019ancien Ministre a d\u00e9clar\u00e9 que le d\u00e9veloppement pr\u00f4n\u00e9 par le pr\u00e9sident Mamadi Doumbouya doit int\u00e9resser tout le monde et doit accompagner par tous.<\/p>\n<p>La cl\u00f4ture de cette deuxi\u00e8me \u00e9dition du forum du dialogue citoyen est pr\u00e9vue demain mercredi 23 juillet 2025 \u00e0 l\u2019h\u00f4tel Kaloum.<\/p>\n<p><strong>A Camara \u00a0\u00a0<\/strong><\/p>\n<p>&nbsp;<\/p>\n","protected":false},"excerpt":{"rendered":"<p>Ce mardi 22 juillet 2025 \u00e0 Conakry, les travaux de la deuxi\u00e8me \u00e9dition du forum du dialogue citoyen ont \u00e9t\u00e9 lanc\u00e9s sous le th\u00e8me\u00a0: \u2018\u2019Leadership F\u00e9minin et Responsabilit\u00e9 Citoyenne\u00a0\u00bb. Cette rencontre de deux jours a regroup\u00e9 des femmes leaders des deux g\u00e9n\u00e9rations jeunes et moins jeunes afin de r\u00e9fl\u00e9chir sur les questions li\u00e9es \u00e0 la [&hellip;]<\/p>\n","protected":false},"author":2,"featured_media":36522,"comment_status":"open","ping_status":"closed","sticky":false,"template":"","format":"standard","meta":{"buzzeditor_post_format":"","footnotes":""},"categories":[42],"tags":[],"class_list":["post-36521","post","type-post","status-publish","format-standard","has-post-thumbnail","hentry","category-news"],"jetpack_featured_media_url":"https:\/\/guineechrono.com\/wp-content\/uploads\/2025\/07\/forumss.jpg","amp_enabled":true,"_links":{"self":[{"href":"https:\/\/guineechrono.com\/index.php\/wp-json\/wp\/v2\/posts\/36521","targetHints":{"allow":["GET"]}}],"collection":[{"href":"https:\/\/guineechrono.com\/index.php\/wp-json\/wp\/v2\/posts"}],"about":[{"href":"https:\/\/guineechrono.com\/index.php\/wp-json\/wp\/v2\/types\/post"}],"author":[{"embeddable":true,"href":"https:\/\/guineechrono.com\/index.php\/wp-json\/wp\/v2\/users\/2"}],"replies":[{"embeddable":true,"href":"https:\/\/guineechrono.com\/index.php\/wp-json\/wp\/v2\/comments?post=36521"}],"version-history":[{"count":6,"href":"https:\/\/guineechrono.com\/index.php\/wp-json\/wp\/v2\/posts\/36521\/revisions"}],"predecessor-version":[{"id":36560,"href":"https:\/\/guineechrono.com\/index.php\/wp-json\/wp\/v2\/posts\/36521\/revisions\/36560"}],"wp:featuredmedia":[{"embeddable":true,"href":"https:\/\/guineechrono.com\/index.php\/wp-json\/wp\/v2\/media\/36522"}],"wp:attachment":[{"href":"https:\/\/guineechrono.com\/index.php\/wp-json\/wp\/v2\/media?parent=36521"}],"wp:term":[{"taxonomy":"category","embeddable":true,"href":"https:\/\/guineechrono.com\/index.php\/wp-json\/wp\/v2\/categories?post=36521"},{"taxonomy":"post_tag","embeddable":true,"href":"https:\/\/guineechrono.com\/index.php\/wp-json\/wp\/v2\/tags?post=36521"}],"curies":[{"name":"wp","href":"https:\/\/api.w.org\/{rel}","templated":true}]}}